{"id":983,"date":"2025-01-27T10:29:42","date_gmt":"2025-01-27T09:29:42","guid":{"rendered":"https:\/\/master-crdm.parisnanterre.fr\/blacksheep\/?p=983"},"modified":"2025-02-10T10:22:39","modified_gmt":"2025-02-10T09:22:39","slug":"a-qui-profite-la-guerre-en-republique-democratique-du-congo-rdc","status":"publish","type":"post","link":"https:\/\/master-crdm.parisnanterre.fr\/blacksheep\/a-qui-profite-la-guerre-en-republique-democratique-du-congo-rdc\/","title":{"rendered":"\u00c0 qui profite la guerre en R\u00e9publique D\u00e9mocratique du Congo (RDC) ?"},"content":{"rendered":"\t\t<div data-elementor-type=\"wp-post\" data-elementor-id=\"983\" class=\"elementor elementor-983\">\n\t\t\t\t<div class=\"elementor-element elementor-element-14e7c65e e-flex e-con-boxed e-con e-parent\" data-id=\"14e7c65e\" data-element_type=\"container\" data-e-type=\"container\">\n\t\t\t\t\t<div class=\"e-con-inner\">\n\t\t\t\t<div class=\"elementor-element elementor-element-74fcbf63 elementor-widget elementor-widget-text-editor\" data-id=\"74fcbf63\" data-element_type=\"widget\" data-e-type=\"widget\" data-widget_type=\"text-editor.default\">\n\t\t\t\t<div class=\"elementor-widget-container\">\n\t\t\t\t\t\t\t\t\t<p><\/p>\n<p class=\"has-text-align-right\">Par Camille Mbaya<\/p>\n<p><\/p>\n<p>Lukawu Emmanuel est un Congolais de 63 ans originaire de la province du Bas-Congo situ\u00e9e dans le sud de la R\u00e9publique D\u00e9mocratique du Congo (RDC) et vivant en France. Il nous expose son point de vue sur la situation de son pays.<\/p>\n<p><\/p>\n<p><strong>Quand avez-vous quitt\u00e9 la RDC et pourquoi ?<\/strong><\/p>\n<p><\/p>\n<p>J\u2019ai quitt\u00e9 la RDC en 1989. Au d\u00e9part, c\u2019\u00e9tait pour avoir une bourse d\u2019\u00e9tude, \u00e9tudier en France et vivre ici, j\u2019avais de la famille ici aussi. Mais c\u2019\u00e9tait difficile d\u2019avoir cette bourse d\u2019\u00e9tude, je ne l\u2019ai pas eue et donc j\u2019ai d\u00fb trouver des formations pour ensuite travailler. C\u2019\u00e9tait vraiment pas ce qu\u2019on s\u2019imaginait au pays la France. C\u2019\u00e9tait dur, il fallait avoir ses papiers, c\u2019\u00e9tait long.<\/p>\n<p><\/p>\n<p><strong>Comment expliquez-vous la situation actuelle de la RDC ?<\/strong><\/p>\n<p><\/p>\n<p>La RDC est <a href=\"https:\/\/master-crdm.parisnanterre.fr\/blacksheep\/productions-africaines-et-streaming-le-defi-dune-representation-juste-et-diversifiee\/\">\u00e9conomiquement pill\u00e9e par les Occidentaux<\/a> \u00e0 travers des pays frontaliers qui s\u00e8ment le d\u00e9sordre pour s\u2019accaparer les minerais du pays. L\u2019\u00e9conomie du pays est au plus bas, cons\u00e9quence des interventions occidentales dans le pays.&nbsp;&nbsp;<\/p>\n<p><\/p>\n<p><strong>Qui sont les protagonistes de la guerre au Congo et pourquoi ?<\/strong><\/p>\n<p><\/p>\n<p>La France, les Etats-Unis, la Belgique, la Chine et les pays voisins comme le Rwanda ou le Burundi sont impliqu\u00e9s dans la situation instable du pays et notamment \u00e0 l\u2019Est dans la province du Kivu. Ils pillent les richesses denses du Congo pour s\u2019enrichir, sans se soucier de la population. Les Occidentaux et la Chine ont besoin de passer par des pays africains et voisins pour d\u00e9stabiliser le Congo, c\u2019est pour cela qu\u2019ils utilisent le Rwanda.<\/p>\n<p><\/p>\n<p><strong>Pour certaines personnes, l\u2019instabilit\u00e9 du pays remonte \u00e0 la mort de l\u2019ancien Premier ministre et figure de l\u2019ind\u00e9pendance Patrice Lumumba (1925-1961), pour d\u2019autres \u00e0 la fin du r\u00e8gne du dictateur za\u00efrois Mobutu Sese Seko (1930-1997) ? Qu\u2019en pensez-vous?<\/strong><\/p>\n<p><\/p>\n<p>Oui, c\u2019est d\u00e9j\u00e0 \u00e0 la mort de Patrice Lumumba qu\u2019on a vu les d\u00e9buts de fragilit\u00e9 dans le pays. Pour Mobutu, pourquoi pas, mais c\u2019\u00e9tait d\u00e9j\u00e0 instable pendant son r\u00e8gne. En 1975, l\u2019\u00e9conomie \u00e9tait d\u00e9j\u00e0 en train de chuter. Avant, 1\u20ac \u00e9tait \u00e9gal \u00e0 1 za\u00efre, mais apr\u00e8s le combat de Mohammed Ali contre George Foreman o\u00f9 le Congo avait \u00e9norm\u00e9ment investi, l\u2019\u00e9conomie a commenc\u00e9 \u00e0 chuter. Et d\u00e9j\u00e0 \u00e0 l\u2019\u00e9poque de Mobutu, le Congo \u00e9tait sous l\u2019emprise des Occidentaux, ils ont laiss\u00e9 Mobutu faire ce qu\u2019il voulait certes, mais ce sont aussi les Etats-Unis qui l\u2019ont enlev\u00e9 du pouvoir \u00e0 l\u2019\u00e9poque de Clinton. L\u2019instabilit\u00e9 du Congo et l\u2019emprise des Occidentaux sur notre pays remonte d\u00e9j\u00e0.<\/p>\n<p><\/p>\n<p><strong>De nombreuses campagnes de sensibilisation, des manifestations et boycotts s\u2019organisent par la diaspora congolaise, notamment sur les r\u00e9seaux sociaux. Qu\u2019en pensez-vous ? Est-ce suffisant ?<\/strong><\/p>\n<p><\/p>\n<p>C\u2019est bien, mais ce n\u2019est malheureusement pas suffisant. Il faut d\u00e9j\u00e0 commencer par arr\u00eater de fournir les rebelles venant des pays voisins et financ\u00e9s par les Occidentaux qui tuent et terrorisent les populations de l\u2019Est du pays. Et \u00e7a, c\u2019est au-dessus de nous. Ces rebelles sont pay\u00e9s pour rendre instable le pays. Il faut continuer \u00e0 faire pression, mais \u00e0 notre \u00e9chelle c\u2019est tr\u00e8s compliqu\u00e9.<\/p>\n<p><\/p>\n<p><strong>Comment ressentez-vous la situation de votre pays \u00e0 8h30 d\u2019avion de Kinshasa ? Comment cela vous affecte ?<\/strong><\/p>\n<p><\/p>\n<p>Je me sens impuissant. Ici, en Europe, on voit la r\u00e9alit\u00e9, on est inform\u00e9 par ce qui se passe au pays par quelques m\u00e9dias comme <em>Mediapart<\/em>, mais les m\u00e9dias locaux ne rapportent pas bien ou pas du tout la situation localement, ou alors ils sont cadenass\u00e9s et ne peuvent pas tout divulguer. C\u2019est dur de s\u2019informer.<\/p>\n<p><\/p>\n<p>La situation \u00e9conomique est difficile pour nos familles. Il n\u2019y a pas d\u2019emplois, ou les gens ne sont pas pay\u00e9s pendant de longues p\u00e9riodes. Et puis, l\u2019Etat pille aussi, les Occidentaux peuvent piller au Congo car on a un Etat qui est impuissant et faible face \u00e0 la force occidentale. L\u2019Etat est d\u00e9muni et ne fait pas grand-chose mais en m\u00eame temps profite du syst\u00e8me et les richesses sont mal r\u00e9parties dans le pays.<\/p>\n<p><\/p>\n<p><strong>Que faire pour mobiliser et faire pression sur les hauts dirigeants ?<\/strong><\/p>\n<p><\/p>\n<p>On peut le faire, il y a des groupes organis\u00e9s en Europe comme \u00ab Les combattants \u00bb et d\u2019autres opposants, mais ils se sont intimid\u00e9s et m\u00eame tu\u00e9s ici et en Belgique. Ils sont suivis et interdits de rentrer au pays, c\u2019est vraiment compliqu\u00e9. Les \u00e9lections sont truqu\u00e9es, les Occidentaux mettent des gens au pouvoir et les enl\u00e8vent. Regardez ce qui s\u2019est pass\u00e9 avec Kabila (Laurent-D\u00e9sir\u00e9 Kabila, ndlr.) : il avait des id\u00e9es qui s\u2019alignaient avec Patrice Lumumba, des id\u00e9es marxistes, et il \u00e9tait nationaliste mais il a \u00e9t\u00e9 assassin\u00e9 dans des circonstances tr\u00e8s tr\u00e8s floues. Nous, on soup\u00e7onne aussi l\u2019implication des Occidentaux et du Rwanda dans cet assassinat.<\/p>\n<p><\/p>\n<p><strong>Pensez-vous que les m\u00e9dias occidentaux documentent bien le conflit au Congo ?<\/strong><\/p>\n<p><\/p>\n<p>Non pas du tout, ici aussi ils ne disent pas la v\u00e9rit\u00e9 et ne montrent pas la r\u00e9alit\u00e9. Ils ne parlent pas de l\u2019implication des Occidentaux. Sur TF1 ils ont parl\u00e9 de \u00ab guerre ethnique \u00bb, il n\u2019y a pas de guerre ethnique en RDC ! Il n\u2019y a pas de guerre civile. Il y a un pillage des ressources naturelles par des puissances occidentales avec la complicit\u00e9 des pays voisins.&nbsp;<\/p>\n<p><\/p>\n<p><strong>Avez-vous un espoir pour la r\u00e9solution du conflit un jour ? Pourquoi ?<\/strong><\/p>\n<p><\/p>\n<p>L\u2019espoir oui, il y aura un jour un pr\u00e9sident congolais fort qui pourra tenir t\u00eate aux Occidentaux. Ce n\u2019est pas le cas aujourd\u2019hui et cela permet ce genre de situation. Peut-\u00eatre qu\u2019il y aura un pr\u00e9sident occidental qui y mettra fin, on ne sait jamais. Il nous faut un pr\u00e9sident droit et net, mais je n\u2019ai pas encore vu \u00e7a au Congo. On a un ancien pr\u00e9sident (Joseph Kabila), qui est s\u00e9nateur \u00e0 vie ! O\u00f9 avez-vous vu \u00e7a, vous ? Mais regardez ce qui se passe au Burkina, il y a un pr\u00e9sident qui tient t\u00eate aux Occidentaux et qui veut les faire partir de son territoire, mais voil\u00e0, le pr\u00e9sident est victime de nombreuses tentatives d\u2019attentat aussi.<\/p>\n<p><\/p>\n<p>On ne sait jamais ce qui va se passer, tout peut basculer. J\u2019aurai toujours espoir pour mon pays et peut-\u00eatre qu\u2019avec les prochaines g\u00e9n\u00e9rations, la situation va bouger. C\u2019est peut-\u00eatre pas pour aujourd\u2019hui, mais plus tard.<\/p>\n<p><\/p>\t\t\t\t\t\t\t\t<\/div>\n\t\t\t\t<\/div>\n\t\t\t\t\t<\/div>\n\t\t\t\t<\/div>\n\t\t\t\t<\/div>\n\t\t","protected":false},"excerpt":{"rendered":"<p>Lukawu Emmanuel est un Congolais de 63 ans originaire de la province du Bas-Congo situ\u00e9e dans le sud de la R\u00e9publique D\u00e9mocratique du Congo (RDC) et vivant en France. Il nous expose son point de vue sur la situation de son pays.<\/p>\n","protected":false},"author":9,"featured_media":0,"comment_status":"close","ping_status":"close","sticky":false,"template":"","format":"standard","meta":{"_FSMCFIC_featured_image_caption":"","_FSMCFIC_featured_image_nocaption":"","_FSMCFIC_featured_image_hide":"","footnotes":""},"categories":[23,12],"tags":[],"class_list":["post-983","post","type-post","status-publish","format-standard","hentry","category-edition-2025","category-international"],"yoast_head":"<!-- This site is optimized with the Yoast SEO plugin v24.2 - https:\/\/yoast.com\/wordpress\/plugins\/seo\/ -->\n<title>\u00c0 qui profite la guerre en R\u00e9publique D\u00e9mocratique du Congo (RDC) ? - Black Sheep<\/title>\n<meta name=\"robots\" content=\"index, follow, max-snippet:-1, max-image-preview:large, max-video-preview:-1\" \/>\n<link rel=\"canonical\" href=\"https:\/\/master-crdm.parisnanterre.fr\/blacksheep\/a-qui-profite-la-guerre-en-republique-democratique-du-congo-rdc\/\" \/>\n<meta property=\"og:locale\" content=\"fr_FR\" \/>\n<meta property=\"og:type\" content=\"article\" \/>\n<meta property=\"og:title\" content=\"\u00c0 qui profite la guerre en R\u00e9publique D\u00e9mocratique du Congo (RDC) ? - Black Sheep\" \/>\n<meta property=\"og:description\" content=\"Lukawu Emmanuel est un Congolais de 63 ans originaire de la province du Bas-Congo situ\u00e9e dans le sud de la R\u00e9publique D\u00e9mocratique du Congo (RDC) et vivant en France. Il nous expose son point de vue sur la situation de son pays.\" \/>\n<meta property=\"og:url\" content=\"https:\/\/master-crdm.parisnanterre.fr\/blacksheep\/a-qui-profite-la-guerre-en-republique-democratique-du-congo-rdc\/\" \/>\n<meta property=\"og:site_name\" content=\"Black Sheep\" \/>\n<meta property=\"article:published_time\" content=\"2025-01-27T09:29:42+00:00\" \/>\n<meta property=\"article:modified_time\" content=\"2025-02-10T09:22:39+00:00\" \/>\n<meta name=\"author\" content=\"Camille Mbaya\" \/>\n<meta name=\"twitter:card\" content=\"summary_large_image\" \/>\n<meta name=\"twitter:label1\" content=\"\u00c9crit par\" \/>\n\t<meta name=\"twitter:data1\" content=\"Camille Mbaya\" \/>\n\t<meta name=\"twitter:label2\" content=\"Dur\u00e9e de lecture estim\u00e9e\" \/>\n\t<meta name=\"twitter:data2\" content=\"6 minutes\" \/>\n<script type=\"application\/ld+json\" class=\"yoast-schema-graph\">{\"@context\":\"https:\/\/schema.org\",\"@graph\":[{\"@type\":\"Article\",\"@id\":\"https:\/\/master-crdm.parisnanterre.fr\/blacksheep\/a-qui-profite-la-guerre-en-republique-democratique-du-congo-rdc\/#article\",\"isPartOf\":{\"@id\":\"https:\/\/master-crdm.parisnanterre.fr\/blacksheep\/a-qui-profite-la-guerre-en-republique-democratique-du-congo-rdc\/\"},\"author\":{\"name\":\"Camille Mbaya\",\"@id\":\"https:\/\/master-crdm.parisnanterre.fr\/blacksheep\/#\/schema\/person\/acf77ad3a0b4cfe425d4242197fe1e0b\"},\"headline\":\"\u00c0 qui profite la guerre en R\u00e9publique D\u00e9mocratique du Congo (RDC) ?\",\"datePublished\":\"2025-01-27T09:29:42+00:00\",\"dateModified\":\"2025-02-10T09:22:39+00:00\",\"mainEntityOfPage\":{\"@id\":\"https:\/\/master-crdm.parisnanterre.fr\/blacksheep\/a-qui-profite-la-guerre-en-republique-democratique-du-congo-rdc\/\"},\"wordCount\":1132,\"publisher\":{\"@id\":\"https:\/\/master-crdm.parisnanterre.fr\/blacksheep\/#organization\"},\"articleSection\":[\"\u00c9dition 2025\",\"International\"],\"inLanguage\":\"fr-FR\"},{\"@type\":\"WebPage\",\"@id\":\"https:\/\/master-crdm.parisnanterre.fr\/blacksheep\/a-qui-profite-la-guerre-en-republique-democratique-du-congo-rdc\/\",\"url\":\"https:\/\/master-crdm.parisnanterre.fr\/blacksheep\/a-qui-profite-la-guerre-en-republique-democratique-du-congo-rdc\/\",\"name\":\"\u00c0 qui profite la guerre en R\u00e9publique D\u00e9mocratique du Congo (RDC) ? - Black Sheep\",\"isPartOf\":{\"@id\":\"https:\/\/master-crdm.parisnanterre.fr\/blacksheep\/#website\"},\"datePublished\":\"2025-01-27T09:29:42+00:00\",\"dateModified\":\"2025-02-10T09:22:39+00:00\",\"breadcrumb\":{\"@id\":\"https:\/\/master-crdm.parisnanterre.fr\/blacksheep\/a-qui-profite-la-guerre-en-republique-democratique-du-congo-rdc\/#breadcrumb\"},\"inLanguage\":\"fr-FR\",\"potentialAction\":[{\"@type\":\"ReadAction\",\"target\":[\"https:\/\/master-crdm.parisnanterre.fr\/blacksheep\/a-qui-profite-la-guerre-en-republique-democratique-du-congo-rdc\/\"]}]},{\"@type\":\"BreadcrumbList\",\"@id\":\"https:\/\/master-crdm.parisnanterre.fr\/blacksheep\/a-qui-profite-la-guerre-en-republique-democratique-du-congo-rdc\/#breadcrumb\",\"itemListElement\":[{\"@type\":\"ListItem\",\"position\":1,\"name\":\"Home\",\"item\":\"https:\/\/master-crdm.parisnanterre.fr\/blacksheep\/\"},{\"@type\":\"ListItem\",\"position\":2,\"name\":\"\u00c0 qui profite la guerre en R\u00e9publique D\u00e9mocratique du Congo (RDC) ?\"}]},{\"@type\":\"WebSite\",\"@id\":\"https:\/\/master-crdm.parisnanterre.fr\/blacksheep\/#website\",\"url\":\"https:\/\/master-crdm.parisnanterre.fr\/blacksheep\/\",\"name\":\"Black Sheep\",\"description\":\"Le magazine du master CRDM\",\"publisher\":{\"@id\":\"https:\/\/master-crdm.parisnanterre.fr\/blacksheep\/#organization\"},\"potentialAction\":[{\"@type\":\"SearchAction\",\"target\":{\"@type\":\"EntryPoint\",\"urlTemplate\":\"https:\/\/master-crdm.parisnanterre.fr\/blacksheep\/?s={search_term_string}\"},\"query-input\":{\"@type\":\"PropertyValueSpecification\",\"valueRequired\":true,\"valueName\":\"search_term_string\"}}],\"inLanguage\":\"fr-FR\"},{\"@type\":\"Organization\",\"@id\":\"https:\/\/master-crdm.parisnanterre.fr\/blacksheep\/#organization\",\"name\":\"Black Sheep\",\"url\":\"https:\/\/master-crdm.parisnanterre.fr\/blacksheep\/\",\"logo\":{\"@type\":\"ImageObject\",\"inLanguage\":\"fr-FR\",\"@id\":\"https:\/\/master-crdm.parisnanterre.fr\/blacksheep\/#\/schema\/logo\/image\/\",\"url\":\"https:\/\/master-crdm.parisnanterre.fr\/blacksheep\/wp-content\/uploads\/2024\/01\/LOGO-BLACK-RECTANGLE.png\",\"contentUrl\":\"https:\/\/master-crdm.parisnanterre.fr\/blacksheep\/wp-content\/uploads\/2024\/01\/LOGO-BLACK-RECTANGLE.png\",\"width\":500,\"height\":330,\"caption\":\"Black Sheep\"},\"image\":{\"@id\":\"https:\/\/master-crdm.parisnanterre.fr\/blacksheep\/#\/schema\/logo\/image\/\"}},{\"@type\":\"Person\",\"@id\":\"https:\/\/master-crdm.parisnanterre.fr\/blacksheep\/#\/schema\/person\/acf77ad3a0b4cfe425d4242197fe1e0b\",\"name\":\"Camille Mbaya\",\"image\":{\"@type\":\"ImageObject\",\"inLanguage\":\"fr-FR\",\"@id\":\"https:\/\/master-crdm.parisnanterre.fr\/blacksheep\/#\/schema\/person\/image\/\",\"url\":\"https:\/\/secure.gravatar.com\/avatar\/a8f585ce130c09bb6b0795f2caf79ff0ef8126a3848054df48c34c43ccd293ba?s=96&d=mm&r=g\",\"contentUrl\":\"https:\/\/secure.gravatar.com\/avatar\/a8f585ce130c09bb6b0795f2caf79ff0ef8126a3848054df48c34c43ccd293ba?s=96&d=mm&r=g\",\"caption\":\"Camille Mbaya\"},\"url\":\"https:\/\/master-crdm.parisnanterre.fr\/blacksheep\/author\/camille\/\"}]}<\/script>\n<!-- \/ Yoast SEO plugin. -->","yoast_head_json":{"title":"\u00c0 qui profite la guerre en R\u00e9publique D\u00e9mocratique du Congo (RDC) ? - Black Sheep","robots":{"index":"index","follow":"follow","max-snippet":"max-snippet:-1","max-image-preview":"max-image-preview:large","max-video-preview":"max-video-preview:-1"},"canonical":"https:\/\/master-crdm.parisnanterre.fr\/blacksheep\/a-qui-profite-la-guerre-en-republique-democratique-du-congo-rdc\/","og_locale":"fr_FR","og_type":"article","og_title":"\u00c0 qui profite la guerre en R\u00e9publique D\u00e9mocratique du Congo (RDC) ? - Black Sheep","og_description":"Lukawu Emmanuel est un Congolais de 63 ans originaire de la province du Bas-Congo situ\u00e9e dans le sud de la R\u00e9publique D\u00e9mocratique du Congo (RDC) et vivant en France. Il nous expose son point de vue sur la situation de son pays.","og_url":"https:\/\/master-crdm.parisnanterre.fr\/blacksheep\/a-qui-profite-la-guerre-en-republique-democratique-du-congo-rdc\/","og_site_name":"Black Sheep","article_published_time":"2025-01-27T09:29:42+00:00","article_modified_time":"2025-02-10T09:22:39+00:00","author":"Camille Mbaya","twitter_card":"summary_large_image","twitter_misc":{"\u00c9crit par":"Camille Mbaya","Dur\u00e9e de lecture estim\u00e9e":"6 minutes"},"schema":{"@context":"https:\/\/schema.org","@graph":[{"@type":"Article","@id":"https:\/\/master-crdm.parisnanterre.fr\/blacksheep\/a-qui-profite-la-guerre-en-republique-democratique-du-congo-rdc\/#article","isPartOf":{"@id":"https:\/\/master-crdm.parisnanterre.fr\/blacksheep\/a-qui-profite-la-guerre-en-republique-democratique-du-congo-rdc\/"},"author":{"name":"Camille Mbaya","@id":"https:\/\/master-crdm.parisnanterre.fr\/blacksheep\/#\/schema\/person\/acf77ad3a0b4cfe425d4242197fe1e0b"},"headline":"\u00c0 qui profite la guerre en R\u00e9publique D\u00e9mocratique du Congo (RDC) ?","datePublished":"2025-01-27T09:29:42+00:00","dateModified":"2025-02-10T09:22:39+00:00","mainEntityOfPage":{"@id":"https:\/\/master-crdm.parisnanterre.fr\/blacksheep\/a-qui-profite-la-guerre-en-republique-democratique-du-congo-rdc\/"},"wordCount":1132,"publisher":{"@id":"https:\/\/master-crdm.parisnanterre.fr\/blacksheep\/#organization"},"articleSection":["\u00c9dition 2025","International"],"inLanguage":"fr-FR"},{"@type":"WebPage","@id":"https:\/\/master-crdm.parisnanterre.fr\/blacksheep\/a-qui-profite-la-guerre-en-republique-democratique-du-congo-rdc\/","url":"https:\/\/master-crdm.parisnanterre.fr\/blacksheep\/a-qui-profite-la-guerre-en-republique-democratique-du-congo-rdc\/","name":"\u00c0 qui profite la guerre en R\u00e9publique D\u00e9mocratique du Congo (RDC) ? - Black Sheep","isPartOf":{"@id":"https:\/\/master-crdm.parisnanterre.fr\/blacksheep\/#website"},"datePublished":"2025-01-27T09:29:42+00:00","dateModified":"2025-02-10T09:22:39+00:00","breadcrumb":{"@id":"https:\/\/master-crdm.parisnanterre.fr\/blacksheep\/a-qui-profite-la-guerre-en-republique-democratique-du-congo-rdc\/#breadcrumb"},"inLanguage":"fr-FR","potentialAction":[{"@type":"ReadAction","target":["https:\/\/master-crdm.parisnanterre.fr\/blacksheep\/a-qui-profite-la-guerre-en-republique-democratique-du-congo-rdc\/"]}]},{"@type":"BreadcrumbList","@id":"https:\/\/master-crdm.parisnanterre.fr\/blacksheep\/a-qui-profite-la-guerre-en-republique-democratique-du-congo-rdc\/#breadcrumb","itemListElement":[{"@type":"ListItem","position":1,"name":"Home","item":"https:\/\/master-crdm.parisnanterre.fr\/blacksheep\/"},{"@type":"ListItem","position":2,"name":"\u00c0 qui profite la guerre en R\u00e9publique D\u00e9mocratique du Congo (RDC) ?"}]},{"@type":"WebSite","@id":"https:\/\/master-crdm.parisnanterre.fr\/blacksheep\/#website","url":"https:\/\/master-crdm.parisnanterre.fr\/blacksheep\/","name":"Black Sheep","description":"Le magazine du master CRDM","publisher":{"@id":"https:\/\/master-crdm.parisnanterre.fr\/blacksheep\/#organization"},"potentialAction":[{"@type":"SearchAction","target":{"@type":"EntryPoint","urlTemplate":"https:\/\/master-crdm.parisnanterre.fr\/blacksheep\/?s={search_term_string}"},"query-input":{"@type":"PropertyValueSpecification","valueRequired":true,"valueName":"search_term_string"}}],"inLanguage":"fr-FR"},{"@type":"Organization","@id":"https:\/\/master-crdm.parisnanterre.fr\/blacksheep\/#organization","name":"Black Sheep","url":"https:\/\/master-crdm.parisnanterre.fr\/blacksheep\/","logo":{"@type":"ImageObject","inLanguage":"fr-FR","@id":"https:\/\/master-crdm.parisnanterre.fr\/blacksheep\/#\/schema\/logo\/image\/","url":"https:\/\/master-crdm.parisnanterre.fr\/blacksheep\/wp-content\/uploads\/2024\/01\/LOGO-BLACK-RECTANGLE.png","contentUrl":"https:\/\/master-crdm.parisnanterre.fr\/blacksheep\/wp-content\/uploads\/2024\/01\/LOGO-BLACK-RECTANGLE.png","width":500,"height":330,"caption":"Black Sheep"},"image":{"@id":"https:\/\/master-crdm.parisnanterre.fr\/blacksheep\/#\/schema\/logo\/image\/"}},{"@type":"Person","@id":"https:\/\/master-crdm.parisnanterre.fr\/blacksheep\/#\/schema\/person\/acf77ad3a0b4cfe425d4242197fe1e0b","name":"Camille Mbaya","image":{"@type":"ImageObject","inLanguage":"fr-FR","@id":"https:\/\/master-crdm.parisnanterre.fr\/blacksheep\/#\/schema\/person\/image\/","url":"https:\/\/secure.gravatar.com\/avatar\/a8f585ce130c09bb6b0795f2caf79ff0ef8126a3848054df48c34c43ccd293ba?s=96&d=mm&r=g","contentUrl":"https:\/\/secure.gravatar.com\/avatar\/a8f585ce130c09bb6b0795f2caf79ff0ef8126a3848054df48c34c43ccd293ba?s=96&d=mm&r=g","caption":"Camille Mbaya"},"url":"https:\/\/master-crdm.parisnanterre.fr\/blacksheep\/author\/camille\/"}]}},"_links":{"self":[{"href":"https:\/\/master-crdm.parisnanterre.fr\/blacksheep\/wp-json\/wp\/v2\/posts\/983","targetHints":{"allow":["GET"]}}],"collection":[{"href":"https:\/\/master-crdm.parisnanterre.fr\/blacksheep\/wp-json\/wp\/v2\/posts"}],"about":[{"href":"https:\/\/master-crdm.parisnanterre.fr\/blacksheep\/wp-json\/wp\/v2\/types\/post"}],"author":[{"embeddable":true,"href":"https:\/\/master-crdm.parisnanterre.fr\/blacksheep\/wp-json\/wp\/v2\/users\/9"}],"replies":[{"embeddable":true,"href":"https:\/\/master-crdm.parisnanterre.fr\/blacksheep\/wp-json\/wp\/v2\/comments?post=983"}],"version-history":[{"count":10,"href":"https:\/\/master-crdm.parisnanterre.fr\/blacksheep\/wp-json\/wp\/v2\/posts\/983\/revisions"}],"predecessor-version":[{"id":1483,"href":"https:\/\/master-crdm.parisnanterre.fr\/blacksheep\/wp-json\/wp\/v2\/posts\/983\/revisions\/1483"}],"wp:attachment":[{"href":"https:\/\/master-crdm.parisnanterre.fr\/blacksheep\/wp-json\/wp\/v2\/media?parent=983"}],"wp:term":[{"taxonomy":"category","embeddable":true,"href":"https:\/\/master-crdm.parisnanterre.fr\/blacksheep\/wp-json\/wp\/v2\/categories?post=983"},{"taxonomy":"post_tag","embeddable":true,"href":"https:\/\/master-crdm.parisnanterre.fr\/blacksheep\/wp-json\/wp\/v2\/tags?post=983"}],"curies":[{"name":"wp","href":"https:\/\/api.w.org\/{rel}","templated":true}]}}