{"id":801,"date":"2025-01-26T20:52:34","date_gmt":"2025-01-26T19:52:34","guid":{"rendered":"https:\/\/master-crdm.parisnanterre.fr\/blacksheep\/?p=801"},"modified":"2025-01-27T10:27:41","modified_gmt":"2025-01-27T09:27:41","slug":"quand-tiktok-se-met-a-la-politique","status":"publish","type":"post","link":"https:\/\/master-crdm.parisnanterre.fr\/blacksheep\/quand-tiktok-se-met-a-la-politique\/","title":{"rendered":"Quand TikTok se met \u00e0 la politique"},"content":{"rendered":"\t\t<div data-elementor-type=\"wp-post\" data-elementor-id=\"801\" class=\"elementor elementor-801\">\n\t\t\t\t<div class=\"elementor-element elementor-element-328b28e1 e-flex e-con-boxed e-con e-parent\" data-id=\"328b28e1\" data-element_type=\"container\" data-e-type=\"container\">\n\t\t\t\t\t<div class=\"e-con-inner\">\n\t\t\t\t<div class=\"elementor-element elementor-element-457ee5ca elementor-widget elementor-widget-text-editor\" data-id=\"457ee5ca\" data-element_type=\"widget\" data-e-type=\"widget\" data-widget_type=\"text-editor.default\">\n\t\t\t\t<div class=\"elementor-widget-container\">\n\t\t\t\t\t\t\t\t\t<p class=\"has-text-align-right\">Par Fathia Knis<\/p>\n<p><!-- \/wp:paragraph --><!-- wp:paragraph --><\/p>\n<p><strong>Il y a quelques semaines, le monde entier a suivi l\u2019\u00e9lection pr\u00e9sidentielle am\u00e9ricaine. Sur les r\u00e9seaux sociaux, la campagne a aussi battu son plein : TikTok s\u2019est transform\u00e9 en un v\u00e9ritable terrain de jeu et un enjeu important.<\/strong><\/p>\n<p><!-- \/wp:paragraph --><!-- wp:paragraph --><\/p>\n<p>Les r\u00e9sultats des derni\u00e8res \u00e9lections pr\u00e9sidentielles am\u00e9ricaines ont prouv\u00e9 que les jeunes ont su se mobiliser, un ph\u00e9nom\u00e8ne qui s\u2019est largement fait ressentir sur l\u2019application TikTok. Entre humour et d\u00e9tournement pour oublier le stress d\u00fb aux r\u00e9sultats serr\u00e9s, des millions de vid\u00e9os sont devenues virales dans le monde entier \u00e0 ce sujet.<\/p>\n<p><!-- \/wp:paragraph --><!-- wp:heading --><\/p>\n<h2 class=\"wp-block-heading\"><strong>La politique am\u00e9ricaine sur la place publique de TikTok<\/strong><\/h2>\n<p><!-- \/wp:heading --><!-- wp:paragraph --><\/p>\n<p>\u00ab <em>Bien s\u00fbr, TikTok n\u2019est pas l\u2019appli de r\u00e9f\u00e9rence pour les infos ou la politique<\/em> \u00bb, reconna\u00eet Michael Beckerman, le vice-pr\u00e9sident charg\u00e9 des r\u00e8glements am\u00e9ricains pour l\u2019entreprise. C\u2019est vrai, mais pour la nouvelle g\u00e9n\u00e9ration, l\u2019application est un lieu o\u00f9 tous les sujets peuvent \u00eatre trait\u00e9s, qu\u2019ils soient politiques ou non, du moment que cela peut faire \u00e9voluer les choses.<\/p>\n<p><!-- \/wp:paragraph --><!-- wp:paragraph --><\/p>\n<p>Depuis quelques mois, Claudia Conway, une adolescente de 15 ans, est devenue une v\u00e9ritable figure contre la politique de <a href=\"https:\/\/master-crdm.parisnanterre.fr\/blacksheep\/joe-biden-elu-president-donald-trump-multiplie-les-recours-en-justice\/\">Donald Trump<\/a> aupr\u00e8s des jeunes. Suivie par 1,5 million d\u2019utilisateurs sur TikTok, elle publie, entre autres, des vid\u00e9os o\u00f9 elle donne son avis sur la politique du pr\u00e9sident sortant.<\/p>\n<p><!-- \/wp:paragraph --><!-- wp:paragraph --><\/p>\n<p>La notori\u00e9t\u00e9 grandissante de Claudia Conway embarrasse la Maison Blanche pour une raison bien particuli\u00e8re : elle est \u00e9galement la fille de Kellyanne Conway, qui \u00e9tait la porte-parole de Donald Trump il y a encore quelques mois.<\/p>\n<p><!-- \/wp:paragraph --><!-- wp:paragraph --><\/p>\n<p>Tr\u00e8s r\u00e9guli\u00e8rement, Claudia reproche et critique publiquement sa m\u00e8re au travers de vid\u00e9os de plus en plus relay\u00e9es, comment\u00e9es, et diffus\u00e9es \u00e0 la t\u00e9l\u00e9vision am\u00e9ricaine. Derni\u00e8rement, elle a encourag\u00e9 sa communaut\u00e9 \u00e0 voter pour le parti d\u00e9mocrate.<\/p>\n<p><!-- \/wp:paragraph --><!-- wp:heading --><\/p>\n<h2 class=\"wp-block-heading\"><strong>Un guide made in TikTok pour les \u00e9lections<\/strong><\/h2>\n<p><!-- \/wp:heading --><!-- wp:paragraph --><\/p>\n<p>Comme le font d\u00e9j\u00e0 d\u2019autres plateformes comme <a href=\"https:\/\/master-crdm.parisnanterre.fr\/blacksheep\/meta-et-lia-vers-des-reseaux-sociaux-deshumanises\/\">Facebook<\/a>, Twitter ou YouTube, TikTok a lanc\u00e9 en octobre dernier son \u00ab guide sur les \u00e9lections \u00bb. Il donne \u00e0 ses utilisateurs des informations sur les candidats et explique la proc\u00e9dure \u00e0 suivre pour voter. L\u2019ensemble de ces contenus sont fournis par les autorit\u00e9s ou d\u2019autres organisations ind\u00e9pendantes.<\/p>\n<p><!-- \/wp:paragraph --><!-- wp:paragraph --><\/p>\n<p>Ce guide est d\u2019autant plus important avec le contexte tendu entre l\u2019application, qui appartient au groupe chinois ByteDance, et Donald Trump.<\/p>\n<p><!-- \/wp:paragraph --><!-- wp:paragraph --><\/p>\n<p>\u00c0 l\u2019inverse de Facebook, lourdement critiqu\u00e9 pour avoir autoris\u00e9 la diffusion de publicit\u00e9 politique en 2016, TikTok assure ne pas accepter ce type de contenu. Michael Beckerman assure qu\u2019ils sont \u00ab <em>conscients que la plateforme est un lieu o\u00f9 les Am\u00e9ricains s\u2019expriment. C\u2019est avec cette r\u00e9alit\u00e9 \u00e0 l\u2019esprit que le guide sur les \u00e9lections est un soutien pour les utilisateurs en leur partageant des informations cl\u00e9s sur des sujets importants pour le d\u00e9bat public. <\/em>\u00bb<\/p>\n<p><!-- \/wp:paragraph --><!-- wp:paragraph --><\/p>\n<h2><strong>TikTok, une strat\u00e9gie gagnante pour les \u00e9lections pr\u00e9sidentielles de 2022 ?<\/strong><\/h2>\n<p><!-- \/wp:paragraph --><!-- wp:paragraph --><\/p>\n<p>En France, depuis le 1er confinement, l\u2019application TikTok a rencontr\u00e9 un v\u00e9ritable succ\u00e8s. D\u2019apr\u00e8s M\u00e9diam\u00e9trie, en mai dernier, pr\u00e8s de 11 millions de Fran\u00e7ais ont consult\u00e9 l\u2019application et la moyenne d\u2019\u00e2ge s\u2019\u00e9l\u00e8ve \u00e0 27 ans, de quoi attirer les politiques. Les \u00e9lections pr\u00e9sidentielles de 2022 sont encore loin, mais certains candidats ont bien compris que pour toucher le jeune \u00e9lectorat, il fallait s\u2019initier \u00e0 TikTok, la plateforme de r\u00e9f\u00e9rence du moment. Les ann\u00e9es passent mais les politiques ont toujours la m\u00eame probl\u00e9matique qui revient, \u00e0 savoir comment toucher les jeunes ? Au-del\u00e0 de s\u2019adresser \u00e0 eux en ma\u00eetrisant leur codes, il faut les faire agir.<\/p>\n<p><!-- \/wp:paragraph --><!-- wp:paragraph --><\/p>\n<p>La premi\u00e8re personnalit\u00e9 politique \u00e0 s\u2019\u00eatre lanc\u00e9e sur TikTok n\u2019est autre que le pr\u00e9sident de la R\u00e9publique, Emmanuel Macron. Le 7 juillet dernier, \u00e0 l\u2019occasion des r\u00e9sultats du Baccalaur\u00e9at, il a d\u00e9cid\u00e9 de s\u2019adresser aux jeunes bacheliers au travers d\u2019une courte vid\u00e9o publi\u00e9e sur son compte. Un message de f\u00e9licitations, simple et efficace puisque la vid\u00e9o a \u00e9t\u00e9 visionn\u00e9e par 11 millions d\u2019utilisateurs.<\/p>\n<p><!-- \/wp:paragraph --><!-- wp:paragraph --><\/p>\n<p>Imm\u00e9diatement, Jean-Luc-M\u00e9lenchon s\u2019est lui aussi lanc\u00e9 sur l\u2019application. Comme \u00e0 sa grande habitude, le d\u00e9put\u00e9 des Bouches-du-Rh\u00f4ne a choisi de se diff\u00e9rencier d\u2019Emmanuel Macron en misant sur l\u2019humour. Dans ses vid\u00e9os, il reprend des chansons tendances \u00e9cout\u00e9es par la jeune g\u00e9n\u00e9ration et n\u2019h\u00e9site pas \u00e9galement \u00e0 tacler ses concurrents en faisant r\u00e9f\u00e9rence \u00e0 des sujets politiques d\u2019actualit\u00e9s. Les vid\u00e9os font rire mais elles sont \u00e9galement moqu\u00e9es par certains. Pour le candidat de la France Insoumise, peu importe les r\u00e9actions, pour lui, la m\u00e9thode de l\u2019humour est plus efficace qu\u2019un discours de Macron. Il faudra attendre 2022 pour savoir si la strat\u00e9gie politique men\u00e9e sur TikTok aura port\u00e9 ses fruits et se fera ressentir dans les urnes.<\/p>\n<p><!-- \/wp:paragraph --><\/p>\t\t\t\t\t\t\t\t<\/div>\n\t\t\t\t<\/div>\n\t\t\t\t\t<\/div>\n\t\t\t\t<\/div>\n\t\t\t\t<\/div>\n\t\t","protected":false},"excerpt":{"rendered":"<p>Il y a quelques semaines, le monde entier a suivi l\u2019\u00e9lection pr\u00e9sidentielle am\u00e9ricaine. Sur les r\u00e9seaux sociaux, la campagne a aussi battu son plein : TikTok s\u2019est transform\u00e9 en un v\u00e9ritable terrain de jeu et un enjeu important.<\/p>\n","protected":false},"author":8,"featured_media":984,"comment_status":"close","ping_status":"close","sticky":false,"template":"","format":"standard","meta":{"_FSMCFIC_featured_image_caption":"","_FSMCFIC_featured_image_nocaption":"","_FSMCFIC_featured_image_hide":"","footnotes":""},"categories":[18,6],"tags":[],"class_list":["post-801","post","type-post","status-publish","format-standard","has-post-thumbnail","hentry","category-edition-2021","category-politique"],"yoast_head":"<!-- This site is optimized with the Yoast SEO plugin v24.2 - https:\/\/yoast.com\/wordpress\/plugins\/seo\/ -->\n<title>Quand TikTok se met \u00e0 la politique - Black Sheep<\/title>\n<meta name=\"robots\" content=\"index, follow, max-snippet:-1, max-image-preview:large, max-video-preview:-1\" \/>\n<link rel=\"canonical\" href=\"https:\/\/master-crdm.parisnanterre.fr\/blacksheep\/quand-tiktok-se-met-a-la-politique\/\" \/>\n<meta property=\"og:locale\" content=\"fr_FR\" \/>\n<meta property=\"og:type\" content=\"article\" \/>\n<meta property=\"og:title\" content=\"Quand TikTok se met \u00e0 la politique - Black Sheep\" \/>\n<meta property=\"og:description\" content=\"Il y a quelques semaines, le monde entier a suivi l\u2019\u00e9lection pr\u00e9sidentielle am\u00e9ricaine. Sur les r\u00e9seaux sociaux, la campagne a aussi battu son plein : TikTok s\u2019est transform\u00e9 en un v\u00e9ritable terrain de jeu et un enjeu important.\" \/>\n<meta property=\"og:url\" content=\"https:\/\/master-crdm.parisnanterre.fr\/blacksheep\/quand-tiktok-se-met-a-la-politique\/\" \/>\n<meta property=\"og:site_name\" content=\"Black Sheep\" \/>\n<meta property=\"article:published_time\" content=\"2025-01-26T19:52:34+00:00\" \/>\n<meta property=\"article:modified_time\" content=\"2025-01-27T09:27:41+00:00\" \/>\n<meta property=\"og:image\" content=\"https:\/\/master-crdm.parisnanterre.fr\/blacksheep\/wp-content\/uploads\/2025\/01\/pexels-cottonbro-5081930-scaled.jpg\" \/>\n\t<meta property=\"og:image:width\" content=\"2560\" \/>\n\t<meta property=\"og:image:height\" content=\"1707\" \/>\n\t<meta property=\"og:image:type\" content=\"image\/jpeg\" \/>\n<meta name=\"author\" content=\"Ivanha AIT GOUGAN\" \/>\n<meta name=\"twitter:card\" content=\"summary_large_image\" \/>\n<meta name=\"twitter:label1\" content=\"\u00c9crit par\" \/>\n\t<meta name=\"twitter:data1\" content=\"Ivanha AIT GOUGAN\" \/>\n\t<meta name=\"twitter:label2\" content=\"Dur\u00e9e de lecture estim\u00e9e\" \/>\n\t<meta name=\"twitter:data2\" content=\"4 minutes\" \/>\n<script type=\"application\/ld+json\" class=\"yoast-schema-graph\">{\"@context\":\"https:\/\/schema.org\",\"@graph\":[{\"@type\":\"Article\",\"@id\":\"https:\/\/master-crdm.parisnanterre.fr\/blacksheep\/quand-tiktok-se-met-a-la-politique\/#article\",\"isPartOf\":{\"@id\":\"https:\/\/master-crdm.parisnanterre.fr\/blacksheep\/quand-tiktok-se-met-a-la-politique\/\"},\"author\":{\"name\":\"Ivanha AIT GOUGAN\",\"@id\":\"https:\/\/master-crdm.parisnanterre.fr\/blacksheep\/#\/schema\/person\/5fa00def1070a27c834e3eb344009cf1\"},\"headline\":\"Quand TikTok se met \u00e0 la politique\",\"datePublished\":\"2025-01-26T19:52:34+00:00\",\"dateModified\":\"2025-01-27T09:27:41+00:00\",\"mainEntityOfPage\":{\"@id\":\"https:\/\/master-crdm.parisnanterre.fr\/blacksheep\/quand-tiktok-se-met-a-la-politique\/\"},\"wordCount\":849,\"publisher\":{\"@id\":\"https:\/\/master-crdm.parisnanterre.fr\/blacksheep\/#organization\"},\"image\":{\"@id\":\"https:\/\/master-crdm.parisnanterre.fr\/blacksheep\/quand-tiktok-se-met-a-la-politique\/#primaryimage\"},\"thumbnailUrl\":\"https:\/\/master-crdm.parisnanterre.fr\/blacksheep\/wp-content\/uploads\/2025\/01\/pexels-cottonbro-5081930-scaled.jpg\",\"articleSection\":[\"\u00c9dition 2021\",\"Politique\"],\"inLanguage\":\"fr-FR\"},{\"@type\":\"WebPage\",\"@id\":\"https:\/\/master-crdm.parisnanterre.fr\/blacksheep\/quand-tiktok-se-met-a-la-politique\/\",\"url\":\"https:\/\/master-crdm.parisnanterre.fr\/blacksheep\/quand-tiktok-se-met-a-la-politique\/\",\"name\":\"Quand TikTok se met \u00e0 la politique - Black Sheep\",\"isPartOf\":{\"@id\":\"https:\/\/master-crdm.parisnanterre.fr\/blacksheep\/#website\"},\"primaryImageOfPage\":{\"@id\":\"https:\/\/master-crdm.parisnanterre.fr\/blacksheep\/quand-tiktok-se-met-a-la-politique\/#primaryimage\"},\"image\":{\"@id\":\"https:\/\/master-crdm.parisnanterre.fr\/blacksheep\/quand-tiktok-se-met-a-la-politique\/#primaryimage\"},\"thumbnailUrl\":\"https:\/\/master-crdm.parisnanterre.fr\/blacksheep\/wp-content\/uploads\/2025\/01\/pexels-cottonbro-5081930-scaled.jpg\",\"datePublished\":\"2025-01-26T19:52:34+00:00\",\"dateModified\":\"2025-01-27T09:27:41+00:00\",\"breadcrumb\":{\"@id\":\"https:\/\/master-crdm.parisnanterre.fr\/blacksheep\/quand-tiktok-se-met-a-la-politique\/#breadcrumb\"},\"inLanguage\":\"fr-FR\",\"potentialAction\":[{\"@type\":\"ReadAction\",\"target\":[\"https:\/\/master-crdm.parisnanterre.fr\/blacksheep\/quand-tiktok-se-met-a-la-politique\/\"]}]},{\"@type\":\"ImageObject\",\"inLanguage\":\"fr-FR\",\"@id\":\"https:\/\/master-crdm.parisnanterre.fr\/blacksheep\/quand-tiktok-se-met-a-la-politique\/#primaryimage\",\"url\":\"https:\/\/master-crdm.parisnanterre.fr\/blacksheep\/wp-content\/uploads\/2025\/01\/pexels-cottonbro-5081930-scaled.jpg\",\"contentUrl\":\"https:\/\/master-crdm.parisnanterre.fr\/blacksheep\/wp-content\/uploads\/2025\/01\/pexels-cottonbro-5081930-scaled.jpg\",\"width\":2560,\"height\":1707,\"caption\":\"Tiktok devient politique? | Pexels\"},{\"@type\":\"BreadcrumbList\",\"@id\":\"https:\/\/master-crdm.parisnanterre.fr\/blacksheep\/quand-tiktok-se-met-a-la-politique\/#breadcrumb\",\"itemListElement\":[{\"@type\":\"ListItem\",\"position\":1,\"name\":\"Home\",\"item\":\"https:\/\/master-crdm.parisnanterre.fr\/blacksheep\/\"},{\"@type\":\"ListItem\",\"position\":2,\"name\":\"Quand TikTok se met \u00e0 la politique\"}]},{\"@type\":\"WebSite\",\"@id\":\"https:\/\/master-crdm.parisnanterre.fr\/blacksheep\/#website\",\"url\":\"https:\/\/master-crdm.parisnanterre.fr\/blacksheep\/\",\"name\":\"Black Sheep\",\"description\":\"Le magazine du master CRDM\",\"publisher\":{\"@id\":\"https:\/\/master-crdm.parisnanterre.fr\/blacksheep\/#organization\"},\"potentialAction\":[{\"@type\":\"SearchAction\",\"target\":{\"@type\":\"EntryPoint\",\"urlTemplate\":\"https:\/\/master-crdm.parisnanterre.fr\/blacksheep\/?s={search_term_string}\"},\"query-input\":{\"@type\":\"PropertyValueSpecification\",\"valueRequired\":true,\"valueName\":\"search_term_string\"}}],\"inLanguage\":\"fr-FR\"},{\"@type\":\"Organization\",\"@id\":\"https:\/\/master-crdm.parisnanterre.fr\/blacksheep\/#organization\",\"name\":\"Black Sheep\",\"url\":\"https:\/\/master-crdm.parisnanterre.fr\/blacksheep\/\",\"logo\":{\"@type\":\"ImageObject\",\"inLanguage\":\"fr-FR\",\"@id\":\"https:\/\/master-crdm.parisnanterre.fr\/blacksheep\/#\/schema\/logo\/image\/\",\"url\":\"https:\/\/master-crdm.parisnanterre.fr\/blacksheep\/wp-content\/uploads\/2024\/01\/LOGO-BLACK-RECTANGLE.png\",\"contentUrl\":\"https:\/\/master-crdm.parisnanterre.fr\/blacksheep\/wp-content\/uploads\/2024\/01\/LOGO-BLACK-RECTANGLE.png\",\"width\":500,\"height\":330,\"caption\":\"Black Sheep\"},\"image\":{\"@id\":\"https:\/\/master-crdm.parisnanterre.fr\/blacksheep\/#\/schema\/logo\/image\/\"}},{\"@type\":\"Person\",\"@id\":\"https:\/\/master-crdm.parisnanterre.fr\/blacksheep\/#\/schema\/person\/5fa00def1070a27c834e3eb344009cf1\",\"name\":\"Ivanha AIT GOUGAN\",\"image\":{\"@type\":\"ImageObject\",\"inLanguage\":\"fr-FR\",\"@id\":\"https:\/\/master-crdm.parisnanterre.fr\/blacksheep\/#\/schema\/person\/image\/\",\"url\":\"https:\/\/secure.gravatar.com\/avatar\/c96d4fa07b65e7958d603acc7d6ea195f5348b7706724aade40260dafc06d10d?s=96&d=mm&r=g\",\"contentUrl\":\"https:\/\/secure.gravatar.com\/avatar\/c96d4fa07b65e7958d603acc7d6ea195f5348b7706724aade40260dafc06d10d?s=96&d=mm&r=g\",\"caption\":\"Ivanha AIT GOUGAN\"},\"url\":\"https:\/\/master-crdm.parisnanterre.fr\/blacksheep\/author\/ivanha\/\"}]}<\/script>\n<!-- \/ Yoast SEO plugin. -->","yoast_head_json":{"title":"Quand TikTok se met \u00e0 la politique - Black Sheep","robots":{"index":"index","follow":"follow","max-snippet":"max-snippet:-1","max-image-preview":"max-image-preview:large","max-video-preview":"max-video-preview:-1"},"canonical":"https:\/\/master-crdm.parisnanterre.fr\/blacksheep\/quand-tiktok-se-met-a-la-politique\/","og_locale":"fr_FR","og_type":"article","og_title":"Quand TikTok se met \u00e0 la politique - Black Sheep","og_description":"Il y a quelques semaines, le monde entier a suivi l\u2019\u00e9lection pr\u00e9sidentielle am\u00e9ricaine. Sur les r\u00e9seaux sociaux, la campagne a aussi battu son plein : TikTok s\u2019est transform\u00e9 en un v\u00e9ritable terrain de jeu et un enjeu important.","og_url":"https:\/\/master-crdm.parisnanterre.fr\/blacksheep\/quand-tiktok-se-met-a-la-politique\/","og_site_name":"Black Sheep","article_published_time":"2025-01-26T19:52:34+00:00","article_modified_time":"2025-01-27T09:27:41+00:00","og_image":[{"width":2560,"height":1707,"url":"https:\/\/master-crdm.parisnanterre.fr\/blacksheep\/wp-content\/uploads\/2025\/01\/pexels-cottonbro-5081930-scaled.jpg","type":"image\/jpeg"}],"author":"Ivanha AIT GOUGAN","twitter_card":"summary_large_image","twitter_misc":{"\u00c9crit par":"Ivanha AIT GOUGAN","Dur\u00e9e de lecture estim\u00e9e":"4 minutes"},"schema":{"@context":"https:\/\/schema.org","@graph":[{"@type":"Article","@id":"https:\/\/master-crdm.parisnanterre.fr\/blacksheep\/quand-tiktok-se-met-a-la-politique\/#article","isPartOf":{"@id":"https:\/\/master-crdm.parisnanterre.fr\/blacksheep\/quand-tiktok-se-met-a-la-politique\/"},"author":{"name":"Ivanha AIT GOUGAN","@id":"https:\/\/master-crdm.parisnanterre.fr\/blacksheep\/#\/schema\/person\/5fa00def1070a27c834e3eb344009cf1"},"headline":"Quand TikTok se met \u00e0 la politique","datePublished":"2025-01-26T19:52:34+00:00","dateModified":"2025-01-27T09:27:41+00:00","mainEntityOfPage":{"@id":"https:\/\/master-crdm.parisnanterre.fr\/blacksheep\/quand-tiktok-se-met-a-la-politique\/"},"wordCount":849,"publisher":{"@id":"https:\/\/master-crdm.parisnanterre.fr\/blacksheep\/#organization"},"image":{"@id":"https:\/\/master-crdm.parisnanterre.fr\/blacksheep\/quand-tiktok-se-met-a-la-politique\/#primaryimage"},"thumbnailUrl":"https:\/\/master-crdm.parisnanterre.fr\/blacksheep\/wp-content\/uploads\/2025\/01\/pexels-cottonbro-5081930-scaled.jpg","articleSection":["\u00c9dition 2021","Politique"],"inLanguage":"fr-FR"},{"@type":"WebPage","@id":"https:\/\/master-crdm.parisnanterre.fr\/blacksheep\/quand-tiktok-se-met-a-la-politique\/","url":"https:\/\/master-crdm.parisnanterre.fr\/blacksheep\/quand-tiktok-se-met-a-la-politique\/","name":"Quand TikTok se met \u00e0 la politique - Black Sheep","isPartOf":{"@id":"https:\/\/master-crdm.parisnanterre.fr\/blacksheep\/#website"},"primaryImageOfPage":{"@id":"https:\/\/master-crdm.parisnanterre.fr\/blacksheep\/quand-tiktok-se-met-a-la-politique\/#primaryimage"},"image":{"@id":"https:\/\/master-crdm.parisnanterre.fr\/blacksheep\/quand-tiktok-se-met-a-la-politique\/#primaryimage"},"thumbnailUrl":"https:\/\/master-crdm.parisnanterre.fr\/blacksheep\/wp-content\/uploads\/2025\/01\/pexels-cottonbro-5081930-scaled.jpg","datePublished":"2025-01-26T19:52:34+00:00","dateModified":"2025-01-27T09:27:41+00:00","breadcrumb":{"@id":"https:\/\/master-crdm.parisnanterre.fr\/blacksheep\/quand-tiktok-se-met-a-la-politique\/#breadcrumb"},"inLanguage":"fr-FR","potentialAction":[{"@type":"ReadAction","target":["https:\/\/master-crdm.parisnanterre.fr\/blacksheep\/quand-tiktok-se-met-a-la-politique\/"]}]},{"@type":"ImageObject","inLanguage":"fr-FR","@id":"https:\/\/master-crdm.parisnanterre.fr\/blacksheep\/quand-tiktok-se-met-a-la-politique\/#primaryimage","url":"https:\/\/master-crdm.parisnanterre.fr\/blacksheep\/wp-content\/uploads\/2025\/01\/pexels-cottonbro-5081930-scaled.jpg","contentUrl":"https:\/\/master-crdm.parisnanterre.fr\/blacksheep\/wp-content\/uploads\/2025\/01\/pexels-cottonbro-5081930-scaled.jpg","width":2560,"height":1707,"caption":"Tiktok devient politique? | Pexels"},{"@type":"BreadcrumbList","@id":"https:\/\/master-crdm.parisnanterre.fr\/blacksheep\/quand-tiktok-se-met-a-la-politique\/#breadcrumb","itemListElement":[{"@type":"ListItem","position":1,"name":"Home","item":"https:\/\/master-crdm.parisnanterre.fr\/blacksheep\/"},{"@type":"ListItem","position":2,"name":"Quand TikTok se met \u00e0 la politique"}]},{"@type":"WebSite","@id":"https:\/\/master-crdm.parisnanterre.fr\/blacksheep\/#website","url":"https:\/\/master-crdm.parisnanterre.fr\/blacksheep\/","name":"Black Sheep","description":"Le magazine du master CRDM","publisher":{"@id":"https:\/\/master-crdm.parisnanterre.fr\/blacksheep\/#organization"},"potentialAction":[{"@type":"SearchAction","target":{"@type":"EntryPoint","urlTemplate":"https:\/\/master-crdm.parisnanterre.fr\/blacksheep\/?s={search_term_string}"},"query-input":{"@type":"PropertyValueSpecification","valueRequired":true,"valueName":"search_term_string"}}],"inLanguage":"fr-FR"},{"@type":"Organization","@id":"https:\/\/master-crdm.parisnanterre.fr\/blacksheep\/#organization","name":"Black Sheep","url":"https:\/\/master-crdm.parisnanterre.fr\/blacksheep\/","logo":{"@type":"ImageObject","inLanguage":"fr-FR","@id":"https:\/\/master-crdm.parisnanterre.fr\/blacksheep\/#\/schema\/logo\/image\/","url":"https:\/\/master-crdm.parisnanterre.fr\/blacksheep\/wp-content\/uploads\/2024\/01\/LOGO-BLACK-RECTANGLE.png","contentUrl":"https:\/\/master-crdm.parisnanterre.fr\/blacksheep\/wp-content\/uploads\/2024\/01\/LOGO-BLACK-RECTANGLE.png","width":500,"height":330,"caption":"Black Sheep"},"image":{"@id":"https:\/\/master-crdm.parisnanterre.fr\/blacksheep\/#\/schema\/logo\/image\/"}},{"@type":"Person","@id":"https:\/\/master-crdm.parisnanterre.fr\/blacksheep\/#\/schema\/person\/5fa00def1070a27c834e3eb344009cf1","name":"Ivanha AIT GOUGAN","image":{"@type":"ImageObject","inLanguage":"fr-FR","@id":"https:\/\/master-crdm.parisnanterre.fr\/blacksheep\/#\/schema\/person\/image\/","url":"https:\/\/secure.gravatar.com\/avatar\/c96d4fa07b65e7958d603acc7d6ea195f5348b7706724aade40260dafc06d10d?s=96&d=mm&r=g","contentUrl":"https:\/\/secure.gravatar.com\/avatar\/c96d4fa07b65e7958d603acc7d6ea195f5348b7706724aade40260dafc06d10d?s=96&d=mm&r=g","caption":"Ivanha AIT GOUGAN"},"url":"https:\/\/master-crdm.parisnanterre.fr\/blacksheep\/author\/ivanha\/"}]}},"_links":{"self":[{"href":"https:\/\/master-crdm.parisnanterre.fr\/blacksheep\/wp-json\/wp\/v2\/posts\/801","targetHints":{"allow":["GET"]}}],"collection":[{"href":"https:\/\/master-crdm.parisnanterre.fr\/blacksheep\/wp-json\/wp\/v2\/posts"}],"about":[{"href":"https:\/\/master-crdm.parisnanterre.fr\/blacksheep\/wp-json\/wp\/v2\/types\/post"}],"author":[{"embeddable":true,"href":"https:\/\/master-crdm.parisnanterre.fr\/blacksheep\/wp-json\/wp\/v2\/users\/8"}],"replies":[{"embeddable":true,"href":"https:\/\/master-crdm.parisnanterre.fr\/blacksheep\/wp-json\/wp\/v2\/comments?post=801"}],"version-history":[{"count":15,"href":"https:\/\/master-crdm.parisnanterre.fr\/blacksheep\/wp-json\/wp\/v2\/posts\/801\/revisions"}],"predecessor-version":[{"id":915,"href":"https:\/\/master-crdm.parisnanterre.fr\/blacksheep\/wp-json\/wp\/v2\/posts\/801\/revisions\/915"}],"wp:featuredmedia":[{"embeddable":true,"href":"https:\/\/master-crdm.parisnanterre.fr\/blacksheep\/wp-json\/wp\/v2\/media\/984"}],"wp:attachment":[{"href":"https:\/\/master-crdm.parisnanterre.fr\/blacksheep\/wp-json\/wp\/v2\/media?parent=801"}],"wp:term":[{"taxonomy":"category","embeddable":true,"href":"https:\/\/master-crdm.parisnanterre.fr\/blacksheep\/wp-json\/wp\/v2\/categories?post=801"},{"taxonomy":"post_tag","embeddable":true,"href":"https:\/\/master-crdm.parisnanterre.fr\/blacksheep\/wp-json\/wp\/v2\/tags?post=801"}],"curies":[{"name":"wp","href":"https:\/\/api.w.org\/{rel}","templated":true}]}}