{"id":795,"date":"2025-01-26T20:47:18","date_gmt":"2025-01-26T19:47:18","guid":{"rendered":"https:\/\/master-crdm.parisnanterre.fr\/blacksheep\/?p=795"},"modified":"2025-02-10T12:14:59","modified_gmt":"2025-02-10T11:14:59","slug":"letat-francais-et-le-covid-19-bas-les-masques","status":"publish","type":"post","link":"https:\/\/master-crdm.parisnanterre.fr\/blacksheep\/letat-francais-et-le-covid-19-bas-les-masques\/","title":{"rendered":"L\u2019\u00c9tat fran\u00e7ais et le Covid-19 : bas les masques"},"content":{"rendered":"\t\t<div data-elementor-type=\"wp-post\" data-elementor-id=\"795\" class=\"elementor elementor-795\">\n\t\t\t\t<div class=\"elementor-element elementor-element-68e62227 e-flex e-con-boxed e-con e-parent\" data-id=\"68e62227\" data-element_type=\"container\" data-e-type=\"container\">\n\t\t\t\t\t<div class=\"e-con-inner\">\n\t\t\t\t<div class=\"elementor-element elementor-element-63609d9b elementor-widget elementor-widget-text-editor\" data-id=\"63609d9b\" data-element_type=\"widget\" data-e-type=\"widget\" data-widget_type=\"text-editor.default\">\n\t\t\t\t<div class=\"elementor-widget-container\">\n\t\t\t\t\t\t\t\t\t<p class=\"has-text-align-right\">Par Justine Vaillant<\/p>\n<p><!-- \/wp:paragraph --><!-- wp:paragraph --><\/p>\n<p>Ce jeudi 15 octobre, les domiciles et bureaux de plusieurs ministres, ex-ministres ou hauts fonctionnaires charg\u00e9s de la gestion de la crise du coronavirus ont \u00e9t\u00e9 perquisitionn\u00e9s. Les perquisitions concernent l\u2019ancien Premier ministre \u00c9douard Philippe, l\u2019ancienne ministre de la Sant\u00e9 Agn\u00e8s Buzyn et son rempla\u00e7ant Olivier V\u00e9ran, l\u2019ancienne porte-parole du gouvernement Sibeth N\u2019Diaye, J\u00e9r\u00f4me Salomon, directeur de la Sant\u00e9 et Genevi\u00e8ve Ch\u00eane, directrice g\u00e9n\u00e9rale de Sant\u00e9 publique France.<\/p>\n<p><!-- \/wp:paragraph --><!-- wp:paragraph --><\/p>\n<p>Une enqu\u00eate de la Cour de justice de la R\u00e9publique est en cours pour d\u00e9terminer si l\u2019\u00c9tat a failli dans sa mission lors de la crise sanitaire. Elle fait suite \u00e0 l\u2019ouverture d\u2019une information judiciaire datant du 7 juillet dernier contre le gouvernement pour \u00ab <em>abstention de combattre un sinistre<\/em> \u00bb.<\/p>\n<p><!-- \/wp:paragraph --><!-- wp:paragraph --><\/p>\n<p>Plus de 90 plaintes ont \u00e9t\u00e9 d\u00e9pos\u00e9es contre des membres du gouvernement de la part d\u2019associations de victimes du <a href=\"https:\/\/master-crdm.parisnanterre.fr\/blacksheep\/covid-19-le-retour-du-peril-jaune\/\">Covid-19<\/a> ou de m\u00e9decins, mais seules neuf d\u2019entre elles ont \u00e9t\u00e9 jug\u00e9es recevables. Jug\u00e9s \u00ab <em>inutiles <\/em>\u00bb, puis finalement rendus obligatoires, les masques font l\u2019objet d\u2019une attention particuli\u00e8re. Ces d\u00e9clarations contradictoires de la part des diff\u00e9rents membres du gouvernement sont au c\u0153ur des d\u00e9bats.Retour en neuf citations sur une communication de crise d\u00e9masqu\u00e9e :&nbsp;<\/p>\n<p><!-- \/wp:paragraph --><!-- wp:paragraph --><\/p>\n<p><strong>\u00ab <\/strong><strong><em>Quand on met des masques [\u2026] \u00e7a limite le risque infectieux.<\/em><\/strong><strong> \u00bb<\/strong><\/p>\n<p><!-- \/wp:paragraph --><!-- wp:paragraph --><\/p>\n<p>Le 22 janvier 2020, interrog\u00e9 par BFMTV, le m\u00e9decin infectiologue J\u00e9r\u00f4me Salomon insiste sur l\u2019importance de respecter les gestes barri\u00e8res, dont le port du masque fait partie. Deux jours plus tard, lorsque trois personnes atteintes du coronavirus sont hospitalis\u00e9es en France, le Minist\u00e8re de la Sant\u00e9 tweete pour conseiller \u00e0 la population de porter un masque pour aller travailler.<\/p>\n<p><!-- \/wp:paragraph --><!-- wp:paragraph --><\/p>\n<p><strong>\u00ab <\/strong><strong><em>Nous avons des dizaines de millions de masques en stock en cas d\u2019\u00e9pid\u00e9mie.<\/em><\/strong><strong> \u00bb<\/strong><\/p>\n<p><!-- \/wp:paragraph --><!-- wp:paragraph --><\/p>\n<p>Le 26 janvier, Agn\u00e8s Buzyn, alors ministre de la Sant\u00e9, se veut rassurante : \u00ab <em>Ce sont des choses qui sont d\u2019ores et d\u00e9j\u00e0 programm\u00e9es. Si un jour nous devions proposer \u00e0 telle ou telle population ou personnes \u00e0 risque de porter des masques, les autorit\u00e9s sanitaires distribueraient ces masques aux personnes qui en auront besoin.<\/em> \u00bb<\/p>\n<p><!-- \/wp:paragraph --><!-- wp:paragraph --><\/p>\n<p><strong>\u00ab Le port du masque par la population non-malade [\u2026] n\u2019est pas recommand\u00e9 car son efficacit\u00e9 n\u2019est pas d\u00e9montr\u00e9e. \u00bb<\/strong><\/p>\n<p><!-- \/wp:paragraph --><!-- wp:paragraph --><\/p>\n<p>Le 24 f\u00e9vrier, le nouveau ministre de la Sant\u00e9 Olivier V\u00e9ran indique que le port du masque est recommand\u00e9 uniquement pour les personnes ayant s\u00e9journ\u00e9 dans les zones \u00e0 risques \u2013 la Chine, Singapour, l\u2019Iran, la Cor\u00e9e du Sud, la Lombardie et la V\u00e9n\u00e9tie. Le 29 f\u00e9vrier, lors du Conseil des ministres, il rappelle une nouvelle fois que personne n\u2019a besoin de porter un masque si un m\u00e9decin ne demande pas d\u2019en porter un.<\/p>\n<p><!-- \/wp:paragraph --><!-- wp:paragraph --><\/p>\n<p><strong>\u00ab Les masques n\u2019ont aucun int\u00e9r\u00eat pour le grand public. \u00bb<\/strong><\/p>\n<p><!-- \/wp:paragraph --><!-- wp:paragraph --><\/p>\n<p>Le 4 mars, J\u00e9r\u00f4me Salomon se veut \u00e0 nouveau rassurant sur BFMTV : \u00ab <em>Ce n\u2019est pas moi qui le dis, c\u2019est l\u2019Organisation Mondiale de la Sant\u00e9. Ce sont les autorit\u00e9s am\u00e9ricaines, ce sont les articles publi\u00e9s r\u00e9cemment et c\u2019est surtout la Soci\u00e9t\u00e9 Fran\u00e7aise d&rsquo;Hygi\u00e8ne Hospitali\u00e8re qui le confirme.<\/em> \u00bb<\/p>\n<p><!-- \/wp:paragraph --><!-- wp:paragraph --><\/p>\n<p><strong>\u00ab Il n\u2019y a pas de p\u00e9nurie de masques. \u00bb<\/strong><\/p>\n<p><!-- \/wp:paragraph --><!-- wp:paragraph --><\/p>\n<p>Le 10 mars, Olivier V\u00e9ran affirme que : \u00ab <em>Nous avons \u00e9t\u00e9 le seul pays au monde \u00e0 avoir fait une r\u00e9quisition compl\u00e8te de tous les stocks de masques, de tous les sites de production de masques, et nous sommes capables d\u2019avoir une gestion et un pilotage par l\u2019\u00c9tat de tous ces masques dans la dur\u00e9e.<\/em> \u00bb Mais une semaine plus tard, il nuance son propos : \u00ab <em>Nous avons assez de masques aujourd\u2019hui pour permettre aux soignants d\u2019\u00eatre arm\u00e9s face \u00e0 la maladie et de soigner les malades. Mais en fonction de la dur\u00e9e de l\u2019\u00e9pid\u00e9mie, nous ne savons pas si nous en aurons suffisamment.<\/em> \u00bb Deux jours plus tard, il reconna\u00eet finalement un manque d\u2019anticipation : \u00ab <em>Nous \u00e9tions un pays, h\u00e9las, qui n\u2019\u00e9tait pas pr\u00e9par\u00e9 du point de vue des masques et des \u00e9quipements de protection \u00e0 une crise sanitaire.<\/em> \u00bb<\/p>\n<p><!-- \/wp:paragraph --><!-- wp:paragraph --><\/p>\n<p><strong>\u00ab <\/strong><strong><em>Non, les Fran\u00e7ais ne pourront pas acheter de masque dans les pharmacies, car ce n\u2019est pas n\u00e9cessaire si l\u2019on n\u2019est pas malade.<\/em><\/strong><strong> \u00bb<\/strong><\/p>\n<p><!-- \/wp:paragraph --><!-- wp:paragraph --><\/p>\n<p>\u00c0 l\u2019issue du Conseil des ministres datant du 17 mars, la porte-parole du gouvernement Sibeth N\u2019Diaye rappelle que les masques sont r\u00e9serv\u00e9s aux soignants et aux patients atteints du Covid-19. Le 18 mars, J\u00e9r\u00f4me Salomon accuse m\u00eame les personnes non malades portant quand m\u00eame un masque : \u00ab <em>C\u2019est une denr\u00e9e rare, une ressource pr\u00e9cieuse pour les patients<\/em> \u00bb, ajoutant que le masque est \u00ab <em>totalement inutile pour toute personne non contamin\u00e9e.<\/em> \u00bb<\/p>\n<p><!-- \/wp:paragraph --><!-- wp:paragraph --><\/p>\n<p><strong>\u00ab <\/strong><strong><em>Vous savez quoi ? Je ne sais pas utiliser un masque.<\/em><\/strong><strong> \u00bb<\/strong><\/p>\n<p><!-- \/wp:paragraph --><!-- wp:paragraph --><\/p>\n<p>Le 20 mars, interview\u00e9e par RMC, Sibeth N\u2019Diaye confirme l\u2019inutilit\u00e9 des masques : \u00ab <em>Je pourrais dire : je suis une ministre, je me mets un masque, mais en fait, je ne sais pas l\u2019utiliser [\u2026]. Les masques ne sont pas n\u00e9cessaires pour tout le monde [\u2026]. Parce que l\u2019utilisation d\u2019un masque, ce sont des gestes techniques pr\u00e9cis, sinon on se gratte le nez sous le masque, on a du virus sur les mains ; sinon on en a une utilisation qui n\u2019est pas bonne, et \u00e7a peut m\u00eame \u00eatre contre-productif.<\/em> \u00bb<\/p>\n<p><!-- \/wp:paragraph --><!-- wp:paragraph --><\/p>\n<p><strong>\u00ab Le port du masque n\u2019est pas l\u2019alpha et l\u2019om\u00e9ga de la protection. \u00bb<\/strong><\/p>\n<p><!-- \/wp:paragraph --><!-- wp:paragraph --><\/p>\n<p>Le 22 mars, interrog\u00e9 sur le plateau du <i>Grand Jury RTL-LCI-Le Figaro<\/i>, Olivier V\u00e9ran reconna\u00eet que les stocks de masques FFP2 sont vides. Il annonce une commande de 250 millions, mais consid\u00e8re que \u00ab <em>si vous voulez vraiment vous prot\u00e9ger et prot\u00e9ger les autres, c\u2019est le lavage des mains, c\u2019est le gel hydroalcoolique, c\u2019est la distanciation sociale [\u2026]. Si vous \u00eates \u00e0 plus d\u2019un m\u00e8tre d\u2019une personne, vous \u00eates beaucoup plus prot\u00e9g\u00e9 qu\u2019\u00e0 moins d\u2019un m\u00e8tre avec un masque. <\/em>\u00bb<\/p>\n<p><!-- \/wp:paragraph --><!-- wp:paragraph --><\/p>\n<p><strong>\u00ab <\/strong><strong><em>Pas de preuve que le port du masque dans la population apporterait un b\u00e9n\u00e9fice.<\/em><\/strong><strong> \u00bb<\/strong>Le 1er avril, \u00c9douard Philippe consid\u00e8re que \u00ab <em>ce serait m\u00eame plut\u00f4t le contraire, \u00e0 cause d\u2019une mauvaise utilisation. <\/em>\u00bb Le 11 mai, les Fran\u00e7ais sont d\u00e9confin\u00e9s, toujours sans obligation de porter le masque. \u00c0 peine deux mois plus tard, le gouvernement revient sur ses d\u00e9clarations : \u00c9douard Philippe annonce le port obligatoire du masque dans les lieux publics clos \u00e0 partir du 20 juillet.<\/p>\n<p><!-- \/wp:paragraph --><\/p>\t\t\t\t\t\t\t\t<\/div>\n\t\t\t\t<\/div>\n\t\t\t\t\t<\/div>\n\t\t\t\t<\/div>\n\t\t\t\t<\/div>\n\t\t","protected":false},"excerpt":{"rendered":"<p>Ce jeudi 15 octobre, les domiciles et bureaux de plusieurs ministres, ex-ministres ou hauts fonctionnaires charg\u00e9s de la gestion de la crise du coronavirus ont \u00e9t\u00e9 perquisitionn\u00e9s. Les perquisitions concernent l\u2019ancien Premier ministre \u00c9douard Philippe, l\u2019ancienne ministre de la Sant\u00e9 Agn\u00e8s Buzyn et son rempla\u00e7ant Olivier V\u00e9ran, l\u2019ancienne porte-parole du gouvernement Sibeth N\u2019Diaye, J\u00e9r\u00f4me Salomon, directeur de la Sant\u00e9 et Genevi\u00e8ve Ch\u00eane, directrice g\u00e9n\u00e9rale de Sant\u00e9 publique France.<\/p>\n","protected":false},"author":8,"featured_media":978,"comment_status":"close","ping_status":"close","sticky":false,"template":"","format":"standard","meta":{"_FSMCFIC_featured_image_caption":"","_FSMCFIC_featured_image_nocaption":"","_FSMCFIC_featured_image_hide":"","footnotes":""},"categories":[18,6],"tags":[],"class_list":["post-795","post","type-post","status-publish","format-standard","has-post-thumbnail","hentry","category-edition-2021","category-politique"],"yoast_head":"<!-- This site is optimized with the Yoast SEO plugin v24.2 - https:\/\/yoast.com\/wordpress\/plugins\/seo\/ -->\n<title>L\u2019\u00c9tat fran\u00e7ais et le Covid-19 : bas les masques - Black Sheep<\/title>\n<meta name=\"robots\" content=\"index, follow, max-snippet:-1, max-image-preview:large, max-video-preview:-1\" \/>\n<link rel=\"canonical\" href=\"https:\/\/master-crdm.parisnanterre.fr\/blacksheep\/letat-francais-et-le-covid-19-bas-les-masques\/\" \/>\n<meta property=\"og:locale\" content=\"fr_FR\" \/>\n<meta property=\"og:type\" content=\"article\" \/>\n<meta property=\"og:title\" content=\"L\u2019\u00c9tat fran\u00e7ais et le Covid-19 : bas les masques - Black Sheep\" \/>\n<meta property=\"og:description\" content=\"Ce jeudi 15 octobre, les domiciles et bureaux de plusieurs ministres, ex-ministres ou hauts fonctionnaires charg\u00e9s de la gestion de la crise du coronavirus ont \u00e9t\u00e9 perquisitionn\u00e9s. Les perquisitions concernent l\u2019ancien Premier ministre \u00c9douard Philippe, l\u2019ancienne ministre de la Sant\u00e9 Agn\u00e8s Buzyn et son rempla\u00e7ant Olivier V\u00e9ran, l\u2019ancienne porte-parole du gouvernement Sibeth N\u2019Diaye, J\u00e9r\u00f4me Salomon, directeur de la Sant\u00e9 et Genevi\u00e8ve Ch\u00eane, directrice g\u00e9n\u00e9rale de Sant\u00e9 publique France.\" \/>\n<meta property=\"og:url\" content=\"https:\/\/master-crdm.parisnanterre.fr\/blacksheep\/letat-francais-et-le-covid-19-bas-les-masques\/\" \/>\n<meta property=\"og:site_name\" content=\"Black Sheep\" \/>\n<meta property=\"article:published_time\" content=\"2025-01-26T19:47:18+00:00\" \/>\n<meta property=\"article:modified_time\" content=\"2025-02-10T11:14:59+00:00\" \/>\n<meta property=\"og:image\" content=\"https:\/\/master-crdm.parisnanterre.fr\/blacksheep\/wp-content\/uploads\/2025\/01\/pexels-cottonbro-3951628-scaled.jpg\" \/>\n\t<meta property=\"og:image:width\" content=\"2560\" \/>\n\t<meta property=\"og:image:height\" content=\"1707\" \/>\n\t<meta property=\"og:image:type\" content=\"image\/jpeg\" \/>\n<meta name=\"author\" content=\"Ivanha AIT GOUGAN\" \/>\n<meta name=\"twitter:card\" content=\"summary_large_image\" \/>\n<meta name=\"twitter:label1\" content=\"\u00c9crit par\" \/>\n\t<meta name=\"twitter:data1\" content=\"Ivanha AIT GOUGAN\" \/>\n\t<meta name=\"twitter:label2\" content=\"Dur\u00e9e de lecture estim\u00e9e\" \/>\n\t<meta name=\"twitter:data2\" content=\"5 minutes\" \/>\n<script type=\"application\/ld+json\" class=\"yoast-schema-graph\">{\"@context\":\"https:\/\/schema.org\",\"@graph\":[{\"@type\":\"Article\",\"@id\":\"https:\/\/master-crdm.parisnanterre.fr\/blacksheep\/letat-francais-et-le-covid-19-bas-les-masques\/#article\",\"isPartOf\":{\"@id\":\"https:\/\/master-crdm.parisnanterre.fr\/blacksheep\/letat-francais-et-le-covid-19-bas-les-masques\/\"},\"author\":{\"name\":\"Ivanha AIT GOUGAN\",\"@id\":\"https:\/\/master-crdm.parisnanterre.fr\/blacksheep\/#\/schema\/person\/5fa00def1070a27c834e3eb344009cf1\"},\"headline\":\"L\u2019\u00c9tat fran\u00e7ais et le Covid-19 : bas les masques\",\"datePublished\":\"2025-01-26T19:47:18+00:00\",\"dateModified\":\"2025-02-10T11:14:59+00:00\",\"mainEntityOfPage\":{\"@id\":\"https:\/\/master-crdm.parisnanterre.fr\/blacksheep\/letat-francais-et-le-covid-19-bas-les-masques\/\"},\"wordCount\":1104,\"publisher\":{\"@id\":\"https:\/\/master-crdm.parisnanterre.fr\/blacksheep\/#organization\"},\"image\":{\"@id\":\"https:\/\/master-crdm.parisnanterre.fr\/blacksheep\/letat-francais-et-le-covid-19-bas-les-masques\/#primaryimage\"},\"thumbnailUrl\":\"https:\/\/master-crdm.parisnanterre.fr\/blacksheep\/wp-content\/uploads\/2025\/01\/pexels-cottonbro-3951628-scaled.jpg\",\"articleSection\":[\"\u00c9dition 2021\",\"Politique\"],\"inLanguage\":\"fr-FR\"},{\"@type\":\"WebPage\",\"@id\":\"https:\/\/master-crdm.parisnanterre.fr\/blacksheep\/letat-francais-et-le-covid-19-bas-les-masques\/\",\"url\":\"https:\/\/master-crdm.parisnanterre.fr\/blacksheep\/letat-francais-et-le-covid-19-bas-les-masques\/\",\"name\":\"L\u2019\u00c9tat fran\u00e7ais et le Covid-19 : bas les masques - Black Sheep\",\"isPartOf\":{\"@id\":\"https:\/\/master-crdm.parisnanterre.fr\/blacksheep\/#website\"},\"primaryImageOfPage\":{\"@id\":\"https:\/\/master-crdm.parisnanterre.fr\/blacksheep\/letat-francais-et-le-covid-19-bas-les-masques\/#primaryimage\"},\"image\":{\"@id\":\"https:\/\/master-crdm.parisnanterre.fr\/blacksheep\/letat-francais-et-le-covid-19-bas-les-masques\/#primaryimage\"},\"thumbnailUrl\":\"https:\/\/master-crdm.parisnanterre.fr\/blacksheep\/wp-content\/uploads\/2025\/01\/pexels-cottonbro-3951628-scaled.jpg\",\"datePublished\":\"2025-01-26T19:47:18+00:00\",\"dateModified\":\"2025-02-10T11:14:59+00:00\",\"breadcrumb\":{\"@id\":\"https:\/\/master-crdm.parisnanterre.fr\/blacksheep\/letat-francais-et-le-covid-19-bas-les-masques\/#breadcrumb\"},\"inLanguage\":\"fr-FR\",\"potentialAction\":[{\"@type\":\"ReadAction\",\"target\":[\"https:\/\/master-crdm.parisnanterre.fr\/blacksheep\/letat-francais-et-le-covid-19-bas-les-masques\/\"]}]},{\"@type\":\"ImageObject\",\"inLanguage\":\"fr-FR\",\"@id\":\"https:\/\/master-crdm.parisnanterre.fr\/blacksheep\/letat-francais-et-le-covid-19-bas-les-masques\/#primaryimage\",\"url\":\"https:\/\/master-crdm.parisnanterre.fr\/blacksheep\/wp-content\/uploads\/2025\/01\/pexels-cottonbro-3951628-scaled.jpg\",\"contentUrl\":\"https:\/\/master-crdm.parisnanterre.fr\/blacksheep\/wp-content\/uploads\/2025\/01\/pexels-cottonbro-3951628-scaled.jpg\",\"width\":2560,\"height\":1707,\"caption\":\"Bas les masques! |Pexels\"},{\"@type\":\"BreadcrumbList\",\"@id\":\"https:\/\/master-crdm.parisnanterre.fr\/blacksheep\/letat-francais-et-le-covid-19-bas-les-masques\/#breadcrumb\",\"itemListElement\":[{\"@type\":\"ListItem\",\"position\":1,\"name\":\"Home\",\"item\":\"https:\/\/master-crdm.parisnanterre.fr\/blacksheep\/\"},{\"@type\":\"ListItem\",\"position\":2,\"name\":\"L\u2019\u00c9tat fran\u00e7ais et le Covid-19 : bas les masques\"}]},{\"@type\":\"WebSite\",\"@id\":\"https:\/\/master-crdm.parisnanterre.fr\/blacksheep\/#website\",\"url\":\"https:\/\/master-crdm.parisnanterre.fr\/blacksheep\/\",\"name\":\"Black Sheep\",\"description\":\"Le magazine du master CRDM\",\"publisher\":{\"@id\":\"https:\/\/master-crdm.parisnanterre.fr\/blacksheep\/#organization\"},\"potentialAction\":[{\"@type\":\"SearchAction\",\"target\":{\"@type\":\"EntryPoint\",\"urlTemplate\":\"https:\/\/master-crdm.parisnanterre.fr\/blacksheep\/?s={search_term_string}\"},\"query-input\":{\"@type\":\"PropertyValueSpecification\",\"valueRequired\":true,\"valueName\":\"search_term_string\"}}],\"inLanguage\":\"fr-FR\"},{\"@type\":\"Organization\",\"@id\":\"https:\/\/master-crdm.parisnanterre.fr\/blacksheep\/#organization\",\"name\":\"Black Sheep\",\"url\":\"https:\/\/master-crdm.parisnanterre.fr\/blacksheep\/\",\"logo\":{\"@type\":\"ImageObject\",\"inLanguage\":\"fr-FR\",\"@id\":\"https:\/\/master-crdm.parisnanterre.fr\/blacksheep\/#\/schema\/logo\/image\/\",\"url\":\"https:\/\/master-crdm.parisnanterre.fr\/blacksheep\/wp-content\/uploads\/2024\/01\/LOGO-BLACK-RECTANGLE.png\",\"contentUrl\":\"https:\/\/master-crdm.parisnanterre.fr\/blacksheep\/wp-content\/uploads\/2024\/01\/LOGO-BLACK-RECTANGLE.png\",\"width\":500,\"height\":330,\"caption\":\"Black Sheep\"},\"image\":{\"@id\":\"https:\/\/master-crdm.parisnanterre.fr\/blacksheep\/#\/schema\/logo\/image\/\"}},{\"@type\":\"Person\",\"@id\":\"https:\/\/master-crdm.parisnanterre.fr\/blacksheep\/#\/schema\/person\/5fa00def1070a27c834e3eb344009cf1\",\"name\":\"Ivanha AIT GOUGAN\",\"image\":{\"@type\":\"ImageObject\",\"inLanguage\":\"fr-FR\",\"@id\":\"https:\/\/master-crdm.parisnanterre.fr\/blacksheep\/#\/schema\/person\/image\/\",\"url\":\"https:\/\/secure.gravatar.com\/avatar\/c96d4fa07b65e7958d603acc7d6ea195f5348b7706724aade40260dafc06d10d?s=96&d=mm&r=g\",\"contentUrl\":\"https:\/\/secure.gravatar.com\/avatar\/c96d4fa07b65e7958d603acc7d6ea195f5348b7706724aade40260dafc06d10d?s=96&d=mm&r=g\",\"caption\":\"Ivanha AIT GOUGAN\"},\"url\":\"https:\/\/master-crdm.parisnanterre.fr\/blacksheep\/author\/ivanha\/\"}]}<\/script>\n<!-- \/ Yoast SEO plugin. -->","yoast_head_json":{"title":"L\u2019\u00c9tat fran\u00e7ais et le Covid-19 : bas les masques - Black Sheep","robots":{"index":"index","follow":"follow","max-snippet":"max-snippet:-1","max-image-preview":"max-image-preview:large","max-video-preview":"max-video-preview:-1"},"canonical":"https:\/\/master-crdm.parisnanterre.fr\/blacksheep\/letat-francais-et-le-covid-19-bas-les-masques\/","og_locale":"fr_FR","og_type":"article","og_title":"L\u2019\u00c9tat fran\u00e7ais et le Covid-19 : bas les masques - Black Sheep","og_description":"Ce jeudi 15 octobre, les domiciles et bureaux de plusieurs ministres, ex-ministres ou hauts fonctionnaires charg\u00e9s de la gestion de la crise du coronavirus ont \u00e9t\u00e9 perquisitionn\u00e9s. Les perquisitions concernent l\u2019ancien Premier ministre \u00c9douard Philippe, l\u2019ancienne ministre de la Sant\u00e9 Agn\u00e8s Buzyn et son rempla\u00e7ant Olivier V\u00e9ran, l\u2019ancienne porte-parole du gouvernement Sibeth N\u2019Diaye, J\u00e9r\u00f4me Salomon, directeur de la Sant\u00e9 et Genevi\u00e8ve Ch\u00eane, directrice g\u00e9n\u00e9rale de Sant\u00e9 publique France.","og_url":"https:\/\/master-crdm.parisnanterre.fr\/blacksheep\/letat-francais-et-le-covid-19-bas-les-masques\/","og_site_name":"Black Sheep","article_published_time":"2025-01-26T19:47:18+00:00","article_modified_time":"2025-02-10T11:14:59+00:00","og_image":[{"width":2560,"height":1707,"url":"https:\/\/master-crdm.parisnanterre.fr\/blacksheep\/wp-content\/uploads\/2025\/01\/pexels-cottonbro-3951628-scaled.jpg","type":"image\/jpeg"}],"author":"Ivanha AIT GOUGAN","twitter_card":"summary_large_image","twitter_misc":{"\u00c9crit par":"Ivanha AIT GOUGAN","Dur\u00e9e de lecture estim\u00e9e":"5 minutes"},"schema":{"@context":"https:\/\/schema.org","@graph":[{"@type":"Article","@id":"https:\/\/master-crdm.parisnanterre.fr\/blacksheep\/letat-francais-et-le-covid-19-bas-les-masques\/#article","isPartOf":{"@id":"https:\/\/master-crdm.parisnanterre.fr\/blacksheep\/letat-francais-et-le-covid-19-bas-les-masques\/"},"author":{"name":"Ivanha AIT GOUGAN","@id":"https:\/\/master-crdm.parisnanterre.fr\/blacksheep\/#\/schema\/person\/5fa00def1070a27c834e3eb344009cf1"},"headline":"L\u2019\u00c9tat fran\u00e7ais et le Covid-19 : bas les masques","datePublished":"2025-01-26T19:47:18+00:00","dateModified":"2025-02-10T11:14:59+00:00","mainEntityOfPage":{"@id":"https:\/\/master-crdm.parisnanterre.fr\/blacksheep\/letat-francais-et-le-covid-19-bas-les-masques\/"},"wordCount":1104,"publisher":{"@id":"https:\/\/master-crdm.parisnanterre.fr\/blacksheep\/#organization"},"image":{"@id":"https:\/\/master-crdm.parisnanterre.fr\/blacksheep\/letat-francais-et-le-covid-19-bas-les-masques\/#primaryimage"},"thumbnailUrl":"https:\/\/master-crdm.parisnanterre.fr\/blacksheep\/wp-content\/uploads\/2025\/01\/pexels-cottonbro-3951628-scaled.jpg","articleSection":["\u00c9dition 2021","Politique"],"inLanguage":"fr-FR"},{"@type":"WebPage","@id":"https:\/\/master-crdm.parisnanterre.fr\/blacksheep\/letat-francais-et-le-covid-19-bas-les-masques\/","url":"https:\/\/master-crdm.parisnanterre.fr\/blacksheep\/letat-francais-et-le-covid-19-bas-les-masques\/","name":"L\u2019\u00c9tat fran\u00e7ais et le Covid-19 : bas les masques - Black Sheep","isPartOf":{"@id":"https:\/\/master-crdm.parisnanterre.fr\/blacksheep\/#website"},"primaryImageOfPage":{"@id":"https:\/\/master-crdm.parisnanterre.fr\/blacksheep\/letat-francais-et-le-covid-19-bas-les-masques\/#primaryimage"},"image":{"@id":"https:\/\/master-crdm.parisnanterre.fr\/blacksheep\/letat-francais-et-le-covid-19-bas-les-masques\/#primaryimage"},"thumbnailUrl":"https:\/\/master-crdm.parisnanterre.fr\/blacksheep\/wp-content\/uploads\/2025\/01\/pexels-cottonbro-3951628-scaled.jpg","datePublished":"2025-01-26T19:47:18+00:00","dateModified":"2025-02-10T11:14:59+00:00","breadcrumb":{"@id":"https:\/\/master-crdm.parisnanterre.fr\/blacksheep\/letat-francais-et-le-covid-19-bas-les-masques\/#breadcrumb"},"inLanguage":"fr-FR","potentialAction":[{"@type":"ReadAction","target":["https:\/\/master-crdm.parisnanterre.fr\/blacksheep\/letat-francais-et-le-covid-19-bas-les-masques\/"]}]},{"@type":"ImageObject","inLanguage":"fr-FR","@id":"https:\/\/master-crdm.parisnanterre.fr\/blacksheep\/letat-francais-et-le-covid-19-bas-les-masques\/#primaryimage","url":"https:\/\/master-crdm.parisnanterre.fr\/blacksheep\/wp-content\/uploads\/2025\/01\/pexels-cottonbro-3951628-scaled.jpg","contentUrl":"https:\/\/master-crdm.parisnanterre.fr\/blacksheep\/wp-content\/uploads\/2025\/01\/pexels-cottonbro-3951628-scaled.jpg","width":2560,"height":1707,"caption":"Bas les masques! |Pexels"},{"@type":"BreadcrumbList","@id":"https:\/\/master-crdm.parisnanterre.fr\/blacksheep\/letat-francais-et-le-covid-19-bas-les-masques\/#breadcrumb","itemListElement":[{"@type":"ListItem","position":1,"name":"Home","item":"https:\/\/master-crdm.parisnanterre.fr\/blacksheep\/"},{"@type":"ListItem","position":2,"name":"L\u2019\u00c9tat fran\u00e7ais et le Covid-19 : bas les masques"}]},{"@type":"WebSite","@id":"https:\/\/master-crdm.parisnanterre.fr\/blacksheep\/#website","url":"https:\/\/master-crdm.parisnanterre.fr\/blacksheep\/","name":"Black Sheep","description":"Le magazine du master CRDM","publisher":{"@id":"https:\/\/master-crdm.parisnanterre.fr\/blacksheep\/#organization"},"potentialAction":[{"@type":"SearchAction","target":{"@type":"EntryPoint","urlTemplate":"https:\/\/master-crdm.parisnanterre.fr\/blacksheep\/?s={search_term_string}"},"query-input":{"@type":"PropertyValueSpecification","valueRequired":true,"valueName":"search_term_string"}}],"inLanguage":"fr-FR"},{"@type":"Organization","@id":"https:\/\/master-crdm.parisnanterre.fr\/blacksheep\/#organization","name":"Black Sheep","url":"https:\/\/master-crdm.parisnanterre.fr\/blacksheep\/","logo":{"@type":"ImageObject","inLanguage":"fr-FR","@id":"https:\/\/master-crdm.parisnanterre.fr\/blacksheep\/#\/schema\/logo\/image\/","url":"https:\/\/master-crdm.parisnanterre.fr\/blacksheep\/wp-content\/uploads\/2024\/01\/LOGO-BLACK-RECTANGLE.png","contentUrl":"https:\/\/master-crdm.parisnanterre.fr\/blacksheep\/wp-content\/uploads\/2024\/01\/LOGO-BLACK-RECTANGLE.png","width":500,"height":330,"caption":"Black Sheep"},"image":{"@id":"https:\/\/master-crdm.parisnanterre.fr\/blacksheep\/#\/schema\/logo\/image\/"}},{"@type":"Person","@id":"https:\/\/master-crdm.parisnanterre.fr\/blacksheep\/#\/schema\/person\/5fa00def1070a27c834e3eb344009cf1","name":"Ivanha AIT GOUGAN","image":{"@type":"ImageObject","inLanguage":"fr-FR","@id":"https:\/\/master-crdm.parisnanterre.fr\/blacksheep\/#\/schema\/person\/image\/","url":"https:\/\/secure.gravatar.com\/avatar\/c96d4fa07b65e7958d603acc7d6ea195f5348b7706724aade40260dafc06d10d?s=96&d=mm&r=g","contentUrl":"https:\/\/secure.gravatar.com\/avatar\/c96d4fa07b65e7958d603acc7d6ea195f5348b7706724aade40260dafc06d10d?s=96&d=mm&r=g","caption":"Ivanha AIT GOUGAN"},"url":"https:\/\/master-crdm.parisnanterre.fr\/blacksheep\/author\/ivanha\/"}]}},"_links":{"self":[{"href":"https:\/\/master-crdm.parisnanterre.fr\/blacksheep\/wp-json\/wp\/v2\/posts\/795","targetHints":{"allow":["GET"]}}],"collection":[{"href":"https:\/\/master-crdm.parisnanterre.fr\/blacksheep\/wp-json\/wp\/v2\/posts"}],"about":[{"href":"https:\/\/master-crdm.parisnanterre.fr\/blacksheep\/wp-json\/wp\/v2\/types\/post"}],"author":[{"embeddable":true,"href":"https:\/\/master-crdm.parisnanterre.fr\/blacksheep\/wp-json\/wp\/v2\/users\/8"}],"replies":[{"embeddable":true,"href":"https:\/\/master-crdm.parisnanterre.fr\/blacksheep\/wp-json\/wp\/v2\/comments?post=795"}],"version-history":[{"count":11,"href":"https:\/\/master-crdm.parisnanterre.fr\/blacksheep\/wp-json\/wp\/v2\/posts\/795\/revisions"}],"predecessor-version":[{"id":1672,"href":"https:\/\/master-crdm.parisnanterre.fr\/blacksheep\/wp-json\/wp\/v2\/posts\/795\/revisions\/1672"}],"wp:featuredmedia":[{"embeddable":true,"href":"https:\/\/master-crdm.parisnanterre.fr\/blacksheep\/wp-json\/wp\/v2\/media\/978"}],"wp:attachment":[{"href":"https:\/\/master-crdm.parisnanterre.fr\/blacksheep\/wp-json\/wp\/v2\/media?parent=795"}],"wp:term":[{"taxonomy":"category","embeddable":true,"href":"https:\/\/master-crdm.parisnanterre.fr\/blacksheep\/wp-json\/wp\/v2\/categories?post=795"},{"taxonomy":"post_tag","embeddable":true,"href":"https:\/\/master-crdm.parisnanterre.fr\/blacksheep\/wp-json\/wp\/v2\/tags?post=795"}],"curies":[{"name":"wp","href":"https:\/\/api.w.org\/{rel}","templated":true}]}}