{"id":715,"date":"2025-01-14T12:17:55","date_gmt":"2025-01-14T11:17:55","guid":{"rendered":"https:\/\/master-crdm.parisnanterre.fr\/blacksheep\/?p=715"},"modified":"2025-02-10T12:17:27","modified_gmt":"2025-02-10T11:17:27","slug":"covid-19-le-retour-du-peril-jaune","status":"publish","type":"post","link":"https:\/\/master-crdm.parisnanterre.fr\/blacksheep\/covid-19-le-retour-du-peril-jaune\/","title":{"rendered":"Covid-19: le retour du \u00ab p\u00e9ril jaune \u00bb"},"content":{"rendered":"\t\t<div data-elementor-type=\"wp-post\" data-elementor-id=\"715\" class=\"elementor elementor-715\">\n\t\t\t\t<div class=\"elementor-element elementor-element-4dc26f62 e-flex e-con-boxed e-con e-parent\" data-id=\"4dc26f62\" data-element_type=\"container\" data-e-type=\"container\">\n\t\t\t\t\t<div class=\"e-con-inner\">\n\t\t\t\t<div class=\"elementor-element elementor-element-6eadd30f elementor-widget elementor-widget-text-editor\" data-id=\"6eadd30f\" data-element_type=\"widget\" data-e-type=\"widget\" data-widget_type=\"text-editor.default\">\n\t\t\t\t<div class=\"elementor-widget-container\">\n\t\t\t\t\t\t\t\t\t<p class=\"has-text-align-right\">Par Justine Vaillant<\/p>\n<p><!-- \/wp:paragraph --><!-- wp:paragraph --><\/p>\n<p>Apparu dans la ville de Wuhan (province chinoise de Hubei) en d\u00e9cembre 2019, le coronavirus s\u2019est progressivement propag\u00e9 au reste du monde au d\u00e9but de l\u2019ann\u00e9e 2020. Tristement surnomm\u00e9 le \u00ab virus chinois \u00bb, le Covid-19 a provoqu\u00e9 une vague de racisme anti-asiatique, notamment en France.<\/p>\n<p><!-- \/wp:paragraph --><!-- wp:paragraph --><\/p>\n<p>Avec la m\u00e9diatisation du Covid-19 et sa propagation dans le monde, un autre virus semble s\u2019\u00eatre progressivement install\u00e9 : la x\u00e9nophobie envers les personnes asiatiques ou d\u2019origine asiatique. On accuse ces derni\u00e8res d\u2019\u00eatre responsables de l\u2019arriv\u00e9e du virus en France.<\/p>\n<p><!-- \/wp:paragraph --><!-- wp:paragraph --><\/p>\n<p>Or, les m\u00e9dias ne sont pas exempts de reproches, et parlent de \u00ab virus chinois \u00bb pour le d\u00e9signer. La Une du <em>Courrier Picard<\/em> du 26 janvier 2020 fait figure de triste exemple, mentionnant les termes \u00ab alerte \u00bb et \u00ab p\u00e9ril jaune \u00bb. Le journal local a depuis pr\u00e9sent\u00e9 ses excuses.<\/p>\n<p><!-- \/wp:paragraph --><!-- wp:paragraph --><\/p>\n<p>Au m\u00eame moment, alors que le Nouvel An chinois se pr\u00e9pare, les commerces et restaurants chinois s&rsquo;effondrent \u00e0 Paris : certains commer\u00e7ants enregistrent une baisse d\u2019activit\u00e9 de 30%. Le hashtag #JeNeSuisPasUnVirus trouve un \u00e9cho important, et des personnes d\u2019origine asiatique ou per\u00e7ues comme telles t\u00e9moignent d\u2019agressions, de harc\u00e8lement et d\u2019un climat de haine. Les victimes font \u00e9galement face \u00e0 une m\u00e9connaissance de la diversit\u00e9 culturelle du continent asiatique et au clich\u00e9 de la diaspora asiatique docile et discr\u00e8te.<\/p>\n<p><!-- \/wp:paragraph --><!-- wp:paragraph --><\/p>\n<p>Dans un rapport publi\u00e9 en juin 2020, l\u2019Agence des droits fondamentaux de l\u2019Union europ\u00e9enne rel\u00e8ve que <em>\u00ab la pand\u00e9mie de Covid-19 a d\u00e9clench\u00e9 une augmentation des incidents racistes et x\u00e9nophobes contre les personnes [per\u00e7ues comme] \u00e9tant d\u2019origine chinoise ou asiatique, y compris des insultes verbales, du harc\u00e8lement, des agressions physiques et des discours de haine en ligne \u00bb<\/em>. Ces actes racistes sont en augmentation depuis la deuxi\u00e8me vague et le re-confinement en fin d\u2019ann\u00e9e 2020.<\/p>\n<p><!-- \/wp:paragraph --><!-- wp:paragraph --><\/p>\n<p>Les journalistes de l\u2019\u00e9mission <em>Quotidien<\/em> ont recueilli le t\u00e9moignage d\u2019une femme de 37 ans d\u2019origine vietnamienne, victime d\u2019une agression \u00e0 Paris le 20 octobre 2023 pour laquelle elle a port\u00e9 plainte. <em>\u00ab Ils ont commenc\u00e9 \u00e0 crier des insultes racistes : \u2018Rentre chez toi en Chine\u2019, \u2018Va manger du chien en Chine\u2019, \u2018C\u2019est \u00e0 cause des Chinois le coronavirus\u2019. [\u2026] Ils m\u2019ont arrach\u00e9 les cheveux, ils m\u2019ont donn\u00e9 des coups sur la t\u00eate. J\u2019avais tr\u00e8s mal \u00bb<\/em>. Un incident loin d\u2019\u00eatre isol\u00e9 : le Parquet de Paris a ouvert une enqu\u00eate le 30 octobre dernier face \u00e0 un appel \u00e0 \u00ab agresser chaque Chinois qu\u2019ils croisent dans la rue \u00bb, relay\u00e9 sur les r\u00e9seaux sociaux.<\/p>\n<p><a href=\"https:\/\/master-crdm.parisnanterre.fr\/blacksheep\/accueil-des-refugies-une-inegalite-de-traitement\/\">Lire aussi<\/a><\/p>\n<p><!-- \/wp:paragraph --><\/p>\t\t\t\t\t\t\t\t<\/div>\n\t\t\t\t<\/div>\n\t\t\t\t\t<\/div>\n\t\t\t\t<\/div>\n\t\t\t\t<\/div>\n\t\t","protected":false},"excerpt":{"rendered":"<p>Apparu dans la ville de Wuhan (province chinoise de Hubei) en d\u00e9cembre 2019, le coronavirus s\u2019est progressivement propag\u00e9 au reste du monde au d\u00e9but de l\u2019ann\u00e9e 2020. Tristement surnomm\u00e9 le \u00ab virus chinois \u00bb, le Covid-19 a provoqu\u00e9 une vague de racisme anti-asiatique, notamment en France.<\/p>\n","protected":false},"author":8,"featured_media":1018,"comment_status":"close","ping_status":"close","sticky":false,"template":"","format":"standard","meta":{"_FSMCFIC_featured_image_caption":"","_FSMCFIC_featured_image_nocaption":"","_FSMCFIC_featured_image_hide":"","footnotes":""},"categories":[18,15],"tags":[],"class_list":["post-715","post","type-post","status-publish","format-standard","has-post-thumbnail","hentry","category-edition-2021","category-societe"],"yoast_head":"<!-- This site is optimized with the Yoast SEO plugin v24.2 - https:\/\/yoast.com\/wordpress\/plugins\/seo\/ -->\n<title>Covid-19: le retour du \u00ab p\u00e9ril jaune \u00bb - Black Sheep<\/title>\n<meta name=\"robots\" content=\"index, follow, max-snippet:-1, max-image-preview:large, max-video-preview:-1\" \/>\n<link rel=\"canonical\" href=\"https:\/\/master-crdm.parisnanterre.fr\/blacksheep\/covid-19-le-retour-du-peril-jaune\/\" \/>\n<meta property=\"og:locale\" content=\"fr_FR\" \/>\n<meta property=\"og:type\" content=\"article\" \/>\n<meta property=\"og:title\" content=\"Covid-19: le retour du \u00ab p\u00e9ril jaune \u00bb - Black Sheep\" \/>\n<meta property=\"og:description\" content=\"Apparu dans la ville de Wuhan (province chinoise de Hubei) en d\u00e9cembre 2019, le coronavirus s\u2019est progressivement propag\u00e9 au reste du monde au d\u00e9but de l\u2019ann\u00e9e 2020. Tristement surnomm\u00e9 le \u00ab virus chinois \u00bb, le Covid-19 a provoqu\u00e9 une vague de racisme anti-asiatique, notamment en France.\" \/>\n<meta property=\"og:url\" content=\"https:\/\/master-crdm.parisnanterre.fr\/blacksheep\/covid-19-le-retour-du-peril-jaune\/\" \/>\n<meta property=\"og:site_name\" content=\"Black Sheep\" \/>\n<meta property=\"article:published_time\" content=\"2025-01-14T11:17:55+00:00\" \/>\n<meta property=\"article:modified_time\" content=\"2025-02-10T11:17:27+00:00\" \/>\n<meta property=\"og:image\" content=\"https:\/\/master-crdm.parisnanterre.fr\/blacksheep\/wp-content\/uploads\/2025\/01\/pexels-cottonbro-3951389-scaled.jpg\" \/>\n\t<meta property=\"og:image:width\" content=\"2560\" \/>\n\t<meta property=\"og:image:height\" content=\"1707\" \/>\n\t<meta property=\"og:image:type\" content=\"image\/jpeg\" \/>\n<meta name=\"author\" content=\"Ivanha AIT GOUGAN\" \/>\n<meta name=\"twitter:card\" content=\"summary_large_image\" \/>\n<meta name=\"twitter:label1\" content=\"\u00c9crit par\" \/>\n\t<meta name=\"twitter:data1\" content=\"Ivanha AIT GOUGAN\" \/>\n\t<meta name=\"twitter:label2\" content=\"Dur\u00e9e de lecture estim\u00e9e\" \/>\n\t<meta name=\"twitter:data2\" content=\"3 minutes\" \/>\n<script type=\"application\/ld+json\" class=\"yoast-schema-graph\">{\"@context\":\"https:\/\/schema.org\",\"@graph\":[{\"@type\":\"Article\",\"@id\":\"https:\/\/master-crdm.parisnanterre.fr\/blacksheep\/covid-19-le-retour-du-peril-jaune\/#article\",\"isPartOf\":{\"@id\":\"https:\/\/master-crdm.parisnanterre.fr\/blacksheep\/covid-19-le-retour-du-peril-jaune\/\"},\"author\":{\"name\":\"Ivanha AIT GOUGAN\",\"@id\":\"https:\/\/master-crdm.parisnanterre.fr\/blacksheep\/#\/schema\/person\/5fa00def1070a27c834e3eb344009cf1\"},\"headline\":\"Covid-19: le retour du \u00ab p\u00e9ril jaune \u00bb\",\"datePublished\":\"2025-01-14T11:17:55+00:00\",\"dateModified\":\"2025-02-10T11:17:27+00:00\",\"mainEntityOfPage\":{\"@id\":\"https:\/\/master-crdm.parisnanterre.fr\/blacksheep\/covid-19-le-retour-du-peril-jaune\/\"},\"wordCount\":439,\"publisher\":{\"@id\":\"https:\/\/master-crdm.parisnanterre.fr\/blacksheep\/#organization\"},\"image\":{\"@id\":\"https:\/\/master-crdm.parisnanterre.fr\/blacksheep\/covid-19-le-retour-du-peril-jaune\/#primaryimage\"},\"thumbnailUrl\":\"https:\/\/master-crdm.parisnanterre.fr\/blacksheep\/wp-content\/uploads\/2025\/01\/pexels-cottonbro-3951389-scaled.jpg\",\"articleSection\":[\"\u00c9dition 2021\",\"Soci\u00e9t\u00e9\"],\"inLanguage\":\"fr-FR\"},{\"@type\":\"WebPage\",\"@id\":\"https:\/\/master-crdm.parisnanterre.fr\/blacksheep\/covid-19-le-retour-du-peril-jaune\/\",\"url\":\"https:\/\/master-crdm.parisnanterre.fr\/blacksheep\/covid-19-le-retour-du-peril-jaune\/\",\"name\":\"Covid-19: le retour du \u00ab p\u00e9ril jaune \u00bb - Black Sheep\",\"isPartOf\":{\"@id\":\"https:\/\/master-crdm.parisnanterre.fr\/blacksheep\/#website\"},\"primaryImageOfPage\":{\"@id\":\"https:\/\/master-crdm.parisnanterre.fr\/blacksheep\/covid-19-le-retour-du-peril-jaune\/#primaryimage\"},\"image\":{\"@id\":\"https:\/\/master-crdm.parisnanterre.fr\/blacksheep\/covid-19-le-retour-du-peril-jaune\/#primaryimage\"},\"thumbnailUrl\":\"https:\/\/master-crdm.parisnanterre.fr\/blacksheep\/wp-content\/uploads\/2025\/01\/pexels-cottonbro-3951389-scaled.jpg\",\"datePublished\":\"2025-01-14T11:17:55+00:00\",\"dateModified\":\"2025-02-10T11:17:27+00:00\",\"breadcrumb\":{\"@id\":\"https:\/\/master-crdm.parisnanterre.fr\/blacksheep\/covid-19-le-retour-du-peril-jaune\/#breadcrumb\"},\"inLanguage\":\"fr-FR\",\"potentialAction\":[{\"@type\":\"ReadAction\",\"target\":[\"https:\/\/master-crdm.parisnanterre.fr\/blacksheep\/covid-19-le-retour-du-peril-jaune\/\"]}]},{\"@type\":\"ImageObject\",\"inLanguage\":\"fr-FR\",\"@id\":\"https:\/\/master-crdm.parisnanterre.fr\/blacksheep\/covid-19-le-retour-du-peril-jaune\/#primaryimage\",\"url\":\"https:\/\/master-crdm.parisnanterre.fr\/blacksheep\/wp-content\/uploads\/2025\/01\/pexels-cottonbro-3951389-scaled.jpg\",\"contentUrl\":\"https:\/\/master-crdm.parisnanterre.fr\/blacksheep\/wp-content\/uploads\/2025\/01\/pexels-cottonbro-3951389-scaled.jpg\",\"width\":2560,\"height\":1707,\"caption\":\"Anti bact\u00e9rie \u00e0 tout prix! | Pexels\"},{\"@type\":\"BreadcrumbList\",\"@id\":\"https:\/\/master-crdm.parisnanterre.fr\/blacksheep\/covid-19-le-retour-du-peril-jaune\/#breadcrumb\",\"itemListElement\":[{\"@type\":\"ListItem\",\"position\":1,\"name\":\"Home\",\"item\":\"https:\/\/master-crdm.parisnanterre.fr\/blacksheep\/\"},{\"@type\":\"ListItem\",\"position\":2,\"name\":\"Covid-19: le retour du \u00ab p\u00e9ril jaune \u00bb\"}]},{\"@type\":\"WebSite\",\"@id\":\"https:\/\/master-crdm.parisnanterre.fr\/blacksheep\/#website\",\"url\":\"https:\/\/master-crdm.parisnanterre.fr\/blacksheep\/\",\"name\":\"Black Sheep\",\"description\":\"Le magazine du master CRDM\",\"publisher\":{\"@id\":\"https:\/\/master-crdm.parisnanterre.fr\/blacksheep\/#organization\"},\"potentialAction\":[{\"@type\":\"SearchAction\",\"target\":{\"@type\":\"EntryPoint\",\"urlTemplate\":\"https:\/\/master-crdm.parisnanterre.fr\/blacksheep\/?s={search_term_string}\"},\"query-input\":{\"@type\":\"PropertyValueSpecification\",\"valueRequired\":true,\"valueName\":\"search_term_string\"}}],\"inLanguage\":\"fr-FR\"},{\"@type\":\"Organization\",\"@id\":\"https:\/\/master-crdm.parisnanterre.fr\/blacksheep\/#organization\",\"name\":\"Black Sheep\",\"url\":\"https:\/\/master-crdm.parisnanterre.fr\/blacksheep\/\",\"logo\":{\"@type\":\"ImageObject\",\"inLanguage\":\"fr-FR\",\"@id\":\"https:\/\/master-crdm.parisnanterre.fr\/blacksheep\/#\/schema\/logo\/image\/\",\"url\":\"https:\/\/master-crdm.parisnanterre.fr\/blacksheep\/wp-content\/uploads\/2024\/01\/LOGO-BLACK-RECTANGLE.png\",\"contentUrl\":\"https:\/\/master-crdm.parisnanterre.fr\/blacksheep\/wp-content\/uploads\/2024\/01\/LOGO-BLACK-RECTANGLE.png\",\"width\":500,\"height\":330,\"caption\":\"Black Sheep\"},\"image\":{\"@id\":\"https:\/\/master-crdm.parisnanterre.fr\/blacksheep\/#\/schema\/logo\/image\/\"}},{\"@type\":\"Person\",\"@id\":\"https:\/\/master-crdm.parisnanterre.fr\/blacksheep\/#\/schema\/person\/5fa00def1070a27c834e3eb344009cf1\",\"name\":\"Ivanha AIT GOUGAN\",\"image\":{\"@type\":\"ImageObject\",\"inLanguage\":\"fr-FR\",\"@id\":\"https:\/\/master-crdm.parisnanterre.fr\/blacksheep\/#\/schema\/person\/image\/\",\"url\":\"https:\/\/secure.gravatar.com\/avatar\/c96d4fa07b65e7958d603acc7d6ea195f5348b7706724aade40260dafc06d10d?s=96&d=mm&r=g\",\"contentUrl\":\"https:\/\/secure.gravatar.com\/avatar\/c96d4fa07b65e7958d603acc7d6ea195f5348b7706724aade40260dafc06d10d?s=96&d=mm&r=g\",\"caption\":\"Ivanha AIT GOUGAN\"},\"url\":\"https:\/\/master-crdm.parisnanterre.fr\/blacksheep\/author\/ivanha\/\"}]}<\/script>\n<!-- \/ Yoast SEO plugin. -->","yoast_head_json":{"title":"Covid-19: le retour du \u00ab p\u00e9ril jaune \u00bb - Black Sheep","robots":{"index":"index","follow":"follow","max-snippet":"max-snippet:-1","max-image-preview":"max-image-preview:large","max-video-preview":"max-video-preview:-1"},"canonical":"https:\/\/master-crdm.parisnanterre.fr\/blacksheep\/covid-19-le-retour-du-peril-jaune\/","og_locale":"fr_FR","og_type":"article","og_title":"Covid-19: le retour du \u00ab p\u00e9ril jaune \u00bb - Black Sheep","og_description":"Apparu dans la ville de Wuhan (province chinoise de Hubei) en d\u00e9cembre 2019, le coronavirus s\u2019est progressivement propag\u00e9 au reste du monde au d\u00e9but de l\u2019ann\u00e9e 2020. Tristement surnomm\u00e9 le \u00ab virus chinois \u00bb, le Covid-19 a provoqu\u00e9 une vague de racisme anti-asiatique, notamment en France.","og_url":"https:\/\/master-crdm.parisnanterre.fr\/blacksheep\/covid-19-le-retour-du-peril-jaune\/","og_site_name":"Black Sheep","article_published_time":"2025-01-14T11:17:55+00:00","article_modified_time":"2025-02-10T11:17:27+00:00","og_image":[{"width":2560,"height":1707,"url":"https:\/\/master-crdm.parisnanterre.fr\/blacksheep\/wp-content\/uploads\/2025\/01\/pexels-cottonbro-3951389-scaled.jpg","type":"image\/jpeg"}],"author":"Ivanha AIT GOUGAN","twitter_card":"summary_large_image","twitter_misc":{"\u00c9crit par":"Ivanha AIT GOUGAN","Dur\u00e9e de lecture estim\u00e9e":"3 minutes"},"schema":{"@context":"https:\/\/schema.org","@graph":[{"@type":"Article","@id":"https:\/\/master-crdm.parisnanterre.fr\/blacksheep\/covid-19-le-retour-du-peril-jaune\/#article","isPartOf":{"@id":"https:\/\/master-crdm.parisnanterre.fr\/blacksheep\/covid-19-le-retour-du-peril-jaune\/"},"author":{"name":"Ivanha AIT GOUGAN","@id":"https:\/\/master-crdm.parisnanterre.fr\/blacksheep\/#\/schema\/person\/5fa00def1070a27c834e3eb344009cf1"},"headline":"Covid-19: le retour du \u00ab p\u00e9ril jaune \u00bb","datePublished":"2025-01-14T11:17:55+00:00","dateModified":"2025-02-10T11:17:27+00:00","mainEntityOfPage":{"@id":"https:\/\/master-crdm.parisnanterre.fr\/blacksheep\/covid-19-le-retour-du-peril-jaune\/"},"wordCount":439,"publisher":{"@id":"https:\/\/master-crdm.parisnanterre.fr\/blacksheep\/#organization"},"image":{"@id":"https:\/\/master-crdm.parisnanterre.fr\/blacksheep\/covid-19-le-retour-du-peril-jaune\/#primaryimage"},"thumbnailUrl":"https:\/\/master-crdm.parisnanterre.fr\/blacksheep\/wp-content\/uploads\/2025\/01\/pexels-cottonbro-3951389-scaled.jpg","articleSection":["\u00c9dition 2021","Soci\u00e9t\u00e9"],"inLanguage":"fr-FR"},{"@type":"WebPage","@id":"https:\/\/master-crdm.parisnanterre.fr\/blacksheep\/covid-19-le-retour-du-peril-jaune\/","url":"https:\/\/master-crdm.parisnanterre.fr\/blacksheep\/covid-19-le-retour-du-peril-jaune\/","name":"Covid-19: le retour du \u00ab p\u00e9ril jaune \u00bb - Black Sheep","isPartOf":{"@id":"https:\/\/master-crdm.parisnanterre.fr\/blacksheep\/#website"},"primaryImageOfPage":{"@id":"https:\/\/master-crdm.parisnanterre.fr\/blacksheep\/covid-19-le-retour-du-peril-jaune\/#primaryimage"},"image":{"@id":"https:\/\/master-crdm.parisnanterre.fr\/blacksheep\/covid-19-le-retour-du-peril-jaune\/#primaryimage"},"thumbnailUrl":"https:\/\/master-crdm.parisnanterre.fr\/blacksheep\/wp-content\/uploads\/2025\/01\/pexels-cottonbro-3951389-scaled.jpg","datePublished":"2025-01-14T11:17:55+00:00","dateModified":"2025-02-10T11:17:27+00:00","breadcrumb":{"@id":"https:\/\/master-crdm.parisnanterre.fr\/blacksheep\/covid-19-le-retour-du-peril-jaune\/#breadcrumb"},"inLanguage":"fr-FR","potentialAction":[{"@type":"ReadAction","target":["https:\/\/master-crdm.parisnanterre.fr\/blacksheep\/covid-19-le-retour-du-peril-jaune\/"]}]},{"@type":"ImageObject","inLanguage":"fr-FR","@id":"https:\/\/master-crdm.parisnanterre.fr\/blacksheep\/covid-19-le-retour-du-peril-jaune\/#primaryimage","url":"https:\/\/master-crdm.parisnanterre.fr\/blacksheep\/wp-content\/uploads\/2025\/01\/pexels-cottonbro-3951389-scaled.jpg","contentUrl":"https:\/\/master-crdm.parisnanterre.fr\/blacksheep\/wp-content\/uploads\/2025\/01\/pexels-cottonbro-3951389-scaled.jpg","width":2560,"height":1707,"caption":"Anti bact\u00e9rie \u00e0 tout prix! | Pexels"},{"@type":"BreadcrumbList","@id":"https:\/\/master-crdm.parisnanterre.fr\/blacksheep\/covid-19-le-retour-du-peril-jaune\/#breadcrumb","itemListElement":[{"@type":"ListItem","position":1,"name":"Home","item":"https:\/\/master-crdm.parisnanterre.fr\/blacksheep\/"},{"@type":"ListItem","position":2,"name":"Covid-19: le retour du \u00ab p\u00e9ril jaune \u00bb"}]},{"@type":"WebSite","@id":"https:\/\/master-crdm.parisnanterre.fr\/blacksheep\/#website","url":"https:\/\/master-crdm.parisnanterre.fr\/blacksheep\/","name":"Black Sheep","description":"Le magazine du master CRDM","publisher":{"@id":"https:\/\/master-crdm.parisnanterre.fr\/blacksheep\/#organization"},"potentialAction":[{"@type":"SearchAction","target":{"@type":"EntryPoint","urlTemplate":"https:\/\/master-crdm.parisnanterre.fr\/blacksheep\/?s={search_term_string}"},"query-input":{"@type":"PropertyValueSpecification","valueRequired":true,"valueName":"search_term_string"}}],"inLanguage":"fr-FR"},{"@type":"Organization","@id":"https:\/\/master-crdm.parisnanterre.fr\/blacksheep\/#organization","name":"Black Sheep","url":"https:\/\/master-crdm.parisnanterre.fr\/blacksheep\/","logo":{"@type":"ImageObject","inLanguage":"fr-FR","@id":"https:\/\/master-crdm.parisnanterre.fr\/blacksheep\/#\/schema\/logo\/image\/","url":"https:\/\/master-crdm.parisnanterre.fr\/blacksheep\/wp-content\/uploads\/2024\/01\/LOGO-BLACK-RECTANGLE.png","contentUrl":"https:\/\/master-crdm.parisnanterre.fr\/blacksheep\/wp-content\/uploads\/2024\/01\/LOGO-BLACK-RECTANGLE.png","width":500,"height":330,"caption":"Black Sheep"},"image":{"@id":"https:\/\/master-crdm.parisnanterre.fr\/blacksheep\/#\/schema\/logo\/image\/"}},{"@type":"Person","@id":"https:\/\/master-crdm.parisnanterre.fr\/blacksheep\/#\/schema\/person\/5fa00def1070a27c834e3eb344009cf1","name":"Ivanha AIT GOUGAN","image":{"@type":"ImageObject","inLanguage":"fr-FR","@id":"https:\/\/master-crdm.parisnanterre.fr\/blacksheep\/#\/schema\/person\/image\/","url":"https:\/\/secure.gravatar.com\/avatar\/c96d4fa07b65e7958d603acc7d6ea195f5348b7706724aade40260dafc06d10d?s=96&d=mm&r=g","contentUrl":"https:\/\/secure.gravatar.com\/avatar\/c96d4fa07b65e7958d603acc7d6ea195f5348b7706724aade40260dafc06d10d?s=96&d=mm&r=g","caption":"Ivanha AIT GOUGAN"},"url":"https:\/\/master-crdm.parisnanterre.fr\/blacksheep\/author\/ivanha\/"}]}},"_links":{"self":[{"href":"https:\/\/master-crdm.parisnanterre.fr\/blacksheep\/wp-json\/wp\/v2\/posts\/715","targetHints":{"allow":["GET"]}}],"collection":[{"href":"https:\/\/master-crdm.parisnanterre.fr\/blacksheep\/wp-json\/wp\/v2\/posts"}],"about":[{"href":"https:\/\/master-crdm.parisnanterre.fr\/blacksheep\/wp-json\/wp\/v2\/types\/post"}],"author":[{"embeddable":true,"href":"https:\/\/master-crdm.parisnanterre.fr\/blacksheep\/wp-json\/wp\/v2\/users\/8"}],"replies":[{"embeddable":true,"href":"https:\/\/master-crdm.parisnanterre.fr\/blacksheep\/wp-json\/wp\/v2\/comments?post=715"}],"version-history":[{"count":17,"href":"https:\/\/master-crdm.parisnanterre.fr\/blacksheep\/wp-json\/wp\/v2\/posts\/715\/revisions"}],"predecessor-version":[{"id":1679,"href":"https:\/\/master-crdm.parisnanterre.fr\/blacksheep\/wp-json\/wp\/v2\/posts\/715\/revisions\/1679"}],"wp:featuredmedia":[{"embeddable":true,"href":"https:\/\/master-crdm.parisnanterre.fr\/blacksheep\/wp-json\/wp\/v2\/media\/1018"}],"wp:attachment":[{"href":"https:\/\/master-crdm.parisnanterre.fr\/blacksheep\/wp-json\/wp\/v2\/media?parent=715"}],"wp:term":[{"taxonomy":"category","embeddable":true,"href":"https:\/\/master-crdm.parisnanterre.fr\/blacksheep\/wp-json\/wp\/v2\/categories?post=715"},{"taxonomy":"post_tag","embeddable":true,"href":"https:\/\/master-crdm.parisnanterre.fr\/blacksheep\/wp-json\/wp\/v2\/tags?post=715"}],"curies":[{"name":"wp","href":"https:\/\/api.w.org\/{rel}","templated":true}]}}