{"id":655,"date":"2025-01-14T11:56:05","date_gmt":"2025-01-14T10:56:05","guid":{"rendered":"https:\/\/master-crdm.parisnanterre.fr\/blacksheep\/?p=655"},"modified":"2025-02-11T11:06:29","modified_gmt":"2025-02-11T10:06:29","slug":"accueil-des-refugies-une-inegalite-de-traitement","status":"publish","type":"post","link":"https:\/\/master-crdm.parisnanterre.fr\/blacksheep\/accueil-des-refugies-une-inegalite-de-traitement\/","title":{"rendered":"Accueil des r\u00e9fugi\u00e9s : une in\u00e9galit\u00e9 de traitement ?"},"content":{"rendered":"\t\t<div data-elementor-type=\"wp-post\" data-elementor-id=\"655\" class=\"elementor elementor-655\">\n\t\t\t\t<div class=\"elementor-element elementor-element-2f10c00c e-flex e-con-boxed e-con e-parent\" data-id=\"2f10c00c\" data-element_type=\"container\" data-e-type=\"container\">\n\t\t\t\t\t<div class=\"e-con-inner\">\n\t\t\t\t<div class=\"elementor-element elementor-element-7caf1dbf elementor-widget elementor-widget-text-editor\" data-id=\"7caf1dbf\" data-element_type=\"widget\" data-e-type=\"widget\" data-widget_type=\"text-editor.default\">\n\t\t\t\t<div class=\"elementor-widget-container\">\n\t\t\t\t\t\t\t\t\t<p class=\"has-text-align-right\">Par Kadiata THIAM<\/p>\n<p><!-- \/wp:paragraph --><!-- wp:paragraph --><\/p>\n<p>Depuis l\u2019annexion de l\u2019Ukraine par la Russie en f\u00e9vrier 2022, des millions de r\u00e9fugi\u00e9s ukrainiens et \u00e9trangers fuient leur pays pour \u00e9chapper aux violences. Si les membres de l\u2019Union europ\u00e9enne ont mis en place des conditions exceptionnelles d\u2019accueil, ce n\u2019est pas le cas pour les ressortissants non-europ\u00e9ens qui d\u00e9noncent des discriminations graves. Retour sur les t\u00e9moignages poignants de ces personnes en qu\u00eate de refuge et de s\u00e9curit\u00e9.<\/p>\n<p><!-- \/wp:paragraph --><!-- wp:paragraph --><\/p>\n<p>\u00ab <em>Des soldats polonais ont ouvert le grand portail aux Ukrainiens, mais pour nous autres qui \u00e9tions des \u00e9trangers, nous devions passer par une petite porte qui s\u2019ouvrait toutes les cinq minutes, pour laisser passer seulement 10 personnes \u00e0 la fois. Les personnes qui essayaient de forcer le passage \u00e9taient rou\u00e9es de coups \u00e0 la t\u00eate<\/em> \u00bb, se souvient Alpha Oumar Diallo, 32 ans et originaire de la Guin\u00e9e. N\u2019ayant pas v\u00e9cu le franchissement des fronti\u00e8res de l\u2019UE comme les autres r\u00e9fugi\u00e9s, il affirme s\u2019\u00eatre senti discrimin\u00e9 \u00e0 cause de ses origines : \u00ab <em>Mon exp\u00e9rience \u00e0 la fronti\u00e8re polonaise a \u00e9t\u00e9 tr\u00e8s difficile. Mes amis et moi, qui venions d\u2019Afrique, avons \u00e9t\u00e9 retenus pendant deux jours avec pour seule nourriture des biscuits.<\/em> \u00bbDans les premiers jours qui ont suivi l\u2019invasion de l\u2019Ukraine par la Russie, <a href=\"https:\/\/master-crdm.parisnanterre.fr\/blacksheep\/expatries-russes-en-france-les-censures-naffectent-pas-les-politiciens-seulement-les-citoyens\/\">plusieurs dispositifs d\u2019accueil ont \u00e9t\u00e9 mis en place par l\u2019UE<\/a>. Mais ces dispositifs ne concernent pas tous les r\u00e9fugi\u00e9s. Un r\u00e9gime d\u2019exception dont ne font pas partie les non-europ\u00e9ens, m\u00eame celles et ceux fuyant l\u2019Ukraine. Ils sont nombreux \u00e0 d\u00e9noncer des actes d\u2019exclusion ainsi que des violences au niveau des postes-fronti\u00e8res, notamment en Pologne et en Hongrie. Plusieurs r\u00e9fugi\u00e9s originaires d\u2019Afrique, d\u2019Inde ou du Pakistan affirment avoir \u00e9t\u00e9 emp\u00each\u00e9s de prendre les trains ou les bus pour se rendre en Pologne. Tandis que d\u2019autres d\u00e9noncent des actes de violence commis par les gardes-fronti\u00e8res ukrainiens. \u00ab <em>Nous avons march\u00e9 pendant 10 heures avant d\u2019atteindre la fronti\u00e8re avec la Pologne. Nous avons trouv\u00e9 des gardes-fronti\u00e8res ukrainiens qui nous ont refus\u00e9 le passage en Pologne, sous pr\u00e9texte que les ukrainiens \u00e9taient prioritaires. Je suis rest\u00e9 sur place durant trois jours sans nourriture, avant de perdre connaissance. \u00c0 mon r\u00e9veil, je me suis retrouv\u00e9 dans les mains des gardes frontaliers polonais sans savoir ce qui m\u2019\u00e9tait arriv\u00e9<\/em> \u00bb se rappelle Rayan, jeune \u00e9tudiant marocain.<\/p>\n<p><!-- \/wp:paragraph --><!-- wp:heading --><\/p>\n<h2 class=\"wp-block-heading\"><strong><strong>Un dispositif qui ne fait pas l\u2019unanimit\u00e9 dans l\u2019UE<\/strong><\/strong><\/h2>\n<p><!-- \/wp:heading --><!-- wp:paragraph --><\/p>\n<p>Malgr\u00e9 la d\u00e9cision unanime de l\u2019application de la directive europ\u00e9enne sur la protection temporaire des personnes fuyant la guerre le temps de la dur\u00e9e d\u2019un conflit, certains pays ne la respectent pas. La Pologne a notamment mis en place une protection diff\u00e9renci\u00e9e pour les r\u00e9fugi\u00e9s qu\u2019elle accueille. Elle octroie, en effet, un titre de s\u00e9jour temporaire, valable 18 mois aux ressortissants ukrainiens. Une autorisation de s\u00e9jour valable un an, est \u00e9galement accord\u00e9e aux ressortissants de pays tiers qui b\u00e9n\u00e9ficiaient d\u2019une protection internationale en Ukraine ou qui \u00e9taient titulaires d\u2019un titre de s\u00e9jour permanent. Les personnes qui r\u00e9sidaient temporairement en Ukraine doivent quant \u00e0 elles demander l\u2019asile pour obtenir une protection.<\/p>\n<p><!-- \/wp:paragraph --><!-- wp:heading --><\/p>\n<h2 class=\"wp-block-heading\"><strong>\u00ab<\/strong><strong><em> J\u2019ai \u00e9t\u00e9 contraint de d\u00e9poser une demande d\u2019asile.<\/em><\/strong><strong> \u00bb<\/strong><\/h2>\n<p><!-- \/wp:heading --><!-- wp:paragraph --><\/p>\n<p>La Hongrie a adopt\u00e9 le 8 mars un d\u00e9cret qui exclut du dispositif toutes les cat\u00e9gories de ressortissants de pays tiers qui r\u00e9sidaient en Ukraine, d\u00e9rogeant ainsi \u00e0 la d\u00e9cision de l\u2019UE. En France, des r\u00e9fugi\u00e9s \u00e9trangers affirment faire face \u00e0 des refus lors de leur demande d\u2019attribution de protection temporaire. C\u2019est le cas d\u2019Ali, jeune \u00e9tudiant ivoirien, qui tente d\u2019obtenir une assistance d\u2019urgence pour le logement. Apr\u00e8s plusieurs tentatives d\u2019obtention d\u2019un justificatif de r\u00e9sidence aupr\u00e8s de l\u2019ambassade d\u2019Ukraine \u00e0 Paris, pour avoir acc\u00e8s au titre de protection temporaire, il est aujourd\u2019hui sous le statut de demandeur d\u2019asile : \u00ab <em>J\u2019ai perdu tous mes documents d\u2019identit\u00e9, et malgr\u00e9 mes efforts pour en obtenir des copies aupr\u00e8s de l\u2019ambassade d\u2019Ukraine \u00e0 Paris, mes demandes ont \u00e9t\u00e9 vaines. La pr\u00e9fecture m\u2019a alors refus\u00e9 la protection et j\u2019ai \u00e9t\u00e9 contraint de d\u00e9poser une demande d\u2019asile<\/em> \u00bb, se d\u00e9sole-t-il.<\/p>\n<p><!-- \/wp:paragraph --><!-- wp:paragraph --><\/p>\n<p><strong>Des \u00e9tudiants laiss\u00e9s pour compte<\/strong><\/p>\n<p><!-- \/wp:paragraph --><!-- wp:paragraph --><\/p>\n<p>Alors que de nombreux \u00e9tudiants \u00e9trangers qui ont fui la guerre en Ukraine affichent leur volont\u00e9 de poursuivre leurs \u00e9tudes en Europe, la directive europ\u00e9enne n\u2019a pas \u00e9t\u00e9 \u00e9largie \u00e0 leur niveau. Seuls l\u2019Espagne et le Portugal offrent une protection temporaire. Les autres pays de l\u2019UE n\u2019accordent l\u2019acc\u00e8s aux universit\u00e9s qu\u2019aux \u00e9tudiants concern\u00e9s par la directive. La grande majorit\u00e9 des 80 000 \u00e9tudiants \u00e9trangers qui r\u00e9sidaient en Ukraine et qui ont fui vers les pays de l\u2019UE se retrouvent dans l\u2019incertitude totale quant \u00e0 leur avenir.<\/p>\n<p><!-- \/wp:paragraph --><!-- wp:heading --><\/p>\n<h2 class=\"wp-block-heading\"><strong>Des \u00e9tudiants laiss\u00e9s pour compte<\/strong><\/h2>\n<p><!-- \/wp:heading --><!-- wp:paragraph --><\/p>\n<p>Alors que de nombreux \u00e9tudiants \u00e9trangers qui ont fui la guerre en Ukraine affichent leur volont\u00e9 de poursuivre leurs \u00e9tudes en Europe, la directive europ\u00e9enne n\u2019a pas \u00e9t\u00e9 \u00e9largie \u00e0 leur niveau. Seuls l\u2019Espagne et le Portugal offrent une protection temporaire. Les autres pays de l\u2019UE n\u2019accordent l\u2019acc\u00e8s aux universit\u00e9s qu\u2019aux \u00e9tudiants concern\u00e9s par la directive. La grande majorit\u00e9 des 80 000 \u00e9tudiants \u00e9trangers qui r\u00e9sidaient en Ukraine et qui ont fui vers les pays de l\u2019UE se retrouvent dans l\u2019incertitude totale quant \u00e0 leur avenir.<\/p>\n<p><!-- \/wp:paragraph --><!-- wp:heading --><\/p>\n<h2 class=\"wp-block-heading\"><strong>Des \u00e9tudiants laiss\u00e9s pour compte<\/strong><\/h2>\n<p><!-- \/wp:heading --><!-- wp:paragraph --><\/p>\n<p>Aujourd\u2019hui, la plupart des expatri\u00e9s \u00e9trangers sont h\u00e9berg\u00e9s par leurs proches, les b\u00e9n\u00e9voles ou encore les associations d\u2019aide aux migrants. Leur nombre est estim\u00e9 \u00e0 4% des r\u00e9fugi\u00e9s venus d\u2019Ukraine. En France, la plupart d\u2019entre eux obtiennent, dans un premier temps, un titre de s\u00e9jour provisoire d\u2019un mois, avant d\u2019\u00eatre \u00ab invit\u00e9 \u00bb \u00e0 quitter le territoire. Pour beaucoup de ces expatri\u00e9s, un retour dans leur pays d\u2019origine pourrait compromettre leur poursuite d\u2019\u00e9tudes ou leur vie professionnelle. Plusieurs d\u2019entre eux ont pr\u00e9f\u00e9r\u00e9 entamer des proc\u00e9dures de demande d\u2019asile. \u00c0 ce jour, aucune donn\u00e9e officielle ne fait \u00e9tat de la situation des personnes \u00e9trang\u00e8res venues d\u2019Ukraine.<\/p>\n<p><!-- \/wp:paragraph --><\/p>\t\t\t\t\t\t\t\t<\/div>\n\t\t\t\t<\/div>\n\t\t\t\t\t<\/div>\n\t\t\t\t<\/div>\n\t\t\t\t<\/div>\n\t\t","protected":false},"excerpt":{"rendered":"<p>Depuis l\u2019annexion de l\u2019Ukraine par la Russie en f\u00e9vrier 2022, des millions de r\u00e9fugi\u00e9s ukrainiens et \u00e9trangers fuient leur pays pour \u00e9chapper aux violences. Si les membres de l\u2019Union europ\u00e9enne ont mis en place des conditions exceptionnelles d\u2019accueil, ce n\u2019est pas le cas pour les ressortissants non-europ\u00e9ens qui d\u00e9noncent des discriminations graves. Retour sur les t\u00e9moignages poignants de ces personnes en qu\u00eate de refuge et de s\u00e9curit\u00e9.<\/p>\n","protected":false},"author":9,"featured_media":1294,"comment_status":"close","ping_status":"close","sticky":false,"template":"","format":"standard","meta":{"_FSMCFIC_featured_image_caption":"","_FSMCFIC_featured_image_nocaption":"","_FSMCFIC_featured_image_hide":"","footnotes":""},"categories":[8,15],"tags":[],"class_list":["post-655","post","type-post","status-publish","format-standard","has-post-thumbnail","hentry","category-edition-2023","category-societe"],"yoast_head":"<!-- This site is optimized with the Yoast SEO plugin v24.2 - https:\/\/yoast.com\/wordpress\/plugins\/seo\/ -->\n<title>Accueil des r\u00e9fugi\u00e9s : une in\u00e9galit\u00e9 de traitement ? - Black Sheep<\/title>\n<meta name=\"robots\" content=\"index, follow, max-snippet:-1, max-image-preview:large, max-video-preview:-1\" \/>\n<link rel=\"canonical\" href=\"https:\/\/master-crdm.parisnanterre.fr\/blacksheep\/accueil-des-refugies-une-inegalite-de-traitement\/\" \/>\n<meta property=\"og:locale\" content=\"fr_FR\" \/>\n<meta property=\"og:type\" content=\"article\" \/>\n<meta property=\"og:title\" content=\"Accueil des r\u00e9fugi\u00e9s : une in\u00e9galit\u00e9 de traitement ? - Black Sheep\" \/>\n<meta property=\"og:description\" content=\"Depuis l\u2019annexion de l\u2019Ukraine par la Russie en f\u00e9vrier 2022, des millions de r\u00e9fugi\u00e9s ukrainiens et \u00e9trangers fuient leur pays pour \u00e9chapper aux violences. Si les membres de l\u2019Union europ\u00e9enne ont mis en place des conditions exceptionnelles d\u2019accueil, ce n\u2019est pas le cas pour les ressortissants non-europ\u00e9ens qui d\u00e9noncent des discriminations graves. Retour sur les t\u00e9moignages poignants de ces personnes en qu\u00eate de refuge et de s\u00e9curit\u00e9.\" \/>\n<meta property=\"og:url\" content=\"https:\/\/master-crdm.parisnanterre.fr\/blacksheep\/accueil-des-refugies-une-inegalite-de-traitement\/\" \/>\n<meta property=\"og:site_name\" content=\"Black Sheep\" \/>\n<meta property=\"article:published_time\" content=\"2025-01-14T10:56:05+00:00\" \/>\n<meta property=\"article:modified_time\" content=\"2025-02-11T10:06:29+00:00\" \/>\n<meta property=\"og:image\" content=\"https:\/\/master-crdm.parisnanterre.fr\/blacksheep\/wp-content\/uploads\/2025\/01\/pexels-alain-nkingi-290332318-14432262-scaled.jpg\" \/>\n\t<meta property=\"og:image:width\" content=\"2560\" \/>\n\t<meta property=\"og:image:height\" content=\"1920\" \/>\n\t<meta property=\"og:image:type\" content=\"image\/jpeg\" \/>\n<meta name=\"author\" content=\"Camille Mbaya\" \/>\n<meta name=\"twitter:card\" content=\"summary_large_image\" \/>\n<meta name=\"twitter:label1\" content=\"\u00c9crit par\" \/>\n\t<meta name=\"twitter:data1\" content=\"Camille Mbaya\" \/>\n\t<meta name=\"twitter:label2\" content=\"Dur\u00e9e de lecture estim\u00e9e\" \/>\n\t<meta name=\"twitter:data2\" content=\"5 minutes\" \/>\n<script type=\"application\/ld+json\" class=\"yoast-schema-graph\">{\"@context\":\"https:\/\/schema.org\",\"@graph\":[{\"@type\":\"Article\",\"@id\":\"https:\/\/master-crdm.parisnanterre.fr\/blacksheep\/accueil-des-refugies-une-inegalite-de-traitement\/#article\",\"isPartOf\":{\"@id\":\"https:\/\/master-crdm.parisnanterre.fr\/blacksheep\/accueil-des-refugies-une-inegalite-de-traitement\/\"},\"author\":{\"name\":\"Camille Mbaya\",\"@id\":\"https:\/\/master-crdm.parisnanterre.fr\/blacksheep\/#\/schema\/person\/acf77ad3a0b4cfe425d4242197fe1e0b\"},\"headline\":\"Accueil des r\u00e9fugi\u00e9s : une in\u00e9galit\u00e9 de traitement ?\",\"datePublished\":\"2025-01-14T10:56:05+00:00\",\"dateModified\":\"2025-02-11T10:06:29+00:00\",\"mainEntityOfPage\":{\"@id\":\"https:\/\/master-crdm.parisnanterre.fr\/blacksheep\/accueil-des-refugies-une-inegalite-de-traitement\/\"},\"wordCount\":1081,\"publisher\":{\"@id\":\"https:\/\/master-crdm.parisnanterre.fr\/blacksheep\/#organization\"},\"image\":{\"@id\":\"https:\/\/master-crdm.parisnanterre.fr\/blacksheep\/accueil-des-refugies-une-inegalite-de-traitement\/#primaryimage\"},\"thumbnailUrl\":\"https:\/\/master-crdm.parisnanterre.fr\/blacksheep\/wp-content\/uploads\/2025\/01\/pexels-alain-nkingi-290332318-14432262-scaled.jpg\",\"articleSection\":[\"\u00c9dition 2023\",\"Soci\u00e9t\u00e9\"],\"inLanguage\":\"fr-FR\"},{\"@type\":\"WebPage\",\"@id\":\"https:\/\/master-crdm.parisnanterre.fr\/blacksheep\/accueil-des-refugies-une-inegalite-de-traitement\/\",\"url\":\"https:\/\/master-crdm.parisnanterre.fr\/blacksheep\/accueil-des-refugies-une-inegalite-de-traitement\/\",\"name\":\"Accueil des r\u00e9fugi\u00e9s : une in\u00e9galit\u00e9 de traitement ? - Black Sheep\",\"isPartOf\":{\"@id\":\"https:\/\/master-crdm.parisnanterre.fr\/blacksheep\/#website\"},\"primaryImageOfPage\":{\"@id\":\"https:\/\/master-crdm.parisnanterre.fr\/blacksheep\/accueil-des-refugies-une-inegalite-de-traitement\/#primaryimage\"},\"image\":{\"@id\":\"https:\/\/master-crdm.parisnanterre.fr\/blacksheep\/accueil-des-refugies-une-inegalite-de-traitement\/#primaryimage\"},\"thumbnailUrl\":\"https:\/\/master-crdm.parisnanterre.fr\/blacksheep\/wp-content\/uploads\/2025\/01\/pexels-alain-nkingi-290332318-14432262-scaled.jpg\",\"datePublished\":\"2025-01-14T10:56:05+00:00\",\"dateModified\":\"2025-02-11T10:06:29+00:00\",\"breadcrumb\":{\"@id\":\"https:\/\/master-crdm.parisnanterre.fr\/blacksheep\/accueil-des-refugies-une-inegalite-de-traitement\/#breadcrumb\"},\"inLanguage\":\"fr-FR\",\"potentialAction\":[{\"@type\":\"ReadAction\",\"target\":[\"https:\/\/master-crdm.parisnanterre.fr\/blacksheep\/accueil-des-refugies-une-inegalite-de-traitement\/\"]}]},{\"@type\":\"ImageObject\",\"inLanguage\":\"fr-FR\",\"@id\":\"https:\/\/master-crdm.parisnanterre.fr\/blacksheep\/accueil-des-refugies-une-inegalite-de-traitement\/#primaryimage\",\"url\":\"https:\/\/master-crdm.parisnanterre.fr\/blacksheep\/wp-content\/uploads\/2025\/01\/pexels-alain-nkingi-290332318-14432262-scaled.jpg\",\"contentUrl\":\"https:\/\/master-crdm.parisnanterre.fr\/blacksheep\/wp-content\/uploads\/2025\/01\/pexels-alain-nkingi-290332318-14432262-scaled.jpg\",\"width\":2560,\"height\":1920,\"caption\":\"Camp de r\u00e9fugi\u00e9s | Pexels\"},{\"@type\":\"BreadcrumbList\",\"@id\":\"https:\/\/master-crdm.parisnanterre.fr\/blacksheep\/accueil-des-refugies-une-inegalite-de-traitement\/#breadcrumb\",\"itemListElement\":[{\"@type\":\"ListItem\",\"position\":1,\"name\":\"Home\",\"item\":\"https:\/\/master-crdm.parisnanterre.fr\/blacksheep\/\"},{\"@type\":\"ListItem\",\"position\":2,\"name\":\"Accueil des r\u00e9fugi\u00e9s : une in\u00e9galit\u00e9 de traitement ?\"}]},{\"@type\":\"WebSite\",\"@id\":\"https:\/\/master-crdm.parisnanterre.fr\/blacksheep\/#website\",\"url\":\"https:\/\/master-crdm.parisnanterre.fr\/blacksheep\/\",\"name\":\"Black Sheep\",\"description\":\"Le magazine du master CRDM\",\"publisher\":{\"@id\":\"https:\/\/master-crdm.parisnanterre.fr\/blacksheep\/#organization\"},\"potentialAction\":[{\"@type\":\"SearchAction\",\"target\":{\"@type\":\"EntryPoint\",\"urlTemplate\":\"https:\/\/master-crdm.parisnanterre.fr\/blacksheep\/?s={search_term_string}\"},\"query-input\":{\"@type\":\"PropertyValueSpecification\",\"valueRequired\":true,\"valueName\":\"search_term_string\"}}],\"inLanguage\":\"fr-FR\"},{\"@type\":\"Organization\",\"@id\":\"https:\/\/master-crdm.parisnanterre.fr\/blacksheep\/#organization\",\"name\":\"Black Sheep\",\"url\":\"https:\/\/master-crdm.parisnanterre.fr\/blacksheep\/\",\"logo\":{\"@type\":\"ImageObject\",\"inLanguage\":\"fr-FR\",\"@id\":\"https:\/\/master-crdm.parisnanterre.fr\/blacksheep\/#\/schema\/logo\/image\/\",\"url\":\"https:\/\/master-crdm.parisnanterre.fr\/blacksheep\/wp-content\/uploads\/2024\/01\/LOGO-BLACK-RECTANGLE.png\",\"contentUrl\":\"https:\/\/master-crdm.parisnanterre.fr\/blacksheep\/wp-content\/uploads\/2024\/01\/LOGO-BLACK-RECTANGLE.png\",\"width\":500,\"height\":330,\"caption\":\"Black Sheep\"},\"image\":{\"@id\":\"https:\/\/master-crdm.parisnanterre.fr\/blacksheep\/#\/schema\/logo\/image\/\"}},{\"@type\":\"Person\",\"@id\":\"https:\/\/master-crdm.parisnanterre.fr\/blacksheep\/#\/schema\/person\/acf77ad3a0b4cfe425d4242197fe1e0b\",\"name\":\"Camille Mbaya\",\"image\":{\"@type\":\"ImageObject\",\"inLanguage\":\"fr-FR\",\"@id\":\"https:\/\/master-crdm.parisnanterre.fr\/blacksheep\/#\/schema\/person\/image\/\",\"url\":\"https:\/\/secure.gravatar.com\/avatar\/a8f585ce130c09bb6b0795f2caf79ff0ef8126a3848054df48c34c43ccd293ba?s=96&d=mm&r=g\",\"contentUrl\":\"https:\/\/secure.gravatar.com\/avatar\/a8f585ce130c09bb6b0795f2caf79ff0ef8126a3848054df48c34c43ccd293ba?s=96&d=mm&r=g\",\"caption\":\"Camille Mbaya\"},\"url\":\"https:\/\/master-crdm.parisnanterre.fr\/blacksheep\/author\/camille\/\"}]}<\/script>\n<!-- \/ Yoast SEO plugin. -->","yoast_head_json":{"title":"Accueil des r\u00e9fugi\u00e9s : une in\u00e9galit\u00e9 de traitement ? - Black Sheep","robots":{"index":"index","follow":"follow","max-snippet":"max-snippet:-1","max-image-preview":"max-image-preview:large","max-video-preview":"max-video-preview:-1"},"canonical":"https:\/\/master-crdm.parisnanterre.fr\/blacksheep\/accueil-des-refugies-une-inegalite-de-traitement\/","og_locale":"fr_FR","og_type":"article","og_title":"Accueil des r\u00e9fugi\u00e9s : une in\u00e9galit\u00e9 de traitement ? - Black Sheep","og_description":"Depuis l\u2019annexion de l\u2019Ukraine par la Russie en f\u00e9vrier 2022, des millions de r\u00e9fugi\u00e9s ukrainiens et \u00e9trangers fuient leur pays pour \u00e9chapper aux violences. Si les membres de l\u2019Union europ\u00e9enne ont mis en place des conditions exceptionnelles d\u2019accueil, ce n\u2019est pas le cas pour les ressortissants non-europ\u00e9ens qui d\u00e9noncent des discriminations graves. Retour sur les t\u00e9moignages poignants de ces personnes en qu\u00eate de refuge et de s\u00e9curit\u00e9.","og_url":"https:\/\/master-crdm.parisnanterre.fr\/blacksheep\/accueil-des-refugies-une-inegalite-de-traitement\/","og_site_name":"Black Sheep","article_published_time":"2025-01-14T10:56:05+00:00","article_modified_time":"2025-02-11T10:06:29+00:00","og_image":[{"width":2560,"height":1920,"url":"https:\/\/master-crdm.parisnanterre.fr\/blacksheep\/wp-content\/uploads\/2025\/01\/pexels-alain-nkingi-290332318-14432262-scaled.jpg","type":"image\/jpeg"}],"author":"Camille Mbaya","twitter_card":"summary_large_image","twitter_misc":{"\u00c9crit par":"Camille Mbaya","Dur\u00e9e de lecture estim\u00e9e":"5 minutes"},"schema":{"@context":"https:\/\/schema.org","@graph":[{"@type":"Article","@id":"https:\/\/master-crdm.parisnanterre.fr\/blacksheep\/accueil-des-refugies-une-inegalite-de-traitement\/#article","isPartOf":{"@id":"https:\/\/master-crdm.parisnanterre.fr\/blacksheep\/accueil-des-refugies-une-inegalite-de-traitement\/"},"author":{"name":"Camille Mbaya","@id":"https:\/\/master-crdm.parisnanterre.fr\/blacksheep\/#\/schema\/person\/acf77ad3a0b4cfe425d4242197fe1e0b"},"headline":"Accueil des r\u00e9fugi\u00e9s : une in\u00e9galit\u00e9 de traitement ?","datePublished":"2025-01-14T10:56:05+00:00","dateModified":"2025-02-11T10:06:29+00:00","mainEntityOfPage":{"@id":"https:\/\/master-crdm.parisnanterre.fr\/blacksheep\/accueil-des-refugies-une-inegalite-de-traitement\/"},"wordCount":1081,"publisher":{"@id":"https:\/\/master-crdm.parisnanterre.fr\/blacksheep\/#organization"},"image":{"@id":"https:\/\/master-crdm.parisnanterre.fr\/blacksheep\/accueil-des-refugies-une-inegalite-de-traitement\/#primaryimage"},"thumbnailUrl":"https:\/\/master-crdm.parisnanterre.fr\/blacksheep\/wp-content\/uploads\/2025\/01\/pexels-alain-nkingi-290332318-14432262-scaled.jpg","articleSection":["\u00c9dition 2023","Soci\u00e9t\u00e9"],"inLanguage":"fr-FR"},{"@type":"WebPage","@id":"https:\/\/master-crdm.parisnanterre.fr\/blacksheep\/accueil-des-refugies-une-inegalite-de-traitement\/","url":"https:\/\/master-crdm.parisnanterre.fr\/blacksheep\/accueil-des-refugies-une-inegalite-de-traitement\/","name":"Accueil des r\u00e9fugi\u00e9s : une in\u00e9galit\u00e9 de traitement ? - Black Sheep","isPartOf":{"@id":"https:\/\/master-crdm.parisnanterre.fr\/blacksheep\/#website"},"primaryImageOfPage":{"@id":"https:\/\/master-crdm.parisnanterre.fr\/blacksheep\/accueil-des-refugies-une-inegalite-de-traitement\/#primaryimage"},"image":{"@id":"https:\/\/master-crdm.parisnanterre.fr\/blacksheep\/accueil-des-refugies-une-inegalite-de-traitement\/#primaryimage"},"thumbnailUrl":"https:\/\/master-crdm.parisnanterre.fr\/blacksheep\/wp-content\/uploads\/2025\/01\/pexels-alain-nkingi-290332318-14432262-scaled.jpg","datePublished":"2025-01-14T10:56:05+00:00","dateModified":"2025-02-11T10:06:29+00:00","breadcrumb":{"@id":"https:\/\/master-crdm.parisnanterre.fr\/blacksheep\/accueil-des-refugies-une-inegalite-de-traitement\/#breadcrumb"},"inLanguage":"fr-FR","potentialAction":[{"@type":"ReadAction","target":["https:\/\/master-crdm.parisnanterre.fr\/blacksheep\/accueil-des-refugies-une-inegalite-de-traitement\/"]}]},{"@type":"ImageObject","inLanguage":"fr-FR","@id":"https:\/\/master-crdm.parisnanterre.fr\/blacksheep\/accueil-des-refugies-une-inegalite-de-traitement\/#primaryimage","url":"https:\/\/master-crdm.parisnanterre.fr\/blacksheep\/wp-content\/uploads\/2025\/01\/pexels-alain-nkingi-290332318-14432262-scaled.jpg","contentUrl":"https:\/\/master-crdm.parisnanterre.fr\/blacksheep\/wp-content\/uploads\/2025\/01\/pexels-alain-nkingi-290332318-14432262-scaled.jpg","width":2560,"height":1920,"caption":"Camp de r\u00e9fugi\u00e9s | Pexels"},{"@type":"BreadcrumbList","@id":"https:\/\/master-crdm.parisnanterre.fr\/blacksheep\/accueil-des-refugies-une-inegalite-de-traitement\/#breadcrumb","itemListElement":[{"@type":"ListItem","position":1,"name":"Home","item":"https:\/\/master-crdm.parisnanterre.fr\/blacksheep\/"},{"@type":"ListItem","position":2,"name":"Accueil des r\u00e9fugi\u00e9s : une in\u00e9galit\u00e9 de traitement ?"}]},{"@type":"WebSite","@id":"https:\/\/master-crdm.parisnanterre.fr\/blacksheep\/#website","url":"https:\/\/master-crdm.parisnanterre.fr\/blacksheep\/","name":"Black Sheep","description":"Le magazine du master CRDM","publisher":{"@id":"https:\/\/master-crdm.parisnanterre.fr\/blacksheep\/#organization"},"potentialAction":[{"@type":"SearchAction","target":{"@type":"EntryPoint","urlTemplate":"https:\/\/master-crdm.parisnanterre.fr\/blacksheep\/?s={search_term_string}"},"query-input":{"@type":"PropertyValueSpecification","valueRequired":true,"valueName":"search_term_string"}}],"inLanguage":"fr-FR"},{"@type":"Organization","@id":"https:\/\/master-crdm.parisnanterre.fr\/blacksheep\/#organization","name":"Black Sheep","url":"https:\/\/master-crdm.parisnanterre.fr\/blacksheep\/","logo":{"@type":"ImageObject","inLanguage":"fr-FR","@id":"https:\/\/master-crdm.parisnanterre.fr\/blacksheep\/#\/schema\/logo\/image\/","url":"https:\/\/master-crdm.parisnanterre.fr\/blacksheep\/wp-content\/uploads\/2024\/01\/LOGO-BLACK-RECTANGLE.png","contentUrl":"https:\/\/master-crdm.parisnanterre.fr\/blacksheep\/wp-content\/uploads\/2024\/01\/LOGO-BLACK-RECTANGLE.png","width":500,"height":330,"caption":"Black Sheep"},"image":{"@id":"https:\/\/master-crdm.parisnanterre.fr\/blacksheep\/#\/schema\/logo\/image\/"}},{"@type":"Person","@id":"https:\/\/master-crdm.parisnanterre.fr\/blacksheep\/#\/schema\/person\/acf77ad3a0b4cfe425d4242197fe1e0b","name":"Camille Mbaya","image":{"@type":"ImageObject","inLanguage":"fr-FR","@id":"https:\/\/master-crdm.parisnanterre.fr\/blacksheep\/#\/schema\/person\/image\/","url":"https:\/\/secure.gravatar.com\/avatar\/a8f585ce130c09bb6b0795f2caf79ff0ef8126a3848054df48c34c43ccd293ba?s=96&d=mm&r=g","contentUrl":"https:\/\/secure.gravatar.com\/avatar\/a8f585ce130c09bb6b0795f2caf79ff0ef8126a3848054df48c34c43ccd293ba?s=96&d=mm&r=g","caption":"Camille Mbaya"},"url":"https:\/\/master-crdm.parisnanterre.fr\/blacksheep\/author\/camille\/"}]}},"_links":{"self":[{"href":"https:\/\/master-crdm.parisnanterre.fr\/blacksheep\/wp-json\/wp\/v2\/posts\/655","targetHints":{"allow":["GET"]}}],"collection":[{"href":"https:\/\/master-crdm.parisnanterre.fr\/blacksheep\/wp-json\/wp\/v2\/posts"}],"about":[{"href":"https:\/\/master-crdm.parisnanterre.fr\/blacksheep\/wp-json\/wp\/v2\/types\/post"}],"author":[{"embeddable":true,"href":"https:\/\/master-crdm.parisnanterre.fr\/blacksheep\/wp-json\/wp\/v2\/users\/9"}],"replies":[{"embeddable":true,"href":"https:\/\/master-crdm.parisnanterre.fr\/blacksheep\/wp-json\/wp\/v2\/comments?post=655"}],"version-history":[{"count":11,"href":"https:\/\/master-crdm.parisnanterre.fr\/blacksheep\/wp-json\/wp\/v2\/posts\/655\/revisions"}],"predecessor-version":[{"id":1688,"href":"https:\/\/master-crdm.parisnanterre.fr\/blacksheep\/wp-json\/wp\/v2\/posts\/655\/revisions\/1688"}],"wp:featuredmedia":[{"embeddable":true,"href":"https:\/\/master-crdm.parisnanterre.fr\/blacksheep\/wp-json\/wp\/v2\/media\/1294"}],"wp:attachment":[{"href":"https:\/\/master-crdm.parisnanterre.fr\/blacksheep\/wp-json\/wp\/v2\/media?parent=655"}],"wp:term":[{"taxonomy":"category","embeddable":true,"href":"https:\/\/master-crdm.parisnanterre.fr\/blacksheep\/wp-json\/wp\/v2\/categories?post=655"},{"taxonomy":"post_tag","embeddable":true,"href":"https:\/\/master-crdm.parisnanterre.fr\/blacksheep\/wp-json\/wp\/v2\/tags?post=655"}],"curies":[{"name":"wp","href":"https:\/\/api.w.org\/{rel}","templated":true}]}}