{"id":461,"date":"2025-01-14T10:38:10","date_gmt":"2025-01-14T09:38:10","guid":{"rendered":"https:\/\/master-crdm.parisnanterre.fr\/blacksheep\/?p=461"},"modified":"2025-02-11T10:49:53","modified_gmt":"2025-02-11T09:49:53","slug":"sarah-saldmann-provocante-avocate-qui-ne-quitte-pas-le-poste","status":"publish","type":"post","link":"https:\/\/master-crdm.parisnanterre.fr\/blacksheep\/sarah-saldmann-provocante-avocate-qui-ne-quitte-pas-le-poste\/","title":{"rendered":"Sarah Saldmann : la provocante avocate qui ne quitte pas le poste"},"content":{"rendered":"\t\t<div data-elementor-type=\"wp-post\" data-elementor-id=\"461\" class=\"elementor elementor-461\">\n\t\t\t\t<div class=\"elementor-element elementor-element-40dacacf e-con-full e-flex e-con e-parent\" data-id=\"40dacacf\" data-element_type=\"container\" data-e-type=\"container\">\n\t\t\t\t<div class=\"elementor-element elementor-element-9becfb8 elementor-widget elementor-widget-text-editor\" data-id=\"9becfb8\" data-element_type=\"widget\" data-e-type=\"widget\" data-widget_type=\"text-editor.default\">\n\t\t\t\t<div class=\"elementor-widget-container\">\n\t\t\t\t\t\t\t\t\t<p>&nbsp; &nbsp; &nbsp; &nbsp; &nbsp; &nbsp; &nbsp; &nbsp; &nbsp; &nbsp; &nbsp; &nbsp; &nbsp; &nbsp; &nbsp; &nbsp; &nbsp; &nbsp; &nbsp; &nbsp; &nbsp; &nbsp; &nbsp; &nbsp; &nbsp; &nbsp; &nbsp; &nbsp; &nbsp; &nbsp; &nbsp; &nbsp; &nbsp; &nbsp; &nbsp; &nbsp; &nbsp; &nbsp; &nbsp; &nbsp; &nbsp; &nbsp; &nbsp; &nbsp; &nbsp; &nbsp; &nbsp; &nbsp; &nbsp; &nbsp; &nbsp; &nbsp; &nbsp; &nbsp; &nbsp; &nbsp; &nbsp; &nbsp; &nbsp; &nbsp; &nbsp; &nbsp; &nbsp; &nbsp; &nbsp; &nbsp; &nbsp; &nbsp; &nbsp; &nbsp; &nbsp; &nbsp; &nbsp; &nbsp; &nbsp; &nbsp; &nbsp; &nbsp; &nbsp; &nbsp; &nbsp; &nbsp; Par <a href=\"https:\/\/hugobernard.fr\/\">Hugo Bernard<\/a><\/p>\n<p><i>\u00ab H\u00e9ro\u00efne \u00bb<\/i> d\u2019<em>Au boulot !<\/em>, le dernier documentaire de Fran\u00e7ois Ruffin (instigateur du&nbsp;<a href=\"https:\/\/cequejepense.fr\/pourquoi-front-populaire-ce-quil-pouvait-nous-arriver-de-mieux\/\" target=\"_blank\" rel=\"noopener\">Nouveau Front Populaire<\/a>) et Gilles Perret, Sarah Saldmann est-elle seulement une \u00ab blonde \u00e9cervel\u00e9e \u00bb comme la t\u00e9l\u00e9vision tend \u00e0 la construire ? L\u2019avocate des plateaux t\u00e9l\u00e9, devenue <i>\u00ab Grande Gueule \u00bb <\/i>et intervenante r\u00e9guli\u00e8re, semble se mettre la t\u00e9l\u00e9vision dans la poche. Jusqu\u2019o\u00f9 ira cette nouvelle figure du PAF ?<\/p>\n<p><!-- \/wp:paragraph --><!-- wp:heading --><\/p>\n<h2>Sarah Saldmann, c\u2019est d\u2019abord l\u2019histoire d\u2019une avocate<\/h2>\n<p><!-- \/wp:heading --><!-- wp:paragraph --><\/p>\n<p>La femme de 33 ans para\u00eet sortir de nulle part, pourtant ses origines trahissent l\u2019\u00e9ducation qu\u2019elle a re\u00e7ue. Elle est<i> \u00ab fille de \u00bb<\/i> Fr\u00e9d\u00e9ric Saldmann, cardiologue, nutritionniste et chef d\u2019entreprise. Un p\u00e8re pr\u00e9sent dans les m\u00e9dias, chroniqueur \u00e0 RTL et souvent invit\u00e9 \u00e0 la t\u00e9l\u00e9vision ou \u00e0 la radio. Sarah reconna\u00eet que son p\u00e8re n\u2019a pas \u00e9t\u00e9 tr\u00e8s pr\u00e9sent dans sa vie. Pourtant, la<i> \u00ab fille Saldmann \u00bb<\/i> le reconna\u00eet :<i> \u00ab J\u2019ai \u00e9t\u00e9 \u00e0 la bonne \u00e9cole \u00bb<\/i> et s\u2019est tout de suite sentie \u00e0 sa place dans les m\u00e9dias, comme elle l\u2019explique au <a href=\"https:\/\/tvmag.lefigaro.fr\/programme-tv\/actu-tele\/qui-est-sarah-saldmann-l-avocate-et-chroniqueuse-star-de-cnews-visage-du-film-au-boulot-de-francois-ruffin-20241111\"><em>Figaro<\/em><\/a>.<\/p>\n<p><!-- \/wp:paragraph --><!-- wp:image {\"id\":463,\"sizeSlug\":\"full\",\"linkDestination\":\"none\"} --><\/p>\n<figure><img decoding=\"async\" src=\"https:\/\/master-crdm.parisnanterre.fr\/blacksheep\/wp-content\/uploads\/2025\/01\/sarah-saldmann-Au-Boulot_Photo-1-@-Les-400-Clous-1024x576-1.jpg\" alt=\"sarah saldmann\"><i style=\"font-family: var( --e-global-typography-text-font-family ), Sans-serif; font-size: var( --e-global-typography-text-font-size ); font-weight: var( --e-global-typography-text-font-weight ); background-color: var(--wp--preset--color--base); letter-spacing: -0.005em;\">Sarah Saldmann dans le documentaire \u00ab Au boulot ! \u00bb. Source : Jour2F\u00eate<\/i><\/figure>\n<p><!-- \/wp:image --><!-- wp:paragraph --><\/p>\n<p>Sarah Saldmann a tr\u00e8s t\u00f4t voulu \u00eatre avocate : <i>\u00ab Peut-\u00eatre un peu par id\u00e9al, pour la d\u00e9fense de la veuve et l\u2019orphelin\u2026 Mais bon, c\u2019est vite pass\u00e9. Le p\u00e9nal, la comparution imm\u00e9diate \u00e0 Bobigny, la d\u00e9fense des trafiquants de drogue, j\u2019ai vite vu que ce n\u2019\u00e9tait pas moi \u00bb. <\/i>Dipl\u00f4m\u00e9e d\u2019Assas et de la Sorbonne, elle a pass\u00e9 le barreau. Apr\u00e8s quelques stages, son propre cabinet est mont\u00e9 en 2019, sp\u00e9cialis\u00e9 dans le droit de la famille.<\/p>\n<p><!-- \/wp:paragraph --><!-- wp:paragraph --><\/p>\n<p>T\u00f4t dans sa carri\u00e8re d\u2019avocate, Sarah Saldmann a su faire conna\u00eetre les affaires qu\u2019elle d\u00e9fendait. La premi\u00e8re, c\u2019est l\u2019affaire Tesla : un chauffeur de taxi a voulu attaquer Tesla, marque de la voiture qu\u2019il conduisait au moment d\u2019un accident mortel. On note alors que<i> \u00ab sa combativit\u00e9 a fait mouche \u00bb.<\/i> Tant et si bien qu\u2019elle a m\u00eame d\u00e9fendu l\u2019agence d\u2019influenceurs Shauna Events, fond\u00e9e par Magali Berdha. L\u2019agence avait \u00e9t\u00e9 attaqu\u00e9e par le rappeur Booba, accusant lesdits influenceurs d\u2019arnaques en tous genres.<\/p>\n<p><!-- \/wp:paragraph --><!-- wp:heading --><\/p>\n<h2>Une relation compliqu\u00e9e \u00e0 sa profession<\/h2>\n<p><!-- \/wp:heading --><!-- wp:paragraph --><\/p>\n<p>L\u2019avocate a aussi d\u00e9fendu les familles de r\u00e9sidents chez Orp\u00e9a, \u00e0 la suite des <em>Fossoyeurs<\/em> de Victor Castanet, livre choc qui a enqu\u00eat\u00e9 sur les conditions de vie des seniors dans les r\u00e9sidences du groupe. Prise en photo par <em>Le Parisien<\/em> devant le tribunal de Nanterre, elle allait d\u00e9pos\u00e9 80 plaintes pour former un recours collectif. Rebelote en juin 2022 contre les Ehpad Korian. Elle compte d\u2019ailleurs faire de m\u00eame avec le dernier livre de Castanet, <em>Les Ogres<\/em>, sur les cr\u00e8ches priv\u00e9es. Sauf que depuis, les plaintes n\u2019ont jamais vraiment abouti.<\/p>\n<p><!-- \/wp:paragraph --><!-- wp:image {\"id\":464,\"sizeSlug\":\"large\",\"linkDestination\":\"none\"} --><\/p>\n<figure><img decoding=\"async\" src=\"https:\/\/master-crdm.parisnanterre.fr\/blacksheep\/wp-content\/uploads\/2025\/01\/sarah-saldmann-se-proteger-cest-gagner-1024x576.jpg\" alt=\"sarah saldmann\"><i style=\"font-family: var( --e-global-typography-text-font-family ), Sans-serif; font-size: var( --e-global-typography-text-font-size ); font-weight: var( --e-global-typography-text-font-weight ); background-color: var(--wp--preset--color--base); letter-spacing: -0.005em;\">Le livre \u00ab Se prot\u00e9ger, c&rsquo;est gagn\u00e9 \u00bb. Source : \u00c9ditions Robert Laffont<\/i><\/figure>\n<p><!-- \/wp:image --><!-- wp:paragraph --><\/p>\n<p>Au-del\u00e0 de ses propres affaires, c\u2019est sa relation avec le conseil de discipline de l\u2019ordre des avocats de Paris qui est compliqu\u00e9e. En d\u00e9cembre 2023, elle a re\u00e7u un bl\u00e2me avec une privation de faire partie du conseil de l\u2019ordre pendant cinq ans. En cause, ses prises de position dans les m\u00e9dias ; pour le conseil, <i>\u00ab La libert\u00e9 d\u2019expression de l\u2019avocat ne l\u2019autorise pas \u00e0 donner de sa profession une image violente, vulgaire ou cynique. \u00bb.&nbsp;<\/i>Dans son portrait sur la femme d\u2019affaires, <a href=\"https:\/\/www.lexpress.fr\/societe\/justice\/un-besoin-pathologique-detre-vu-les-barreaux-confrontes-aux-outrances-de-leurs-avocats-KVODPRF3ONG3XBE5NZ5PTCKNVA\/\"><em>L\u2019Express<\/em><\/a> interrogeait des avocats, dont l\u2019un deux \u00e9tait sans \u00e9quivoque<i> : \u00ab Tout le monde se fout d\u2019elle, elle n\u2019a pas beaucoup d\u2019amis dans la profession. Elle est persuad\u00e9e qu\u2019\u00eatre avocat c\u2019est avoir plein de relation publiques dans un milieu o\u00f9 tous les coups de pute sont permis. \u00bb.&nbsp;<\/i>Elle est m\u00eame consid\u00e9r\u00e9e par ses cons\u0153urs et confr\u00e8res comme <i>\u00ab une influenceuse racoleuse \u00bb.<\/i><\/p>\n<p><!-- \/wp:paragraph --><!-- wp:heading --><\/p>\n<h2>La provocation comme strat\u00e9gie rh\u00e9torique<\/h2>\n<p><!-- \/wp:heading --><!-- wp:paragraph --><\/p>\n<p>Avec ses tailleurs et sa chevelure blonde toujours <em>brush\u00e9e<\/em>, Sarah Saldmann repr\u00e9sente l\u2019arch\u00e9type de la bourgeoise parisienne d\u2019un temps r\u00e9volu. Un style vestimentaire qui rentrerait presque en contradiction avec son style rh\u00e9torique, fait de provocation.<\/p>\n<p><!-- \/wp:paragraph --><!-- wp:paragraph --><\/p>\n<p>Elle utilise toujours un langage direct, facile \u00e0 comprendre, avec des messages clairs et peu complexes. Son objectif, c\u2019est toujours de vulgariser des id\u00e9es pointues en les filant en m\u00e9taphores imm\u00e9diatement compr\u00e9hensibles. Le but du jeu, c\u2019est de mettre \u00e0 mal ses adversaires rh\u00e9toriques en les provocants. Sarah Saldmann n\u2019h\u00e9site pas \u00e0 utiliser un <a href=\"https:\/\/www.tiktok.com\/@sarah_saldmann\/video\/7292484801922075936\">langage cru, voire choquant, pour exprimer ses opinions, quitte \u00e0 heurter les sensibilit\u00e9<\/a>s. Un positionnement r\u00e9solument populiste, souvent d\u00e9magogique.<\/p>\n<p><!-- \/wp:paragraph --><!-- wp:embed {\"url\":\"https:\/\/www.tiktok.com\/@sarah_saldmann\/video\/7292484801922075936\",\"type\":\"video\",\"providerNameSlug\":\"tiktok\",\"responsive\":true} --><\/p>\n<figure>\n<div><span style=\"font-family: var( --e-global-typography-text-font-family ), Sans-serif; font-size: var( --e-global-typography-text-font-size ); font-weight: var( --e-global-typography-text-font-weight ); background-color: var(--wp--preset--color--base); letter-spacing: -0.005em;\">Son dernier combat, ce ne sont pas les nouveaux-n\u00e9s mis dans des cr\u00e8ches, mais les \u00ab assist\u00e9s \u00bb ; ou plut\u00f4t, ce sont eux qu\u2019elle combat. L\u00e0 o\u00f9 elle, a travaill\u00e9 dur : \u00ab Aujourd\u2019hui, je suis m\u00e9diatique, je gagne bien ma vie, mais \u00e7a n\u2019arrive pas tout seul : vous ne mesurez pas \u00e0 quel point j\u2019en voulais ! Beaucoup plus que les autres. J\u2019avais la dalle. \u00bb Pour l\u2019avocate, il y a une part de la population qui \u00ab profiterait \u00bb des aides sociales pour ne rien faire.<\/span><\/div>\n<\/figure>\n<p><!-- \/wp:paragraph --><!-- wp:paragraph --><\/p>\n<p>Cette provocation se retranscrit aussi dans les m\u00e9dias. Sarah Saldmann a des relations compliqu\u00e9es avec la presse \u00e9crite et s\u2019en m\u00e9fie beaucoup, apr\u00e8s des portraits peu \u00e9logieux, explique-t-elle au <a href=\"https:\/\/www.nouvelobs.com\/cinema\/20241110.OBS96159\/sarah-saldmann-francois-ruffin-et-les-feignasses-les-dessous-d-une-improbable-rencontre.html\"><em>Nouvel Obs<\/em><\/a> : \u00ab J\u2019ai \u00e9t\u00e9 trop pi\u00e9g\u00e9e par la presse \u00e9crite, je ne veux plus d\u2019article qui me d\u00e9crit avec mon chihuahua dans un caf\u00e9 chic du 7 [\u00e8me arrondissement de Paris] \u00bb.<\/p>\n<p><!-- \/wp:paragraph --><!-- wp:heading --><\/p>\n<h2>La provocation au service de son id\u00e9ologie lib\u00e9rale<\/h2>\n<p><!-- \/wp:heading --><!-- wp:paragraph --><\/p>\n<p>M\u00eame si Sarah Saldmann n\u2019est pas une femme politique, elle se dit \u00ab sarkozyste \u00bb et est devenue gr\u00e2ce aux m\u00e9dias une \u00e9ditorialiste politique, avec une position marqu\u00e9e \u00e0 droite, lib\u00e9rale. Pour elle, c\u2019est d\u2019abord l\u2019individu qui compte et pas forc\u00e9ment le collectif. C\u2019est par exemple le cas avec l\u2019\u00e9cologie, comme elle a pu en parler dans <em><a href=\"https:\/\/www.youtube.com\/watch?v=fAu7tt3NtSM&amp;pp=ygUXYXUgYm91bG90IGJhbmRlIGFubm9uY2U%3D\">Les Grandes Gueules<\/a><\/em> : <i>\u00ab \u00c0 titre personnel, je me fous compl\u00e8tement de l\u2019\u00e9cologie, \u00e7a ne m\u2019int\u00e9resse pas. Je vois d\u2019abord mon int\u00e9r\u00eat personnel et \u00e9ventuellement celui de la plan\u00e8te. Je prends des bains deux fois par jour. \u00bb.<\/i><\/p>\n<p><!-- \/wp:paragraph --><!-- wp:embed {\"url\":\"https:\/\/www.youtube.com\/watch?v=fAu7tt3NtSM\\u0026pp=ygUXYXUgYm91bG90IGJhbmRlIGFubm9uY2U%3D\",\"type\":\"video\",\"providerNameSlug\":\"youtube\",\"responsive\":true,\"className\":\"wp-embed-aspect-16-9 wp-has-aspect-ratio\"} --><\/p>\n<figure>\n<div><span style=\"font-family: var( --e-global-typography-text-font-family ), Sans-serif; font-size: var( --e-global-typography-text-font-size ); font-weight: var( --e-global-typography-text-font-weight ); background-color: var(--wp--preset--color--base); letter-spacing: -0.005em;\">Son plus grand combat, c\u2019est celui de l\u2019assistanat : Sarah Saldmann critique r\u00e9guli\u00e8rement celle qu\u2019elle appelle les <i>\u00ab assist\u00e9s \u00bb.<\/i> Ce seraient des citoyens <i>\u00ab qui vivent sous perfusion d\u2019allocs, sous perfusion d\u2019aides, qui sont vautr\u00e9es sur leur canap\u00e9 \u00e0 bouffer des chips devant la t\u00e9l\u00e9 toute la journ\u00e9e \u00bb<\/i>, d\u2019apr\u00e8s ses mots dans <\/span><em style=\"font-family: var( --e-global-typography-text-font-family ), Sans-serif; font-size: var( --e-global-typography-text-font-size ); font-weight: var( --e-global-typography-text-font-weight ); background-color: var(--wp--preset--color--base); letter-spacing: -0.005em;\">Les Grandes Gueules<\/em><span style=\"font-family: var( --e-global-typography-text-font-family ), Sans-serif; font-size: var( --e-global-typography-text-font-size ); font-weight: var( --e-global-typography-text-font-weight ); background-color: var(--wp--preset--color--base); letter-spacing: -0.005em;\">. L\u2019\u00e9ditorialiste d\u00e9nonce une <i>\u00ab France d\u2019assist\u00e9s qui ne veut plus rien foutre \u00bb.<\/i><\/span><\/div>\n<\/figure>\n<p><!-- \/wp:paragraph --><!-- wp:heading --><\/p>\n<h2>Sarah Saldmann est-elle riche ?<\/h2>\n<p><!-- \/wp:heading --><!-- wp:paragraph --><\/p>\n<p>Avec son style incisif, elle n\u2019h\u00e9site pas \u00e0 exposer un mode de vie bourgeois, dans ses interventions m\u00e9diatiques comme sur les r\u00e9seaux sociaux. Pourtant, elle dit avoir <i>\u00ab la frustration d\u2019\u00e9voluer dans un monde riche, sans en avoir compl\u00e8tement les moyens, avec m\u00eame, des petits boulots &#8211; promenades de chiens, correction de copies, r\u00e9daction des m\u00e9moires \u00bb.<\/i> Sarah Saldmann s\u2019estime \u00eatre \u00ab une pauvre parmi les riches \u00bb. Elle sait qu\u2019elle ne peut effacer ses origines sociales, alors elle cherche \u00e0 les estomper, comme un Donald Trump. Une strat\u00e9gie essentielle pour servir sa strat\u00e9gie rh\u00e9torique, qui repose sur l\u2019acharnement au travail \u00e0 la m\u00e9ritocratie.<\/p>\n<p><!-- \/wp:paragraph --><!-- wp:paragraph --><\/p>\n<p>Cette richesse est aussi vestimentaire : Sarah Saldmann est adepte des talons de 12 centim\u00e8tres, des vestes Chanel et de beaucoup de marques de luxe fran\u00e7aises. Dans <em>Au boulot !<\/em>, les articles de luxe sont m\u00eame parmi ses plus grands r\u00eaves. Celle qu\u2019on pourrait presque prendre pour une tr\u00e8s jeune Bernadette Chirac est toujours maquill\u00e9e, avec une coiffure blonde toujours soign\u00e9e, le plus souvent rang\u00e9e dans une longue queue de cheval. L\u2019avocate n\u2019h\u00e9site pas \u00e0 compl\u00e9ter ses tenues par beaucoup de bijoux dor\u00e9s. Que Sarah Saldmann soit riche ou non, elle est per\u00e7ue comme telle, bien qu\u2019elle s\u2019en d\u00e9fende dans les m\u00e9dias.<\/p>\n<p>\u00c0 lire aussi :&nbsp;<a href=\"https:\/\/master-crdm.parisnanterre.fr\/blacksheep\/category\/politique\/\">https:\/\/master-crdm.parisnanterre.fr\/blacksheep\/category\/politique\/<\/a><\/p>\n<p><!-- \/wp:paragraph --><\/p>\t\t\t\t\t\t\t\t<\/div>\n\t\t\t\t<\/div>\n\t\t\t\t<\/div>\n\t\t\t\t<\/div>\n\t\t","protected":false},"excerpt":{"rendered":"<p>&nbsp; &nbsp; &nbsp; &nbsp; &nbsp; &nbsp; &nbsp; &nbsp; &nbsp; &nbsp; &nbsp; &nbsp; &nbsp; &nbsp; &nbsp; &nbsp; &nbsp; &nbsp; &nbsp; &nbsp; &nbsp; &nbsp; &nbsp; &nbsp; &nbsp; &nbsp; &nbsp; &nbsp; &nbsp; &nbsp; &nbsp; &nbsp; &nbsp; &nbsp; &nbsp; &nbsp; &nbsp; &nbsp; &nbsp; &nbsp; &nbsp; &nbsp; &nbsp; &nbsp; &nbsp; &nbsp; &nbsp; &nbsp; &nbsp; &nbsp; &nbsp; &nbsp; &nbsp; &nbsp; &nbsp; [&hellip;]<\/p>\n","protected":false},"author":7,"featured_media":462,"comment_status":"close","ping_status":"close","sticky":false,"template":"","format":"standard","meta":{"_FSMCFIC_featured_image_caption":"","_FSMCFIC_featured_image_nocaption":"","_FSMCFIC_featured_image_hide":"","footnotes":""},"categories":[19,6],"tags":[],"class_list":["post-461","post","type-post","status-publish","format-standard","has-post-thumbnail","hentry","category-edition-2024","category-politique"],"yoast_head":"<!-- This site is optimized with the Yoast SEO plugin v24.2 - https:\/\/yoast.com\/wordpress\/plugins\/seo\/ -->\n<title>Sarah Saldmann : la provocante avocate qui ne quitte pas le poste - Black Sheep<\/title>\n<meta name=\"description\" content=\"Sarah Saldmann est-elle une \u00ab blonde \u00e9cervel\u00e9e \u00bb comme la t\u00e9l\u00e9vision tend \u00e0 la construire ? Jusqu\u2019o\u00f9 ira cette nouvelle figure du PAF ?\" \/>\n<meta name=\"robots\" content=\"index, follow, max-snippet:-1, max-image-preview:large, max-video-preview:-1\" \/>\n<link rel=\"canonical\" href=\"https:\/\/master-crdm.parisnanterre.fr\/blacksheep\/sarah-saldmann-provocante-avocate-qui-ne-quitte-pas-le-poste\/\" \/>\n<meta property=\"og:locale\" content=\"fr_FR\" \/>\n<meta property=\"og:type\" content=\"article\" \/>\n<meta property=\"og:title\" content=\"Sarah Saldmann : la provocante avocate qui ne quitte pas le poste - Black Sheep\" \/>\n<meta property=\"og:description\" content=\"Sarah Saldmann est-elle une \u00ab blonde \u00e9cervel\u00e9e \u00bb comme la t\u00e9l\u00e9vision tend \u00e0 la construire ? Jusqu\u2019o\u00f9 ira cette nouvelle figure du PAF ?\" \/>\n<meta property=\"og:url\" content=\"https:\/\/master-crdm.parisnanterre.fr\/blacksheep\/sarah-saldmann-provocante-avocate-qui-ne-quitte-pas-le-poste\/\" \/>\n<meta property=\"og:site_name\" content=\"Black Sheep\" \/>\n<meta property=\"article:published_time\" content=\"2025-01-14T09:38:10+00:00\" \/>\n<meta property=\"article:modified_time\" content=\"2025-02-11T09:49:53+00:00\" \/>\n<meta property=\"og:image\" content=\"https:\/\/master-crdm.parisnanterre.fr\/blacksheep\/wp-content\/uploads\/2025\/01\/UN-MOIS-AU-SMIC-_-Quand-Francois-Ruffin-defiait-Sarah-Saldmann-_-Les-Grandes-Gueules-1-27-screenshot.png\" \/>\n\t<meta property=\"og:image:width\" content=\"1920\" \/>\n\t<meta property=\"og:image:height\" content=\"1080\" \/>\n\t<meta property=\"og:image:type\" content=\"image\/png\" \/>\n<meta name=\"author\" content=\"Hugo Bernard\" \/>\n<meta name=\"twitter:card\" content=\"summary_large_image\" \/>\n<meta name=\"twitter:label1\" content=\"\u00c9crit par\" \/>\n\t<meta name=\"twitter:data1\" content=\"Hugo Bernard\" \/>\n\t<meta name=\"twitter:label2\" content=\"Dur\u00e9e de lecture estim\u00e9e\" \/>\n\t<meta name=\"twitter:data2\" content=\"7 minutes\" \/>\n<script type=\"application\/ld+json\" class=\"yoast-schema-graph\">{\"@context\":\"https:\/\/schema.org\",\"@graph\":[{\"@type\":\"Article\",\"@id\":\"https:\/\/master-crdm.parisnanterre.fr\/blacksheep\/sarah-saldmann-provocante-avocate-qui-ne-quitte-pas-le-poste\/#article\",\"isPartOf\":{\"@id\":\"https:\/\/master-crdm.parisnanterre.fr\/blacksheep\/sarah-saldmann-provocante-avocate-qui-ne-quitte-pas-le-poste\/\"},\"author\":{\"name\":\"Hugo Bernard\",\"@id\":\"https:\/\/master-crdm.parisnanterre.fr\/blacksheep\/#\/schema\/person\/41e92aa448a5c8c64f5d3fed25c66e7c\"},\"headline\":\"Sarah Saldmann : la provocante avocate qui ne quitte pas le poste\",\"datePublished\":\"2025-01-14T09:38:10+00:00\",\"dateModified\":\"2025-02-11T09:49:53+00:00\",\"mainEntityOfPage\":{\"@id\":\"https:\/\/master-crdm.parisnanterre.fr\/blacksheep\/sarah-saldmann-provocante-avocate-qui-ne-quitte-pas-le-poste\/\"},\"wordCount\":1497,\"publisher\":{\"@id\":\"https:\/\/master-crdm.parisnanterre.fr\/blacksheep\/#organization\"},\"image\":{\"@id\":\"https:\/\/master-crdm.parisnanterre.fr\/blacksheep\/sarah-saldmann-provocante-avocate-qui-ne-quitte-pas-le-poste\/#primaryimage\"},\"thumbnailUrl\":\"https:\/\/master-crdm.parisnanterre.fr\/blacksheep\/wp-content\/uploads\/2025\/01\/UN-MOIS-AU-SMIC-_-Quand-Francois-Ruffin-defiait-Sarah-Saldmann-_-Les-Grandes-Gueules-1-27-screenshot.png\",\"articleSection\":[\"\u00c9dition 2024\",\"Politique\"],\"inLanguage\":\"fr-FR\"},{\"@type\":\"WebPage\",\"@id\":\"https:\/\/master-crdm.parisnanterre.fr\/blacksheep\/sarah-saldmann-provocante-avocate-qui-ne-quitte-pas-le-poste\/\",\"url\":\"https:\/\/master-crdm.parisnanterre.fr\/blacksheep\/sarah-saldmann-provocante-avocate-qui-ne-quitte-pas-le-poste\/\",\"name\":\"Sarah Saldmann : la provocante avocate qui ne quitte pas le poste - Black Sheep\",\"isPartOf\":{\"@id\":\"https:\/\/master-crdm.parisnanterre.fr\/blacksheep\/#website\"},\"primaryImageOfPage\":{\"@id\":\"https:\/\/master-crdm.parisnanterre.fr\/blacksheep\/sarah-saldmann-provocante-avocate-qui-ne-quitte-pas-le-poste\/#primaryimage\"},\"image\":{\"@id\":\"https:\/\/master-crdm.parisnanterre.fr\/blacksheep\/sarah-saldmann-provocante-avocate-qui-ne-quitte-pas-le-poste\/#primaryimage\"},\"thumbnailUrl\":\"https:\/\/master-crdm.parisnanterre.fr\/blacksheep\/wp-content\/uploads\/2025\/01\/UN-MOIS-AU-SMIC-_-Quand-Francois-Ruffin-defiait-Sarah-Saldmann-_-Les-Grandes-Gueules-1-27-screenshot.png\",\"datePublished\":\"2025-01-14T09:38:10+00:00\",\"dateModified\":\"2025-02-11T09:49:53+00:00\",\"description\":\"Sarah Saldmann est-elle une \u00ab blonde \u00e9cervel\u00e9e \u00bb comme la t\u00e9l\u00e9vision tend \u00e0 la construire ? Jusqu\u2019o\u00f9 ira cette nouvelle figure du PAF ?\",\"breadcrumb\":{\"@id\":\"https:\/\/master-crdm.parisnanterre.fr\/blacksheep\/sarah-saldmann-provocante-avocate-qui-ne-quitte-pas-le-poste\/#breadcrumb\"},\"inLanguage\":\"fr-FR\",\"potentialAction\":[{\"@type\":\"ReadAction\",\"target\":[\"https:\/\/master-crdm.parisnanterre.fr\/blacksheep\/sarah-saldmann-provocante-avocate-qui-ne-quitte-pas-le-poste\/\"]}]},{\"@type\":\"ImageObject\",\"inLanguage\":\"fr-FR\",\"@id\":\"https:\/\/master-crdm.parisnanterre.fr\/blacksheep\/sarah-saldmann-provocante-avocate-qui-ne-quitte-pas-le-poste\/#primaryimage\",\"url\":\"https:\/\/master-crdm.parisnanterre.fr\/blacksheep\/wp-content\/uploads\/2025\/01\/UN-MOIS-AU-SMIC-_-Quand-Francois-Ruffin-defiait-Sarah-Saldmann-_-Les-Grandes-Gueules-1-27-screenshot.png\",\"contentUrl\":\"https:\/\/master-crdm.parisnanterre.fr\/blacksheep\/wp-content\/uploads\/2025\/01\/UN-MOIS-AU-SMIC-_-Quand-Francois-Ruffin-defiait-Sarah-Saldmann-_-Les-Grandes-Gueules-1-27-screenshot.png\",\"width\":1920,\"height\":1080,\"caption\":\"\u00a9 RMC - Sarah Saldmann dans l'\u00e9mission \u00ab Les Grandes Gueules \u00bb sur RMC\"},{\"@type\":\"BreadcrumbList\",\"@id\":\"https:\/\/master-crdm.parisnanterre.fr\/blacksheep\/sarah-saldmann-provocante-avocate-qui-ne-quitte-pas-le-poste\/#breadcrumb\",\"itemListElement\":[{\"@type\":\"ListItem\",\"position\":1,\"name\":\"Home\",\"item\":\"https:\/\/master-crdm.parisnanterre.fr\/blacksheep\/\"},{\"@type\":\"ListItem\",\"position\":2,\"name\":\"Sarah Saldmann : la provocante avocate qui ne quitte pas le poste\"}]},{\"@type\":\"WebSite\",\"@id\":\"https:\/\/master-crdm.parisnanterre.fr\/blacksheep\/#website\",\"url\":\"https:\/\/master-crdm.parisnanterre.fr\/blacksheep\/\",\"name\":\"Black Sheep\",\"description\":\"Le magazine du master CRDM\",\"publisher\":{\"@id\":\"https:\/\/master-crdm.parisnanterre.fr\/blacksheep\/#organization\"},\"potentialAction\":[{\"@type\":\"SearchAction\",\"target\":{\"@type\":\"EntryPoint\",\"urlTemplate\":\"https:\/\/master-crdm.parisnanterre.fr\/blacksheep\/?s={search_term_string}\"},\"query-input\":{\"@type\":\"PropertyValueSpecification\",\"valueRequired\":true,\"valueName\":\"search_term_string\"}}],\"inLanguage\":\"fr-FR\"},{\"@type\":\"Organization\",\"@id\":\"https:\/\/master-crdm.parisnanterre.fr\/blacksheep\/#organization\",\"name\":\"Black Sheep\",\"url\":\"https:\/\/master-crdm.parisnanterre.fr\/blacksheep\/\",\"logo\":{\"@type\":\"ImageObject\",\"inLanguage\":\"fr-FR\",\"@id\":\"https:\/\/master-crdm.parisnanterre.fr\/blacksheep\/#\/schema\/logo\/image\/\",\"url\":\"https:\/\/master-crdm.parisnanterre.fr\/blacksheep\/wp-content\/uploads\/2024\/01\/LOGO-BLACK-RECTANGLE.png\",\"contentUrl\":\"https:\/\/master-crdm.parisnanterre.fr\/blacksheep\/wp-content\/uploads\/2024\/01\/LOGO-BLACK-RECTANGLE.png\",\"width\":500,\"height\":330,\"caption\":\"Black Sheep\"},\"image\":{\"@id\":\"https:\/\/master-crdm.parisnanterre.fr\/blacksheep\/#\/schema\/logo\/image\/\"}},{\"@type\":\"Person\",\"@id\":\"https:\/\/master-crdm.parisnanterre.fr\/blacksheep\/#\/schema\/person\/41e92aa448a5c8c64f5d3fed25c66e7c\",\"name\":\"Hugo Bernard\",\"image\":{\"@type\":\"ImageObject\",\"inLanguage\":\"fr-FR\",\"@id\":\"https:\/\/master-crdm.parisnanterre.fr\/blacksheep\/#\/schema\/person\/image\/\",\"url\":\"https:\/\/secure.gravatar.com\/avatar\/4c47736b786b24c78f76d6437966e15c3dd51d659b78d372e8395275d4c1dc02?s=96&d=mm&r=g\",\"contentUrl\":\"https:\/\/secure.gravatar.com\/avatar\/4c47736b786b24c78f76d6437966e15c3dd51d659b78d372e8395275d4c1dc02?s=96&d=mm&r=g\",\"caption\":\"Hugo Bernard\"},\"url\":\"https:\/\/master-crdm.parisnanterre.fr\/blacksheep\/author\/hugo\/\"}]}<\/script>\n<!-- \/ Yoast SEO plugin. -->","yoast_head_json":{"title":"Sarah Saldmann : la provocante avocate qui ne quitte pas le poste - Black Sheep","description":"Sarah Saldmann est-elle une \u00ab blonde \u00e9cervel\u00e9e \u00bb comme la t\u00e9l\u00e9vision tend \u00e0 la construire ? Jusqu\u2019o\u00f9 ira cette nouvelle figure du PAF ?","robots":{"index":"index","follow":"follow","max-snippet":"max-snippet:-1","max-image-preview":"max-image-preview:large","max-video-preview":"max-video-preview:-1"},"canonical":"https:\/\/master-crdm.parisnanterre.fr\/blacksheep\/sarah-saldmann-provocante-avocate-qui-ne-quitte-pas-le-poste\/","og_locale":"fr_FR","og_type":"article","og_title":"Sarah Saldmann : la provocante avocate qui ne quitte pas le poste - Black Sheep","og_description":"Sarah Saldmann est-elle une \u00ab blonde \u00e9cervel\u00e9e \u00bb comme la t\u00e9l\u00e9vision tend \u00e0 la construire ? Jusqu\u2019o\u00f9 ira cette nouvelle figure du PAF ?","og_url":"https:\/\/master-crdm.parisnanterre.fr\/blacksheep\/sarah-saldmann-provocante-avocate-qui-ne-quitte-pas-le-poste\/","og_site_name":"Black Sheep","article_published_time":"2025-01-14T09:38:10+00:00","article_modified_time":"2025-02-11T09:49:53+00:00","og_image":[{"width":1920,"height":1080,"url":"https:\/\/master-crdm.parisnanterre.fr\/blacksheep\/wp-content\/uploads\/2025\/01\/UN-MOIS-AU-SMIC-_-Quand-Francois-Ruffin-defiait-Sarah-Saldmann-_-Les-Grandes-Gueules-1-27-screenshot.png","type":"image\/png"}],"author":"Hugo Bernard","twitter_card":"summary_large_image","twitter_misc":{"\u00c9crit par":"Hugo Bernard","Dur\u00e9e de lecture estim\u00e9e":"7 minutes"},"schema":{"@context":"https:\/\/schema.org","@graph":[{"@type":"Article","@id":"https:\/\/master-crdm.parisnanterre.fr\/blacksheep\/sarah-saldmann-provocante-avocate-qui-ne-quitte-pas-le-poste\/#article","isPartOf":{"@id":"https:\/\/master-crdm.parisnanterre.fr\/blacksheep\/sarah-saldmann-provocante-avocate-qui-ne-quitte-pas-le-poste\/"},"author":{"name":"Hugo Bernard","@id":"https:\/\/master-crdm.parisnanterre.fr\/blacksheep\/#\/schema\/person\/41e92aa448a5c8c64f5d3fed25c66e7c"},"headline":"Sarah Saldmann : la provocante avocate qui ne quitte pas le poste","datePublished":"2025-01-14T09:38:10+00:00","dateModified":"2025-02-11T09:49:53+00:00","mainEntityOfPage":{"@id":"https:\/\/master-crdm.parisnanterre.fr\/blacksheep\/sarah-saldmann-provocante-avocate-qui-ne-quitte-pas-le-poste\/"},"wordCount":1497,"publisher":{"@id":"https:\/\/master-crdm.parisnanterre.fr\/blacksheep\/#organization"},"image":{"@id":"https:\/\/master-crdm.parisnanterre.fr\/blacksheep\/sarah-saldmann-provocante-avocate-qui-ne-quitte-pas-le-poste\/#primaryimage"},"thumbnailUrl":"https:\/\/master-crdm.parisnanterre.fr\/blacksheep\/wp-content\/uploads\/2025\/01\/UN-MOIS-AU-SMIC-_-Quand-Francois-Ruffin-defiait-Sarah-Saldmann-_-Les-Grandes-Gueules-1-27-screenshot.png","articleSection":["\u00c9dition 2024","Politique"],"inLanguage":"fr-FR"},{"@type":"WebPage","@id":"https:\/\/master-crdm.parisnanterre.fr\/blacksheep\/sarah-saldmann-provocante-avocate-qui-ne-quitte-pas-le-poste\/","url":"https:\/\/master-crdm.parisnanterre.fr\/blacksheep\/sarah-saldmann-provocante-avocate-qui-ne-quitte-pas-le-poste\/","name":"Sarah Saldmann : la provocante avocate qui ne quitte pas le poste - Black Sheep","isPartOf":{"@id":"https:\/\/master-crdm.parisnanterre.fr\/blacksheep\/#website"},"primaryImageOfPage":{"@id":"https:\/\/master-crdm.parisnanterre.fr\/blacksheep\/sarah-saldmann-provocante-avocate-qui-ne-quitte-pas-le-poste\/#primaryimage"},"image":{"@id":"https:\/\/master-crdm.parisnanterre.fr\/blacksheep\/sarah-saldmann-provocante-avocate-qui-ne-quitte-pas-le-poste\/#primaryimage"},"thumbnailUrl":"https:\/\/master-crdm.parisnanterre.fr\/blacksheep\/wp-content\/uploads\/2025\/01\/UN-MOIS-AU-SMIC-_-Quand-Francois-Ruffin-defiait-Sarah-Saldmann-_-Les-Grandes-Gueules-1-27-screenshot.png","datePublished":"2025-01-14T09:38:10+00:00","dateModified":"2025-02-11T09:49:53+00:00","description":"Sarah Saldmann est-elle une \u00ab blonde \u00e9cervel\u00e9e \u00bb comme la t\u00e9l\u00e9vision tend \u00e0 la construire ? Jusqu\u2019o\u00f9 ira cette nouvelle figure du PAF ?","breadcrumb":{"@id":"https:\/\/master-crdm.parisnanterre.fr\/blacksheep\/sarah-saldmann-provocante-avocate-qui-ne-quitte-pas-le-poste\/#breadcrumb"},"inLanguage":"fr-FR","potentialAction":[{"@type":"ReadAction","target":["https:\/\/master-crdm.parisnanterre.fr\/blacksheep\/sarah-saldmann-provocante-avocate-qui-ne-quitte-pas-le-poste\/"]}]},{"@type":"ImageObject","inLanguage":"fr-FR","@id":"https:\/\/master-crdm.parisnanterre.fr\/blacksheep\/sarah-saldmann-provocante-avocate-qui-ne-quitte-pas-le-poste\/#primaryimage","url":"https:\/\/master-crdm.parisnanterre.fr\/blacksheep\/wp-content\/uploads\/2025\/01\/UN-MOIS-AU-SMIC-_-Quand-Francois-Ruffin-defiait-Sarah-Saldmann-_-Les-Grandes-Gueules-1-27-screenshot.png","contentUrl":"https:\/\/master-crdm.parisnanterre.fr\/blacksheep\/wp-content\/uploads\/2025\/01\/UN-MOIS-AU-SMIC-_-Quand-Francois-Ruffin-defiait-Sarah-Saldmann-_-Les-Grandes-Gueules-1-27-screenshot.png","width":1920,"height":1080,"caption":"\u00a9 RMC - Sarah Saldmann dans l'\u00e9mission \u00ab Les Grandes Gueules \u00bb sur RMC"},{"@type":"BreadcrumbList","@id":"https:\/\/master-crdm.parisnanterre.fr\/blacksheep\/sarah-saldmann-provocante-avocate-qui-ne-quitte-pas-le-poste\/#breadcrumb","itemListElement":[{"@type":"ListItem","position":1,"name":"Home","item":"https:\/\/master-crdm.parisnanterre.fr\/blacksheep\/"},{"@type":"ListItem","position":2,"name":"Sarah Saldmann : la provocante avocate qui ne quitte pas le poste"}]},{"@type":"WebSite","@id":"https:\/\/master-crdm.parisnanterre.fr\/blacksheep\/#website","url":"https:\/\/master-crdm.parisnanterre.fr\/blacksheep\/","name":"Black Sheep","description":"Le magazine du master CRDM","publisher":{"@id":"https:\/\/master-crdm.parisnanterre.fr\/blacksheep\/#organization"},"potentialAction":[{"@type":"SearchAction","target":{"@type":"EntryPoint","urlTemplate":"https:\/\/master-crdm.parisnanterre.fr\/blacksheep\/?s={search_term_string}"},"query-input":{"@type":"PropertyValueSpecification","valueRequired":true,"valueName":"search_term_string"}}],"inLanguage":"fr-FR"},{"@type":"Organization","@id":"https:\/\/master-crdm.parisnanterre.fr\/blacksheep\/#organization","name":"Black Sheep","url":"https:\/\/master-crdm.parisnanterre.fr\/blacksheep\/","logo":{"@type":"ImageObject","inLanguage":"fr-FR","@id":"https:\/\/master-crdm.parisnanterre.fr\/blacksheep\/#\/schema\/logo\/image\/","url":"https:\/\/master-crdm.parisnanterre.fr\/blacksheep\/wp-content\/uploads\/2024\/01\/LOGO-BLACK-RECTANGLE.png","contentUrl":"https:\/\/master-crdm.parisnanterre.fr\/blacksheep\/wp-content\/uploads\/2024\/01\/LOGO-BLACK-RECTANGLE.png","width":500,"height":330,"caption":"Black Sheep"},"image":{"@id":"https:\/\/master-crdm.parisnanterre.fr\/blacksheep\/#\/schema\/logo\/image\/"}},{"@type":"Person","@id":"https:\/\/master-crdm.parisnanterre.fr\/blacksheep\/#\/schema\/person\/41e92aa448a5c8c64f5d3fed25c66e7c","name":"Hugo Bernard","image":{"@type":"ImageObject","inLanguage":"fr-FR","@id":"https:\/\/master-crdm.parisnanterre.fr\/blacksheep\/#\/schema\/person\/image\/","url":"https:\/\/secure.gravatar.com\/avatar\/4c47736b786b24c78f76d6437966e15c3dd51d659b78d372e8395275d4c1dc02?s=96&d=mm&r=g","contentUrl":"https:\/\/secure.gravatar.com\/avatar\/4c47736b786b24c78f76d6437966e15c3dd51d659b78d372e8395275d4c1dc02?s=96&d=mm&r=g","caption":"Hugo Bernard"},"url":"https:\/\/master-crdm.parisnanterre.fr\/blacksheep\/author\/hugo\/"}]}},"_links":{"self":[{"href":"https:\/\/master-crdm.parisnanterre.fr\/blacksheep\/wp-json\/wp\/v2\/posts\/461","targetHints":{"allow":["GET"]}}],"collection":[{"href":"https:\/\/master-crdm.parisnanterre.fr\/blacksheep\/wp-json\/wp\/v2\/posts"}],"about":[{"href":"https:\/\/master-crdm.parisnanterre.fr\/blacksheep\/wp-json\/wp\/v2\/types\/post"}],"author":[{"embeddable":true,"href":"https:\/\/master-crdm.parisnanterre.fr\/blacksheep\/wp-json\/wp\/v2\/users\/7"}],"replies":[{"embeddable":true,"href":"https:\/\/master-crdm.parisnanterre.fr\/blacksheep\/wp-json\/wp\/v2\/comments?post=461"}],"version-history":[{"count":30,"href":"https:\/\/master-crdm.parisnanterre.fr\/blacksheep\/wp-json\/wp\/v2\/posts\/461\/revisions"}],"predecessor-version":[{"id":1583,"href":"https:\/\/master-crdm.parisnanterre.fr\/blacksheep\/wp-json\/wp\/v2\/posts\/461\/revisions\/1583"}],"wp:featuredmedia":[{"embeddable":true,"href":"https:\/\/master-crdm.parisnanterre.fr\/blacksheep\/wp-json\/wp\/v2\/media\/462"}],"wp:attachment":[{"href":"https:\/\/master-crdm.parisnanterre.fr\/blacksheep\/wp-json\/wp\/v2\/media?parent=461"}],"wp:term":[{"taxonomy":"category","embeddable":true,"href":"https:\/\/master-crdm.parisnanterre.fr\/blacksheep\/wp-json\/wp\/v2\/categories?post=461"},{"taxonomy":"post_tag","embeddable":true,"href":"https:\/\/master-crdm.parisnanterre.fr\/blacksheep\/wp-json\/wp\/v2\/tags?post=461"}],"curies":[{"name":"wp","href":"https:\/\/api.w.org\/{rel}","templated":true}]}}