{"id":3286,"date":"2026-01-20T18:32:08","date_gmt":"2026-01-20T17:32:08","guid":{"rendered":"https:\/\/master-crdm.parisnanterre.fr\/blacksheep\/?p=3286"},"modified":"2026-01-20T19:42:39","modified_gmt":"2026-01-20T18:42:39","slug":"wicked-for-good-au-dela-des-apparences","status":"publish","type":"post","link":"https:\/\/master-crdm.parisnanterre.fr\/blacksheep\/wicked-for-good-au-dela-des-apparences\/","title":{"rendered":"Wicked For Good : au-del\u00e0 des apparences"},"content":{"rendered":"\t\t<div data-elementor-type=\"wp-post\" data-elementor-id=\"3286\" class=\"elementor elementor-3286\">\n\t\t\t\t<div class=\"elementor-element elementor-element-26c84feb e-flex e-con-boxed e-con e-parent\" data-id=\"26c84feb\" data-element_type=\"container\" data-e-type=\"container\">\n\t\t\t\t\t<div class=\"e-con-inner\">\n\t\t\t\t<div class=\"elementor-element elementor-element-45df864 elementor-widget elementor-widget-text-editor\" data-id=\"45df864\" data-element_type=\"widget\" data-e-type=\"widget\" data-widget_type=\"text-editor.default\">\n\t\t\t\t<div class=\"elementor-widget-container\">\n\t\t\t\t\t\t\t\t\t<p>Par Sofia Herida<\/p>\t\t\t\t\t\t\t\t<\/div>\n\t\t\t\t<\/div>\n\t\t\t\t<div class=\"elementor-element elementor-element-fb9c10b elementor-widget elementor-widget-image\" data-id=\"fb9c10b\" data-element_type=\"widget\" data-e-type=\"widget\" data-widget_type=\"image.default\">\n\t\t\t\t<div class=\"elementor-widget-container\">\n\t\t\t\t\t\t\t\t\t\t\t\t\t\t\t<img fetchpriority=\"high\" decoding=\"async\" width=\"768\" height=\"360\" src=\"https:\/\/master-crdm.parisnanterre.fr\/blacksheep\/wp-content\/uploads\/2026\/01\/wicked-for-good-banner-768x360.jpg\" class=\"attachment-medium_large size-medium_large wp-image-3326\" alt=\"\" srcset=\"https:\/\/master-crdm.parisnanterre.fr\/blacksheep\/wp-content\/uploads\/2026\/01\/wicked-for-good-banner-768x360.jpg 768w, https:\/\/master-crdm.parisnanterre.fr\/blacksheep\/wp-content\/uploads\/2026\/01\/wicked-for-good-banner-300x141.jpg 300w, https:\/\/master-crdm.parisnanterre.fr\/blacksheep\/wp-content\/uploads\/2026\/01\/wicked-for-good-banner-1024x480.jpg 1024w, https:\/\/master-crdm.parisnanterre.fr\/blacksheep\/wp-content\/uploads\/2026\/01\/wicked-for-good-banner-1536x720.jpg 1536w, https:\/\/master-crdm.parisnanterre.fr\/blacksheep\/wp-content\/uploads\/2026\/01\/wicked-for-good-banner.jpg 1600w\" sizes=\"(max-width: 768px) 100vw, 768px\" \/>\t\t\t\t\t\t\t\t\t\t\t\t\t\t\t<\/div>\n\t\t\t\t<\/div>\n\t\t\t\t<div class=\"elementor-element elementor-element-e84750e elementor-widget elementor-widget-text-editor\" data-id=\"e84750e\" data-element_type=\"widget\" data-e-type=\"widget\" data-widget_type=\"text-editor.default\">\n\t\t\t\t<div class=\"elementor-widget-container\">\n\t\t\t\t\t\t\t\t\t<p>\u00a9 Universal &#8211; Affiche du film<\/p>\t\t\t\t\t\t\t\t<\/div>\n\t\t\t\t<\/div>\n\t\t\t\t<div class=\"elementor-element elementor-element-5fc44d01 elementor-widget elementor-widget-text-editor\" data-id=\"5fc44d01\" data-element_type=\"widget\" data-e-type=\"widget\" data-widget_type=\"text-editor.default\">\n\t\t\t\t<div class=\"elementor-widget-container\">\n\t\t\t\t\t\t\t\t\t<figure>\n<p><span style=\"letter-spacing: -0.08px;\">Wicked : Partie 2, \u00e9galement intitul\u00e9 Wicked For Good, est la suite tant attendue du premier opus sorti en d\u00e9cembre 2024. R\u00e9alis\u00e9 par Jon M. Chu et sorti le 19 novembre au cin\u00e9ma, ce second volet cl\u00f4t le deuxi\u00e8me acte de l\u2019adaptation cin\u00e9matographique de la com\u00e9die musicale de Stephen Schwartz. Avec en t\u00eate d\u2019affiche un casting prestigieux, men\u00e9 par Cynthia Erivo et Ariana Grande, Wicked for Good a envahi les salles de cin\u00e9ma fran\u00e7aises.&nbsp;<\/span><\/p>\n<p><span style=\"letter-spacing: -0.08px;\"><a href=\"https:\/\/master-crdm.parisnanterre.fr\/blacksheep\/wicked-le-phenomene-qui-defie-la-gravite\/\">Wicked : Partie 1<\/a> s\u2019\u00e9tait impos\u00e9 comme un des films phares de l\u2019ann\u00e9e 2024. \u00c9mouvant, bouleversant et poignant, le film avait r\u00e9ussi \u00e0 nous faire voyager dans le monde enchanteur de Glinda et Elphaba. Gr\u00e2ce \u00e0 des d\u00e9cors et des costumes remarquables, qui lui ont valu deux Oscars, l\u2019immersion \u00e9tait totale et le spectateur s&rsquo;attachait facilement aux personnages \u00e0 travers leurs p\u00e9rip\u00e9ties.&nbsp;<\/span><\/p>\n<p><span style=\"letter-spacing: -0.08px;\">Elphaba, consid\u00e9r\u00e9e comme la M\u00e9chante sorci\u00e8re de l\u2019Ouest, vit en exil, cach\u00e9e dans la for\u00eat o\u00f9 elle continue de se battre pour la libert\u00e9 des animaux tout en cherchant \u00e0 r\u00e9v\u00e9ler au monde la v\u00e9ritable nature du magicien d\u2019Oz. Elphaba incarne l\u2019exemple m\u00eame de la d\u00e9termination in\u00e9branlable. D\u00e9test\u00e9e de tous, elle continue de s\u2019accrocher \u00e0 ses convictions en se battant pour ce qu\u2019elle pense \u00eatre juste. Par ses actions, elle pousse l\u2019intrigue et les enjeux du film toujours plus loin. Gr\u00e2ce \u00e0 la sorci\u00e8re, le spectateur questionne le monde du r\u00e9cit et les enjeux internes.<\/span><\/p>\n<p><span style=\"letter-spacing: -0.08px;\">De l\u2019autre c\u00f4t\u00e9, on observe la remise en question de Glinda, devenue l\u2019incarnation du glamour et de la vertu. Appr\u00e9ci\u00e9e de tous et sous l\u2019influence de Madame Morrible, elle vit une privil\u00e9gi\u00e9e dans le palais d\u2019Emeraude. La diff\u00e9rence entre les deux personnages est frappante : l\u2019une est rejet\u00e9e et l\u2019autre adul\u00e9e, l\u2019une a d\u00e9cid\u00e9 de faire face \u00e0 la v\u00e9rit\u00e9 et l\u2019autre a choisi de rester dans la na\u00efvet\u00e9. Pourtant, m\u00eame berc\u00e9e par ses illusions, Glinda reste un personnage attachant et dr\u00f4le. L\u2019\u00e9volution de la sorci\u00e8re et son affirmation dans le r\u00e9cit en font un personnage prenant et complexe.&nbsp;<\/span><\/p>\n<p><span style=\"letter-spacing: -0.08px;\">Elles ont chacune une personnalit\u00e9 bien \u00e0 elles et c\u2019est ce contraste entre les deux sorci\u00e8res et sa dynamique qui fait vibrer et avancer l\u2019intrigue. Tout au long du film, le spectateur n\u2019esp\u00e8re qu\u2019une chose, une fin heureuse pour les personnages.&nbsp;<\/span><\/p>\n<p><span style=\"letter-spacing: -0.08px;\">Gr\u00e2ce \u00e0 ses d\u00e9cors somptueux et ses morceaux magnifiques, le film plonge avec succ\u00e8s le spectateur dans l\u2019univers des deux sorci\u00e8res, port\u00e9 par l&rsquo;alchimie et la prestation \u00e9poustouflante des acteurs. En particulier le duo Cynthia Erivo et Ariana Grande qui continuent d\u2019impressionner et de faire vivre le film que ce soit \u00e0 l\u2019\u00e9cran ou en dehors, lors d&rsquo;interviews ou sur des plateaux t\u00e9l\u00e9.&nbsp;&nbsp;<\/span><\/p>\n<p><span style=\"letter-spacing: -0.08px;\">On peut toutefois reprocher au film son rythme effr\u00e9n\u00e9 qui ne laisse parfois pas le temps d\u2019appr\u00e9cier le moment. Les situations s&rsquo;encha\u00eenent sans r\u00e9elles pauses donnant l\u2019impression au spectateur de ne jamais pouvoir respirer entre les moments forts. \u00c0 cela s&rsquo;ajoutent des chansons moins m\u00e9morables que dans le premier film.&nbsp;<\/span><\/p>\n<p><span style=\"letter-spacing: -0.08px;\">Wicked For Good n\u2019a pas su recr\u00e9er la magie de son pr\u00e9d\u00e9cesseur dans son enti\u00e8ret\u00e9, mais il reste malgr\u00e9 tout une exp\u00e9rience captivante et riche en \u00e9motions.<\/span><\/p>\n<\/figure>\n<p><!-- \/wp:paragraph --><\/p>\t\t\t\t\t\t\t\t<\/div>\n\t\t\t\t<\/div>\n\t\t\t\t\t<\/div>\n\t\t\t\t<\/div>\n\t\t\t\t<\/div>\n\t\t","protected":false},"excerpt":{"rendered":"<p>Par Sofia Herida \u00a9 Universal &#8211; Affiche du film Wicked : Partie 2, \u00e9galement intitul\u00e9 Wicked For Good, est la suite tant attendue du premier opus sorti en d\u00e9cembre 2024. R\u00e9alis\u00e9 par Jon M. Chu et sorti le 19 novembre au cin\u00e9ma, ce second volet cl\u00f4t le deuxi\u00e8me acte de l\u2019adaptation cin\u00e9matographique de la com\u00e9die [&hellip;]<\/p>\n","protected":false},"author":14,"featured_media":3326,"comment_status":"closed","ping_status":"closed","sticky":false,"template":"","format":"standard","meta":{"_FSMCFIC_featured_image_caption":"","_FSMCFIC_featured_image_nocaption":"","_FSMCFIC_featured_image_hide":"","footnotes":""},"categories":[14,25],"tags":[],"class_list":["post-3286","post","type-post","status-publish","format-standard","has-post-thumbnail","hentry","category-culture","category-edition-2026"],"yoast_head":"<!-- This site is optimized with the Yoast SEO plugin v24.2 - https:\/\/yoast.com\/wordpress\/plugins\/seo\/ -->\n<title>Wicked For Good : au-del\u00e0 des apparences - Black Sheep<\/title>\n<meta name=\"robots\" content=\"index, follow, max-snippet:-1, max-image-preview:large, max-video-preview:-1\" \/>\n<link rel=\"canonical\" href=\"https:\/\/master-crdm.parisnanterre.fr\/blacksheep\/wicked-for-good-au-dela-des-apparences\/\" \/>\n<meta property=\"og:locale\" content=\"fr_FR\" \/>\n<meta property=\"og:type\" content=\"article\" \/>\n<meta property=\"og:title\" content=\"Wicked For Good : au-del\u00e0 des apparences - Black Sheep\" \/>\n<meta property=\"og:description\" content=\"Par Sofia Herida \u00a9 Universal &#8211; Affiche du film Wicked : Partie 2, \u00e9galement intitul\u00e9 Wicked For Good, est la suite tant attendue du premier opus sorti en d\u00e9cembre 2024. R\u00e9alis\u00e9 par Jon M. Chu et sorti le 19 novembre au cin\u00e9ma, ce second volet cl\u00f4t le deuxi\u00e8me acte de l\u2019adaptation cin\u00e9matographique de la com\u00e9die [&hellip;]\" \/>\n<meta property=\"og:url\" content=\"https:\/\/master-crdm.parisnanterre.fr\/blacksheep\/wicked-for-good-au-dela-des-apparences\/\" \/>\n<meta property=\"og:site_name\" content=\"Black Sheep\" \/>\n<meta property=\"article:published_time\" content=\"2026-01-20T17:32:08+00:00\" \/>\n<meta property=\"article:modified_time\" content=\"2026-01-20T18:42:39+00:00\" \/>\n<meta property=\"og:image\" content=\"https:\/\/master-crdm.parisnanterre.fr\/blacksheep\/wp-content\/uploads\/2026\/01\/wicked-for-good-banner.jpg\" \/>\n\t<meta property=\"og:image:width\" content=\"1600\" \/>\n\t<meta property=\"og:image:height\" content=\"750\" \/>\n\t<meta property=\"og:image:type\" content=\"image\/jpeg\" \/>\n<meta name=\"author\" content=\"Benoit Cazelles\" \/>\n<meta name=\"twitter:card\" content=\"summary_large_image\" \/>\n<meta name=\"twitter:label1\" content=\"\u00c9crit par\" \/>\n\t<meta name=\"twitter:data1\" content=\"Benoit Cazelles\" \/>\n\t<meta name=\"twitter:label2\" content=\"Dur\u00e9e de lecture estim\u00e9e\" \/>\n\t<meta name=\"twitter:data2\" content=\"4 minutes\" \/>\n<script type=\"application\/ld+json\" class=\"yoast-schema-graph\">{\"@context\":\"https:\/\/schema.org\",\"@graph\":[{\"@type\":\"Article\",\"@id\":\"https:\/\/master-crdm.parisnanterre.fr\/blacksheep\/wicked-for-good-au-dela-des-apparences\/#article\",\"isPartOf\":{\"@id\":\"https:\/\/master-crdm.parisnanterre.fr\/blacksheep\/wicked-for-good-au-dela-des-apparences\/\"},\"author\":{\"name\":\"Benoit Cazelles\",\"@id\":\"https:\/\/master-crdm.parisnanterre.fr\/blacksheep\/#\/schema\/person\/b1cbad68134cfdedac26a058494c57d3\"},\"headline\":\"Wicked For Good : au-del\u00e0 des apparences\",\"datePublished\":\"2026-01-20T17:32:08+00:00\",\"dateModified\":\"2026-01-20T18:42:39+00:00\",\"mainEntityOfPage\":{\"@id\":\"https:\/\/master-crdm.parisnanterre.fr\/blacksheep\/wicked-for-good-au-dela-des-apparences\/\"},\"wordCount\":614,\"publisher\":{\"@id\":\"https:\/\/master-crdm.parisnanterre.fr\/blacksheep\/#organization\"},\"image\":{\"@id\":\"https:\/\/master-crdm.parisnanterre.fr\/blacksheep\/wicked-for-good-au-dela-des-apparences\/#primaryimage\"},\"thumbnailUrl\":\"https:\/\/master-crdm.parisnanterre.fr\/blacksheep\/wp-content\/uploads\/2026\/01\/wicked-for-good-banner.jpg\",\"articleSection\":[\"Culture\",\"\u00c9dition 2026\"],\"inLanguage\":\"fr-FR\"},{\"@type\":\"WebPage\",\"@id\":\"https:\/\/master-crdm.parisnanterre.fr\/blacksheep\/wicked-for-good-au-dela-des-apparences\/\",\"url\":\"https:\/\/master-crdm.parisnanterre.fr\/blacksheep\/wicked-for-good-au-dela-des-apparences\/\",\"name\":\"Wicked For Good : au-del\u00e0 des apparences - Black Sheep\",\"isPartOf\":{\"@id\":\"https:\/\/master-crdm.parisnanterre.fr\/blacksheep\/#website\"},\"primaryImageOfPage\":{\"@id\":\"https:\/\/master-crdm.parisnanterre.fr\/blacksheep\/wicked-for-good-au-dela-des-apparences\/#primaryimage\"},\"image\":{\"@id\":\"https:\/\/master-crdm.parisnanterre.fr\/blacksheep\/wicked-for-good-au-dela-des-apparences\/#primaryimage\"},\"thumbnailUrl\":\"https:\/\/master-crdm.parisnanterre.fr\/blacksheep\/wp-content\/uploads\/2026\/01\/wicked-for-good-banner.jpg\",\"datePublished\":\"2026-01-20T17:32:08+00:00\",\"dateModified\":\"2026-01-20T18:42:39+00:00\",\"breadcrumb\":{\"@id\":\"https:\/\/master-crdm.parisnanterre.fr\/blacksheep\/wicked-for-good-au-dela-des-apparences\/#breadcrumb\"},\"inLanguage\":\"fr-FR\",\"potentialAction\":[{\"@type\":\"ReadAction\",\"target\":[\"https:\/\/master-crdm.parisnanterre.fr\/blacksheep\/wicked-for-good-au-dela-des-apparences\/\"]}]},{\"@type\":\"ImageObject\",\"inLanguage\":\"fr-FR\",\"@id\":\"https:\/\/master-crdm.parisnanterre.fr\/blacksheep\/wicked-for-good-au-dela-des-apparences\/#primaryimage\",\"url\":\"https:\/\/master-crdm.parisnanterre.fr\/blacksheep\/wp-content\/uploads\/2026\/01\/wicked-for-good-banner.jpg\",\"contentUrl\":\"https:\/\/master-crdm.parisnanterre.fr\/blacksheep\/wp-content\/uploads\/2026\/01\/wicked-for-good-banner.jpg\",\"width\":1600,\"height\":750,\"caption\":\"\u00a9 Universal\"},{\"@type\":\"BreadcrumbList\",\"@id\":\"https:\/\/master-crdm.parisnanterre.fr\/blacksheep\/wicked-for-good-au-dela-des-apparences\/#breadcrumb\",\"itemListElement\":[{\"@type\":\"ListItem\",\"position\":1,\"name\":\"Home\",\"item\":\"https:\/\/master-crdm.parisnanterre.fr\/blacksheep\/\"},{\"@type\":\"ListItem\",\"position\":2,\"name\":\"Wicked For Good : au-del\u00e0 des apparences\"}]},{\"@type\":\"WebSite\",\"@id\":\"https:\/\/master-crdm.parisnanterre.fr\/blacksheep\/#website\",\"url\":\"https:\/\/master-crdm.parisnanterre.fr\/blacksheep\/\",\"name\":\"Black Sheep\",\"description\":\"Le magazine du master CRDM\",\"publisher\":{\"@id\":\"https:\/\/master-crdm.parisnanterre.fr\/blacksheep\/#organization\"},\"potentialAction\":[{\"@type\":\"SearchAction\",\"target\":{\"@type\":\"EntryPoint\",\"urlTemplate\":\"https:\/\/master-crdm.parisnanterre.fr\/blacksheep\/?s={search_term_string}\"},\"query-input\":{\"@type\":\"PropertyValueSpecification\",\"valueRequired\":true,\"valueName\":\"search_term_string\"}}],\"inLanguage\":\"fr-FR\"},{\"@type\":\"Organization\",\"@id\":\"https:\/\/master-crdm.parisnanterre.fr\/blacksheep\/#organization\",\"name\":\"Black Sheep\",\"url\":\"https:\/\/master-crdm.parisnanterre.fr\/blacksheep\/\",\"logo\":{\"@type\":\"ImageObject\",\"inLanguage\":\"fr-FR\",\"@id\":\"https:\/\/master-crdm.parisnanterre.fr\/blacksheep\/#\/schema\/logo\/image\/\",\"url\":\"https:\/\/master-crdm.parisnanterre.fr\/blacksheep\/wp-content\/uploads\/2024\/01\/LOGO-BLACK-RECTANGLE.png\",\"contentUrl\":\"https:\/\/master-crdm.parisnanterre.fr\/blacksheep\/wp-content\/uploads\/2024\/01\/LOGO-BLACK-RECTANGLE.png\",\"width\":500,\"height\":330,\"caption\":\"Black Sheep\"},\"image\":{\"@id\":\"https:\/\/master-crdm.parisnanterre.fr\/blacksheep\/#\/schema\/logo\/image\/\"}},{\"@type\":\"Person\",\"@id\":\"https:\/\/master-crdm.parisnanterre.fr\/blacksheep\/#\/schema\/person\/b1cbad68134cfdedac26a058494c57d3\",\"name\":\"Benoit Cazelles\",\"image\":{\"@type\":\"ImageObject\",\"inLanguage\":\"fr-FR\",\"@id\":\"https:\/\/master-crdm.parisnanterre.fr\/blacksheep\/#\/schema\/person\/image\/\",\"url\":\"https:\/\/secure.gravatar.com\/avatar\/2458b34d60aa7be396befca79d5f145451f2b678279a62deb19ce76261dafd76?s=96&d=mm&r=g\",\"contentUrl\":\"https:\/\/secure.gravatar.com\/avatar\/2458b34d60aa7be396befca79d5f145451f2b678279a62deb19ce76261dafd76?s=96&d=mm&r=g\",\"caption\":\"Benoit Cazelles\"},\"url\":\"https:\/\/master-crdm.parisnanterre.fr\/blacksheep\/author\/benoitcazelles\/\"}]}<\/script>\n<!-- \/ Yoast SEO plugin. -->","yoast_head_json":{"title":"Wicked For Good : au-del\u00e0 des apparences - Black Sheep","robots":{"index":"index","follow":"follow","max-snippet":"max-snippet:-1","max-image-preview":"max-image-preview:large","max-video-preview":"max-video-preview:-1"},"canonical":"https:\/\/master-crdm.parisnanterre.fr\/blacksheep\/wicked-for-good-au-dela-des-apparences\/","og_locale":"fr_FR","og_type":"article","og_title":"Wicked For Good : au-del\u00e0 des apparences - Black Sheep","og_description":"Par Sofia Herida \u00a9 Universal &#8211; Affiche du film Wicked : Partie 2, \u00e9galement intitul\u00e9 Wicked For Good, est la suite tant attendue du premier opus sorti en d\u00e9cembre 2024. R\u00e9alis\u00e9 par Jon M. Chu et sorti le 19 novembre au cin\u00e9ma, ce second volet cl\u00f4t le deuxi\u00e8me acte de l\u2019adaptation cin\u00e9matographique de la com\u00e9die [&hellip;]","og_url":"https:\/\/master-crdm.parisnanterre.fr\/blacksheep\/wicked-for-good-au-dela-des-apparences\/","og_site_name":"Black Sheep","article_published_time":"2026-01-20T17:32:08+00:00","article_modified_time":"2026-01-20T18:42:39+00:00","og_image":[{"width":1600,"height":750,"url":"https:\/\/master-crdm.parisnanterre.fr\/blacksheep\/wp-content\/uploads\/2026\/01\/wicked-for-good-banner.jpg","type":"image\/jpeg"}],"author":"Benoit Cazelles","twitter_card":"summary_large_image","twitter_misc":{"\u00c9crit par":"Benoit Cazelles","Dur\u00e9e de lecture estim\u00e9e":"4 minutes"},"schema":{"@context":"https:\/\/schema.org","@graph":[{"@type":"Article","@id":"https:\/\/master-crdm.parisnanterre.fr\/blacksheep\/wicked-for-good-au-dela-des-apparences\/#article","isPartOf":{"@id":"https:\/\/master-crdm.parisnanterre.fr\/blacksheep\/wicked-for-good-au-dela-des-apparences\/"},"author":{"name":"Benoit Cazelles","@id":"https:\/\/master-crdm.parisnanterre.fr\/blacksheep\/#\/schema\/person\/b1cbad68134cfdedac26a058494c57d3"},"headline":"Wicked For Good : au-del\u00e0 des apparences","datePublished":"2026-01-20T17:32:08+00:00","dateModified":"2026-01-20T18:42:39+00:00","mainEntityOfPage":{"@id":"https:\/\/master-crdm.parisnanterre.fr\/blacksheep\/wicked-for-good-au-dela-des-apparences\/"},"wordCount":614,"publisher":{"@id":"https:\/\/master-crdm.parisnanterre.fr\/blacksheep\/#organization"},"image":{"@id":"https:\/\/master-crdm.parisnanterre.fr\/blacksheep\/wicked-for-good-au-dela-des-apparences\/#primaryimage"},"thumbnailUrl":"https:\/\/master-crdm.parisnanterre.fr\/blacksheep\/wp-content\/uploads\/2026\/01\/wicked-for-good-banner.jpg","articleSection":["Culture","\u00c9dition 2026"],"inLanguage":"fr-FR"},{"@type":"WebPage","@id":"https:\/\/master-crdm.parisnanterre.fr\/blacksheep\/wicked-for-good-au-dela-des-apparences\/","url":"https:\/\/master-crdm.parisnanterre.fr\/blacksheep\/wicked-for-good-au-dela-des-apparences\/","name":"Wicked For Good : au-del\u00e0 des apparences - Black Sheep","isPartOf":{"@id":"https:\/\/master-crdm.parisnanterre.fr\/blacksheep\/#website"},"primaryImageOfPage":{"@id":"https:\/\/master-crdm.parisnanterre.fr\/blacksheep\/wicked-for-good-au-dela-des-apparences\/#primaryimage"},"image":{"@id":"https:\/\/master-crdm.parisnanterre.fr\/blacksheep\/wicked-for-good-au-dela-des-apparences\/#primaryimage"},"thumbnailUrl":"https:\/\/master-crdm.parisnanterre.fr\/blacksheep\/wp-content\/uploads\/2026\/01\/wicked-for-good-banner.jpg","datePublished":"2026-01-20T17:32:08+00:00","dateModified":"2026-01-20T18:42:39+00:00","breadcrumb":{"@id":"https:\/\/master-crdm.parisnanterre.fr\/blacksheep\/wicked-for-good-au-dela-des-apparences\/#breadcrumb"},"inLanguage":"fr-FR","potentialAction":[{"@type":"ReadAction","target":["https:\/\/master-crdm.parisnanterre.fr\/blacksheep\/wicked-for-good-au-dela-des-apparences\/"]}]},{"@type":"ImageObject","inLanguage":"fr-FR","@id":"https:\/\/master-crdm.parisnanterre.fr\/blacksheep\/wicked-for-good-au-dela-des-apparences\/#primaryimage","url":"https:\/\/master-crdm.parisnanterre.fr\/blacksheep\/wp-content\/uploads\/2026\/01\/wicked-for-good-banner.jpg","contentUrl":"https:\/\/master-crdm.parisnanterre.fr\/blacksheep\/wp-content\/uploads\/2026\/01\/wicked-for-good-banner.jpg","width":1600,"height":750,"caption":"\u00a9 Universal"},{"@type":"BreadcrumbList","@id":"https:\/\/master-crdm.parisnanterre.fr\/blacksheep\/wicked-for-good-au-dela-des-apparences\/#breadcrumb","itemListElement":[{"@type":"ListItem","position":1,"name":"Home","item":"https:\/\/master-crdm.parisnanterre.fr\/blacksheep\/"},{"@type":"ListItem","position":2,"name":"Wicked For Good : au-del\u00e0 des apparences"}]},{"@type":"WebSite","@id":"https:\/\/master-crdm.parisnanterre.fr\/blacksheep\/#website","url":"https:\/\/master-crdm.parisnanterre.fr\/blacksheep\/","name":"Black Sheep","description":"Le magazine du master CRDM","publisher":{"@id":"https:\/\/master-crdm.parisnanterre.fr\/blacksheep\/#organization"},"potentialAction":[{"@type":"SearchAction","target":{"@type":"EntryPoint","urlTemplate":"https:\/\/master-crdm.parisnanterre.fr\/blacksheep\/?s={search_term_string}"},"query-input":{"@type":"PropertyValueSpecification","valueRequired":true,"valueName":"search_term_string"}}],"inLanguage":"fr-FR"},{"@type":"Organization","@id":"https:\/\/master-crdm.parisnanterre.fr\/blacksheep\/#organization","name":"Black Sheep","url":"https:\/\/master-crdm.parisnanterre.fr\/blacksheep\/","logo":{"@type":"ImageObject","inLanguage":"fr-FR","@id":"https:\/\/master-crdm.parisnanterre.fr\/blacksheep\/#\/schema\/logo\/image\/","url":"https:\/\/master-crdm.parisnanterre.fr\/blacksheep\/wp-content\/uploads\/2024\/01\/LOGO-BLACK-RECTANGLE.png","contentUrl":"https:\/\/master-crdm.parisnanterre.fr\/blacksheep\/wp-content\/uploads\/2024\/01\/LOGO-BLACK-RECTANGLE.png","width":500,"height":330,"caption":"Black Sheep"},"image":{"@id":"https:\/\/master-crdm.parisnanterre.fr\/blacksheep\/#\/schema\/logo\/image\/"}},{"@type":"Person","@id":"https:\/\/master-crdm.parisnanterre.fr\/blacksheep\/#\/schema\/person\/b1cbad68134cfdedac26a058494c57d3","name":"Benoit Cazelles","image":{"@type":"ImageObject","inLanguage":"fr-FR","@id":"https:\/\/master-crdm.parisnanterre.fr\/blacksheep\/#\/schema\/person\/image\/","url":"https:\/\/secure.gravatar.com\/avatar\/2458b34d60aa7be396befca79d5f145451f2b678279a62deb19ce76261dafd76?s=96&d=mm&r=g","contentUrl":"https:\/\/secure.gravatar.com\/avatar\/2458b34d60aa7be396befca79d5f145451f2b678279a62deb19ce76261dafd76?s=96&d=mm&r=g","caption":"Benoit Cazelles"},"url":"https:\/\/master-crdm.parisnanterre.fr\/blacksheep\/author\/benoitcazelles\/"}]}},"_links":{"self":[{"href":"https:\/\/master-crdm.parisnanterre.fr\/blacksheep\/wp-json\/wp\/v2\/posts\/3286","targetHints":{"allow":["GET"]}}],"collection":[{"href":"https:\/\/master-crdm.parisnanterre.fr\/blacksheep\/wp-json\/wp\/v2\/posts"}],"about":[{"href":"https:\/\/master-crdm.parisnanterre.fr\/blacksheep\/wp-json\/wp\/v2\/types\/post"}],"author":[{"embeddable":true,"href":"https:\/\/master-crdm.parisnanterre.fr\/blacksheep\/wp-json\/wp\/v2\/users\/14"}],"replies":[{"embeddable":true,"href":"https:\/\/master-crdm.parisnanterre.fr\/blacksheep\/wp-json\/wp\/v2\/comments?post=3286"}],"version-history":[{"count":23,"href":"https:\/\/master-crdm.parisnanterre.fr\/blacksheep\/wp-json\/wp\/v2\/posts\/3286\/revisions"}],"predecessor-version":[{"id":3350,"href":"https:\/\/master-crdm.parisnanterre.fr\/blacksheep\/wp-json\/wp\/v2\/posts\/3286\/revisions\/3350"}],"wp:featuredmedia":[{"embeddable":true,"href":"https:\/\/master-crdm.parisnanterre.fr\/blacksheep\/wp-json\/wp\/v2\/media\/3326"}],"wp:attachment":[{"href":"https:\/\/master-crdm.parisnanterre.fr\/blacksheep\/wp-json\/wp\/v2\/media?parent=3286"}],"wp:term":[{"taxonomy":"category","embeddable":true,"href":"https:\/\/master-crdm.parisnanterre.fr\/blacksheep\/wp-json\/wp\/v2\/categories?post=3286"},{"taxonomy":"post_tag","embeddable":true,"href":"https:\/\/master-crdm.parisnanterre.fr\/blacksheep\/wp-json\/wp\/v2\/tags?post=3286"}],"curies":[{"name":"wp","href":"https:\/\/api.w.org\/{rel}","templated":true}]}}