{"id":3187,"date":"2026-01-20T19:48:09","date_gmt":"2026-01-20T18:48:09","guid":{"rendered":"https:\/\/master-crdm.parisnanterre.fr\/blacksheep\/?p=3187"},"modified":"2026-01-20T19:51:54","modified_gmt":"2026-01-20T18:51:54","slug":"une-traversee-sensible-de-bordeaux-patrimoine-et-urbanisme-au-musee-daquitaine","status":"publish","type":"post","link":"https:\/\/master-crdm.parisnanterre.fr\/blacksheep\/une-traversee-sensible-de-bordeaux-patrimoine-et-urbanisme-au-musee-daquitaine\/","title":{"rendered":"Une travers\u00e9e sensible de Bordeaux : patrimoine et urbanisme au mus\u00e9e d\u2019Aquitaine"},"content":{"rendered":"\t\t<div data-elementor-type=\"wp-post\" data-elementor-id=\"3187\" class=\"elementor elementor-3187\">\n\t\t\t\t<div class=\"elementor-element elementor-element-26c84feb e-flex e-con-boxed e-con e-parent\" data-id=\"26c84feb\" data-element_type=\"container\" data-e-type=\"container\">\n\t\t\t\t\t<div class=\"e-con-inner\">\n\t\t\t\t<div class=\"elementor-element elementor-element-45df864 elementor-widget elementor-widget-text-editor\" data-id=\"45df864\" data-element_type=\"widget\" data-e-type=\"widget\" data-widget_type=\"text-editor.default\">\n\t\t\t\t<div class=\"elementor-widget-container\">\n\t\t\t\t\t\t\t\t\t<p>Par Maxime Landais<\/p>\t\t\t\t\t\t\t\t<\/div>\n\t\t\t\t<\/div>\n\t\t\t\t<div class=\"elementor-element elementor-element-fb9c10b elementor-widget elementor-widget-image\" data-id=\"fb9c10b\" data-element_type=\"widget\" data-e-type=\"widget\" data-widget_type=\"image.default\">\n\t\t\t\t<div class=\"elementor-widget-container\">\n\t\t\t\t\t\t\t\t\t\t\t\t\t\t\t<img fetchpriority=\"high\" decoding=\"async\" width=\"464\" height=\"324\" src=\"https:\/\/master-crdm.parisnanterre.fr\/blacksheep\/wp-content\/uploads\/2026\/01\/image1-3.png\" class=\"attachment-large size-large wp-image-3351\" alt=\"\" srcset=\"https:\/\/master-crdm.parisnanterre.fr\/blacksheep\/wp-content\/uploads\/2026\/01\/image1-3.png 464w, https:\/\/master-crdm.parisnanterre.fr\/blacksheep\/wp-content\/uploads\/2026\/01\/image1-3-300x209.png 300w\" sizes=\"(max-width: 464px) 100vw, 464px\" \/>\t\t\t\t\t\t\t\t\t\t\t\t\t\t\t<\/div>\n\t\t\t\t<\/div>\n\t\t\t\t<div class=\"elementor-element elementor-element-e84750e elementor-widget elementor-widget-text-editor\" data-id=\"e84750e\" data-element_type=\"widget\" data-e-type=\"widget\" data-widget_type=\"text-editor.default\">\n\t\t\t\t<div class=\"elementor-widget-container\">\n\t\t\t\t\t\t\t\t\t<p>\u00a9 Maxime Landais &#8211; Collage illustrant l&rsquo;exposition<\/p>\t\t\t\t\t\t\t\t<\/div>\n\t\t\t\t<\/div>\n\t\t\t\t<div class=\"elementor-element elementor-element-5fc44d01 elementor-widget elementor-widget-text-editor\" data-id=\"5fc44d01\" data-element_type=\"widget\" data-e-type=\"widget\" data-widget_type=\"text-editor.default\">\n\t\t\t\t<div class=\"elementor-widget-container\">\n\t\t\t\t\t\t\t\t\t<figure>\n<p><span style=\"letter-spacing: -0.08px;\">Au c\u0153ur du mus\u00e9e d\u2019Aquitaine, le nouvel espace d\u2019exposition consacr\u00e9 \u00e0 l\u2019architecture et au patrimoine urbain de Bordeaux, ouvert au public depuis d\u00e9cembre 2025, propose une exp\u00e9rience immersive qui invite \u00e0 red\u00e9couvrir la ville autrement. Con\u00e7u comme un Centre d\u2019Interpr\u00e9tation de l\u2019Architecture et du Patrimoine (CIAP) , cet espace ne se contente pas de montrer Bordeaux : il cherche \u00e0 la faire ressentir, comprendre et questionner, \u00e0 travers 2 500 ans d\u2019\u00e9volution urbaine.<\/span><\/p>\n<p><span style=\"letter-spacing: -0.08px;\">D\u00e8s l\u2019entr\u00e9e dans l\u2019exposition, le visiteur est invit\u00e9 \u00e0 quitter le mus\u00e9e pour entrer symboliquement dans la ville. Le parcours, d\u2019une superficie d\u2019environ 40 m\u00b2, accessible gratuitement et propos\u00e9 en fran\u00e7ais, anglais et espagnol, s\u2019organise comme une balade urbaine progressive, depuis le c\u0153ur historique jusqu\u2019au grand paysage du fleuve et du port. Pens\u00e9e pour un public large, l\u2019exposition est accessible m\u00eame aux plus jeunes, notamment gr\u00e2ce \u00e0 des dispositifs ludiques int\u00e9gr\u00e9s au parcours. Maquettes, films d\u2019animation, cartes, dispositifs tactiles et sonores jalonnent la visite, offrant une lecture plurielle du territoire bordelais, fid\u00e8le \u00e0 la complexit\u00e9 de son histoire.<\/span><\/p>\n<p><span style=\"letter-spacing: -0.08px;\"><b>Comprendre la \u00ab fabrique urbaine \u00bb de Bordeaux<\/b><\/span><\/p>\n<p><span style=\"letter-spacing: -0.08px;\">Le parcours d\u00e9bute par une introduction immersive, centr\u00e9e sur la notion de fabrique urbaine. Un film d\u2019animation propose, en une dizaine de minutes, une plong\u00e9e spatio-temporelle retra\u00e7ant les grandes \u00e9tapes de la construction de Bordeaux, de l\u2019Antiquit\u00e9 au XXI\u1d49 si\u00e8cle. Appuy\u00e9e sur des sources historiques solides (telles que le cadastre du XIX\u1d49 si\u00e8cle ou les premi\u00e8res vues a\u00e9riennes de 1924) cette s\u00e9quence donne les cl\u00e9s n\u00e9cessaires pour appr\u00e9hender la ville comme un organisme vivant, fa\u00e7onn\u00e9 par des strates successives.<\/span><\/p>\n<p><span style=\"letter-spacing: -0.08px;\">Cette premi\u00e8re \u00e9tape permet de situer Bordeaux dans le temps long et de comprendre comment \u00e9v\u00e9nements historiques, choix politiques, activit\u00e9s \u00e9conomiques et contraintes g\u00e9ographiques ont progressivement model\u00e9 son tissu urbain. La notion de transformation continue, essentielle au propos de l\u2019exposition, s\u2019impose d\u00e8s lors comme un fil conducteur. Toutefois, le dispositif vid\u00e9o introductif peut parfois d\u00e9sorienter le visiteur, notamment en raison de l\u2019orientation inhabituelle de la carte, tourn\u00e9e vers l\u2019ouest plut\u00f4t que vers le nord, ce qui complique la lecture spatiale.<\/span><\/p>\n<p><span style=\"letter-spacing: -0.08px;\"><b>Le c\u0153ur historique : strates, mat\u00e9riaux et usages<\/b><\/span><\/p>\n<p><span style=\"letter-spacing: -0.08px;\">La seconde partie du parcours plonge le visiteur dans le centre historique de Bordeaux, secteur embl\u00e9matique class\u00e9 et prot\u00e9g\u00e9. Ruelles m\u00e9di\u00e9vales, grands monuments, quais ouverts sur la Garonne : l\u2019exposition met en lumi\u00e8re la richesse mais aussi la fragilit\u00e9 de ce patrimoine, inscrit dans un p\u00e9rim\u00e8tre de plus de 150 hectares reconnu comme site patrimonial remarquable.<\/span><\/p>\n<p><span style=\"letter-spacing: -0.08px;\">Un accent particulier est mis sur les mat\u00e9riaux et savoir-faire qui ont forg\u00e9 l\u2019identit\u00e9 bordelaise. La pierre, omnipr\u00e9sente, devient un \u00e9l\u00e9ment narratif \u00e0 part enti\u00e8re. Des dispositifs tactiles permettent d\u2019effleurer diff\u00e9rents mat\u00e9riaux, rappelant que l\u2019architecture est d\u2019abord une exp\u00e9rience physique et sensorielle. Cette approche sensible fonctionne particuli\u00e8rement bien et rend le contenu accessible, notamment pour les plus jeunes visiteurs.<\/span><\/p>\n<p><span style=\"letter-spacing: -0.08px;\">Dans cette m\u00eame logique, l\u2019exposition mobilise plusieurs sens. L\u2019odorat est sollicit\u00e9 \u00e0 travers des dispositifs invitant \u00e0 reconna\u00eetre les parfums des marchandises du port. La vue est mise \u00e0 contribution par des jeux d\u2019observation, dont un quiz \u00e0 la fa\u00e7on de \u00abO\u00f9 est Charlie ?\u00bb. Ces choix renforcent l\u2019implication du visiteur et favorisent une d\u00e9couverte active de l\u2019histoire urbaine.<\/span><\/p>\n<p><span style=\"letter-spacing: -0.08px;\">Cette section comporte \u00e9galement des vid\u00e9os de t\u00e9moignages. Si leur pr\u00e9sence apporte un \u00e9clairage humain int\u00e9ressant, leur traitement visuel appara\u00eet plus in\u00e9gal. Le montage, parfois peu soign\u00e9, donne une impression plus amateur qui tranche avec la qualit\u00e9 g\u00e9n\u00e9rale de la sc\u00e9nographie.<\/span><\/p>\n<p><span style=\"letter-spacing: -0.08px;\">Par son approche immersive, sensorielle et p\u00e9dagogique, l\u2019exposition Patrimoine et urbanisme offre une lecture accessible et nuanc\u00e9e de l\u2019histoire bordelaise. Malgr\u00e9 quelques limites dans certains dispositifs audiovisuels, elle constitue une introduction riche et stimulante \u00e0 la compr\u00e9hension de la ville et de ses transformations.<\/span><\/p>\n<\/figure>\n<p><!-- \/wp:paragraph --><\/p>\t\t\t\t\t\t\t\t<\/div>\n\t\t\t\t<\/div>\n\t\t\t\t\t<\/div>\n\t\t\t\t<\/div>\n\t\t\t\t<\/div>\n\t\t","protected":false},"excerpt":{"rendered":"<p>Par Maxime Landais \u00a9 Maxime Landais &#8211; Collage illustrant l&rsquo;exposition Au c\u0153ur du mus\u00e9e d\u2019Aquitaine, le nouvel espace d\u2019exposition consacr\u00e9 \u00e0 l\u2019architecture et au patrimoine urbain de Bordeaux, ouvert au public depuis d\u00e9cembre 2025, propose une exp\u00e9rience immersive qui invite \u00e0 red\u00e9couvrir la ville autrement. Con\u00e7u comme un Centre d\u2019Interpr\u00e9tation de l\u2019Architecture et du Patrimoine [&hellip;]<\/p>\n","protected":false},"author":14,"featured_media":3351,"comment_status":"close","ping_status":"closed","sticky":false,"template":"","format":"standard","meta":{"_FSMCFIC_featured_image_caption":"","_FSMCFIC_featured_image_nocaption":"","_FSMCFIC_featured_image_hide":"","footnotes":""},"categories":[27,25],"tags":[],"class_list":["post-3187","post","type-post","status-publish","format-standard","has-post-thumbnail","hentry","category-culture-edition-2026","category-edition-2026"],"yoast_head":"<!-- This site is optimized with the Yoast SEO plugin v24.2 - https:\/\/yoast.com\/wordpress\/plugins\/seo\/ -->\n<title>Une travers\u00e9e sensible de Bordeaux : patrimoine et urbanisme au mus\u00e9e d\u2019Aquitaine - Black Sheep<\/title>\n<meta name=\"robots\" content=\"index, follow, max-snippet:-1, max-image-preview:large, max-video-preview:-1\" \/>\n<link rel=\"canonical\" href=\"https:\/\/master-crdm.parisnanterre.fr\/blacksheep\/une-traversee-sensible-de-bordeaux-patrimoine-et-urbanisme-au-musee-daquitaine\/\" \/>\n<meta property=\"og:locale\" content=\"fr_FR\" \/>\n<meta property=\"og:type\" content=\"article\" \/>\n<meta property=\"og:title\" content=\"Une travers\u00e9e sensible de Bordeaux : patrimoine et urbanisme au mus\u00e9e d\u2019Aquitaine - Black Sheep\" \/>\n<meta property=\"og:description\" content=\"Par Maxime Landais \u00a9 Maxime Landais &#8211; Collage illustrant l&rsquo;exposition Au c\u0153ur du mus\u00e9e d\u2019Aquitaine, le nouvel espace d\u2019exposition consacr\u00e9 \u00e0 l\u2019architecture et au patrimoine urbain de Bordeaux, ouvert au public depuis d\u00e9cembre 2025, propose une exp\u00e9rience immersive qui invite \u00e0 red\u00e9couvrir la ville autrement. Con\u00e7u comme un Centre d\u2019Interpr\u00e9tation de l\u2019Architecture et du Patrimoine [&hellip;]\" \/>\n<meta property=\"og:url\" content=\"https:\/\/master-crdm.parisnanterre.fr\/blacksheep\/une-traversee-sensible-de-bordeaux-patrimoine-et-urbanisme-au-musee-daquitaine\/\" \/>\n<meta property=\"og:site_name\" content=\"Black Sheep\" \/>\n<meta property=\"article:published_time\" content=\"2026-01-20T18:48:09+00:00\" \/>\n<meta property=\"article:modified_time\" content=\"2026-01-20T18:51:54+00:00\" \/>\n<meta property=\"og:image\" content=\"https:\/\/master-crdm.parisnanterre.fr\/blacksheep\/wp-content\/uploads\/2026\/01\/image1-3.png\" \/>\n\t<meta property=\"og:image:width\" content=\"464\" \/>\n\t<meta property=\"og:image:height\" content=\"324\" \/>\n\t<meta property=\"og:image:type\" content=\"image\/png\" \/>\n<meta name=\"author\" content=\"Benoit Cazelles\" \/>\n<meta name=\"twitter:card\" content=\"summary_large_image\" \/>\n<meta name=\"twitter:label1\" content=\"\u00c9crit par\" \/>\n\t<meta name=\"twitter:data1\" content=\"Benoit Cazelles\" \/>\n\t<meta name=\"twitter:label2\" content=\"Dur\u00e9e de lecture estim\u00e9e\" \/>\n\t<meta name=\"twitter:data2\" content=\"4 minutes\" \/>\n<script type=\"application\/ld+json\" class=\"yoast-schema-graph\">{\"@context\":\"https:\/\/schema.org\",\"@graph\":[{\"@type\":\"Article\",\"@id\":\"https:\/\/master-crdm.parisnanterre.fr\/blacksheep\/une-traversee-sensible-de-bordeaux-patrimoine-et-urbanisme-au-musee-daquitaine\/#article\",\"isPartOf\":{\"@id\":\"https:\/\/master-crdm.parisnanterre.fr\/blacksheep\/une-traversee-sensible-de-bordeaux-patrimoine-et-urbanisme-au-musee-daquitaine\/\"},\"author\":{\"name\":\"Benoit Cazelles\",\"@id\":\"https:\/\/master-crdm.parisnanterre.fr\/blacksheep\/#\/schema\/person\/b1cbad68134cfdedac26a058494c57d3\"},\"headline\":\"Une travers\u00e9e sensible de Bordeaux : patrimoine et urbanisme au mus\u00e9e d\u2019Aquitaine\",\"datePublished\":\"2026-01-20T18:48:09+00:00\",\"dateModified\":\"2026-01-20T18:51:54+00:00\",\"mainEntityOfPage\":{\"@id\":\"https:\/\/master-crdm.parisnanterre.fr\/blacksheep\/une-traversee-sensible-de-bordeaux-patrimoine-et-urbanisme-au-musee-daquitaine\/\"},\"wordCount\":709,\"publisher\":{\"@id\":\"https:\/\/master-crdm.parisnanterre.fr\/blacksheep\/#organization\"},\"image\":{\"@id\":\"https:\/\/master-crdm.parisnanterre.fr\/blacksheep\/une-traversee-sensible-de-bordeaux-patrimoine-et-urbanisme-au-musee-daquitaine\/#primaryimage\"},\"thumbnailUrl\":\"https:\/\/master-crdm.parisnanterre.fr\/blacksheep\/wp-content\/uploads\/2026\/01\/image1-3.png\",\"articleSection\":[\"Culture\",\"\u00c9dition 2026\"],\"inLanguage\":\"fr-FR\"},{\"@type\":\"WebPage\",\"@id\":\"https:\/\/master-crdm.parisnanterre.fr\/blacksheep\/une-traversee-sensible-de-bordeaux-patrimoine-et-urbanisme-au-musee-daquitaine\/\",\"url\":\"https:\/\/master-crdm.parisnanterre.fr\/blacksheep\/une-traversee-sensible-de-bordeaux-patrimoine-et-urbanisme-au-musee-daquitaine\/\",\"name\":\"Une travers\u00e9e sensible de Bordeaux : patrimoine et urbanisme au mus\u00e9e d\u2019Aquitaine - Black Sheep\",\"isPartOf\":{\"@id\":\"https:\/\/master-crdm.parisnanterre.fr\/blacksheep\/#website\"},\"primaryImageOfPage\":{\"@id\":\"https:\/\/master-crdm.parisnanterre.fr\/blacksheep\/une-traversee-sensible-de-bordeaux-patrimoine-et-urbanisme-au-musee-daquitaine\/#primaryimage\"},\"image\":{\"@id\":\"https:\/\/master-crdm.parisnanterre.fr\/blacksheep\/une-traversee-sensible-de-bordeaux-patrimoine-et-urbanisme-au-musee-daquitaine\/#primaryimage\"},\"thumbnailUrl\":\"https:\/\/master-crdm.parisnanterre.fr\/blacksheep\/wp-content\/uploads\/2026\/01\/image1-3.png\",\"datePublished\":\"2026-01-20T18:48:09+00:00\",\"dateModified\":\"2026-01-20T18:51:54+00:00\",\"breadcrumb\":{\"@id\":\"https:\/\/master-crdm.parisnanterre.fr\/blacksheep\/une-traversee-sensible-de-bordeaux-patrimoine-et-urbanisme-au-musee-daquitaine\/#breadcrumb\"},\"inLanguage\":\"fr-FR\",\"potentialAction\":[{\"@type\":\"ReadAction\",\"target\":[\"https:\/\/master-crdm.parisnanterre.fr\/blacksheep\/une-traversee-sensible-de-bordeaux-patrimoine-et-urbanisme-au-musee-daquitaine\/\"]}]},{\"@type\":\"ImageObject\",\"inLanguage\":\"fr-FR\",\"@id\":\"https:\/\/master-crdm.parisnanterre.fr\/blacksheep\/une-traversee-sensible-de-bordeaux-patrimoine-et-urbanisme-au-musee-daquitaine\/#primaryimage\",\"url\":\"https:\/\/master-crdm.parisnanterre.fr\/blacksheep\/wp-content\/uploads\/2026\/01\/image1-3.png\",\"contentUrl\":\"https:\/\/master-crdm.parisnanterre.fr\/blacksheep\/wp-content\/uploads\/2026\/01\/image1-3.png\",\"width\":464,\"height\":324,\"caption\":\"\u00a9 Maxime Landais\"},{\"@type\":\"BreadcrumbList\",\"@id\":\"https:\/\/master-crdm.parisnanterre.fr\/blacksheep\/une-traversee-sensible-de-bordeaux-patrimoine-et-urbanisme-au-musee-daquitaine\/#breadcrumb\",\"itemListElement\":[{\"@type\":\"ListItem\",\"position\":1,\"name\":\"Home\",\"item\":\"https:\/\/master-crdm.parisnanterre.fr\/blacksheep\/\"},{\"@type\":\"ListItem\",\"position\":2,\"name\":\"Une travers\u00e9e sensible de Bordeaux : patrimoine et urbanisme au mus\u00e9e d\u2019Aquitaine\"}]},{\"@type\":\"WebSite\",\"@id\":\"https:\/\/master-crdm.parisnanterre.fr\/blacksheep\/#website\",\"url\":\"https:\/\/master-crdm.parisnanterre.fr\/blacksheep\/\",\"name\":\"Black Sheep\",\"description\":\"Le magazine du master CRDM\",\"publisher\":{\"@id\":\"https:\/\/master-crdm.parisnanterre.fr\/blacksheep\/#organization\"},\"potentialAction\":[{\"@type\":\"SearchAction\",\"target\":{\"@type\":\"EntryPoint\",\"urlTemplate\":\"https:\/\/master-crdm.parisnanterre.fr\/blacksheep\/?s={search_term_string}\"},\"query-input\":{\"@type\":\"PropertyValueSpecification\",\"valueRequired\":true,\"valueName\":\"search_term_string\"}}],\"inLanguage\":\"fr-FR\"},{\"@type\":\"Organization\",\"@id\":\"https:\/\/master-crdm.parisnanterre.fr\/blacksheep\/#organization\",\"name\":\"Black Sheep\",\"url\":\"https:\/\/master-crdm.parisnanterre.fr\/blacksheep\/\",\"logo\":{\"@type\":\"ImageObject\",\"inLanguage\":\"fr-FR\",\"@id\":\"https:\/\/master-crdm.parisnanterre.fr\/blacksheep\/#\/schema\/logo\/image\/\",\"url\":\"https:\/\/master-crdm.parisnanterre.fr\/blacksheep\/wp-content\/uploads\/2024\/01\/LOGO-BLACK-RECTANGLE.png\",\"contentUrl\":\"https:\/\/master-crdm.parisnanterre.fr\/blacksheep\/wp-content\/uploads\/2024\/01\/LOGO-BLACK-RECTANGLE.png\",\"width\":500,\"height\":330,\"caption\":\"Black Sheep\"},\"image\":{\"@id\":\"https:\/\/master-crdm.parisnanterre.fr\/blacksheep\/#\/schema\/logo\/image\/\"}},{\"@type\":\"Person\",\"@id\":\"https:\/\/master-crdm.parisnanterre.fr\/blacksheep\/#\/schema\/person\/b1cbad68134cfdedac26a058494c57d3\",\"name\":\"Benoit Cazelles\",\"image\":{\"@type\":\"ImageObject\",\"inLanguage\":\"fr-FR\",\"@id\":\"https:\/\/master-crdm.parisnanterre.fr\/blacksheep\/#\/schema\/person\/image\/\",\"url\":\"https:\/\/secure.gravatar.com\/avatar\/2458b34d60aa7be396befca79d5f145451f2b678279a62deb19ce76261dafd76?s=96&d=mm&r=g\",\"contentUrl\":\"https:\/\/secure.gravatar.com\/avatar\/2458b34d60aa7be396befca79d5f145451f2b678279a62deb19ce76261dafd76?s=96&d=mm&r=g\",\"caption\":\"Benoit Cazelles\"},\"url\":\"https:\/\/master-crdm.parisnanterre.fr\/blacksheep\/author\/benoitcazelles\/\"}]}<\/script>\n<!-- \/ Yoast SEO plugin. -->","yoast_head_json":{"title":"Une travers\u00e9e sensible de Bordeaux : patrimoine et urbanisme au mus\u00e9e d\u2019Aquitaine - Black Sheep","robots":{"index":"index","follow":"follow","max-snippet":"max-snippet:-1","max-image-preview":"max-image-preview:large","max-video-preview":"max-video-preview:-1"},"canonical":"https:\/\/master-crdm.parisnanterre.fr\/blacksheep\/une-traversee-sensible-de-bordeaux-patrimoine-et-urbanisme-au-musee-daquitaine\/","og_locale":"fr_FR","og_type":"article","og_title":"Une travers\u00e9e sensible de Bordeaux : patrimoine et urbanisme au mus\u00e9e d\u2019Aquitaine - Black Sheep","og_description":"Par Maxime Landais \u00a9 Maxime Landais &#8211; Collage illustrant l&rsquo;exposition Au c\u0153ur du mus\u00e9e d\u2019Aquitaine, le nouvel espace d\u2019exposition consacr\u00e9 \u00e0 l\u2019architecture et au patrimoine urbain de Bordeaux, ouvert au public depuis d\u00e9cembre 2025, propose une exp\u00e9rience immersive qui invite \u00e0 red\u00e9couvrir la ville autrement. Con\u00e7u comme un Centre d\u2019Interpr\u00e9tation de l\u2019Architecture et du Patrimoine [&hellip;]","og_url":"https:\/\/master-crdm.parisnanterre.fr\/blacksheep\/une-traversee-sensible-de-bordeaux-patrimoine-et-urbanisme-au-musee-daquitaine\/","og_site_name":"Black Sheep","article_published_time":"2026-01-20T18:48:09+00:00","article_modified_time":"2026-01-20T18:51:54+00:00","og_image":[{"width":464,"height":324,"url":"https:\/\/master-crdm.parisnanterre.fr\/blacksheep\/wp-content\/uploads\/2026\/01\/image1-3.png","type":"image\/png"}],"author":"Benoit Cazelles","twitter_card":"summary_large_image","twitter_misc":{"\u00c9crit par":"Benoit Cazelles","Dur\u00e9e de lecture estim\u00e9e":"4 minutes"},"schema":{"@context":"https:\/\/schema.org","@graph":[{"@type":"Article","@id":"https:\/\/master-crdm.parisnanterre.fr\/blacksheep\/une-traversee-sensible-de-bordeaux-patrimoine-et-urbanisme-au-musee-daquitaine\/#article","isPartOf":{"@id":"https:\/\/master-crdm.parisnanterre.fr\/blacksheep\/une-traversee-sensible-de-bordeaux-patrimoine-et-urbanisme-au-musee-daquitaine\/"},"author":{"name":"Benoit Cazelles","@id":"https:\/\/master-crdm.parisnanterre.fr\/blacksheep\/#\/schema\/person\/b1cbad68134cfdedac26a058494c57d3"},"headline":"Une travers\u00e9e sensible de Bordeaux : patrimoine et urbanisme au mus\u00e9e d\u2019Aquitaine","datePublished":"2026-01-20T18:48:09+00:00","dateModified":"2026-01-20T18:51:54+00:00","mainEntityOfPage":{"@id":"https:\/\/master-crdm.parisnanterre.fr\/blacksheep\/une-traversee-sensible-de-bordeaux-patrimoine-et-urbanisme-au-musee-daquitaine\/"},"wordCount":709,"publisher":{"@id":"https:\/\/master-crdm.parisnanterre.fr\/blacksheep\/#organization"},"image":{"@id":"https:\/\/master-crdm.parisnanterre.fr\/blacksheep\/une-traversee-sensible-de-bordeaux-patrimoine-et-urbanisme-au-musee-daquitaine\/#primaryimage"},"thumbnailUrl":"https:\/\/master-crdm.parisnanterre.fr\/blacksheep\/wp-content\/uploads\/2026\/01\/image1-3.png","articleSection":["Culture","\u00c9dition 2026"],"inLanguage":"fr-FR"},{"@type":"WebPage","@id":"https:\/\/master-crdm.parisnanterre.fr\/blacksheep\/une-traversee-sensible-de-bordeaux-patrimoine-et-urbanisme-au-musee-daquitaine\/","url":"https:\/\/master-crdm.parisnanterre.fr\/blacksheep\/une-traversee-sensible-de-bordeaux-patrimoine-et-urbanisme-au-musee-daquitaine\/","name":"Une travers\u00e9e sensible de Bordeaux : patrimoine et urbanisme au mus\u00e9e d\u2019Aquitaine - Black Sheep","isPartOf":{"@id":"https:\/\/master-crdm.parisnanterre.fr\/blacksheep\/#website"},"primaryImageOfPage":{"@id":"https:\/\/master-crdm.parisnanterre.fr\/blacksheep\/une-traversee-sensible-de-bordeaux-patrimoine-et-urbanisme-au-musee-daquitaine\/#primaryimage"},"image":{"@id":"https:\/\/master-crdm.parisnanterre.fr\/blacksheep\/une-traversee-sensible-de-bordeaux-patrimoine-et-urbanisme-au-musee-daquitaine\/#primaryimage"},"thumbnailUrl":"https:\/\/master-crdm.parisnanterre.fr\/blacksheep\/wp-content\/uploads\/2026\/01\/image1-3.png","datePublished":"2026-01-20T18:48:09+00:00","dateModified":"2026-01-20T18:51:54+00:00","breadcrumb":{"@id":"https:\/\/master-crdm.parisnanterre.fr\/blacksheep\/une-traversee-sensible-de-bordeaux-patrimoine-et-urbanisme-au-musee-daquitaine\/#breadcrumb"},"inLanguage":"fr-FR","potentialAction":[{"@type":"ReadAction","target":["https:\/\/master-crdm.parisnanterre.fr\/blacksheep\/une-traversee-sensible-de-bordeaux-patrimoine-et-urbanisme-au-musee-daquitaine\/"]}]},{"@type":"ImageObject","inLanguage":"fr-FR","@id":"https:\/\/master-crdm.parisnanterre.fr\/blacksheep\/une-traversee-sensible-de-bordeaux-patrimoine-et-urbanisme-au-musee-daquitaine\/#primaryimage","url":"https:\/\/master-crdm.parisnanterre.fr\/blacksheep\/wp-content\/uploads\/2026\/01\/image1-3.png","contentUrl":"https:\/\/master-crdm.parisnanterre.fr\/blacksheep\/wp-content\/uploads\/2026\/01\/image1-3.png","width":464,"height":324,"caption":"\u00a9 Maxime Landais"},{"@type":"BreadcrumbList","@id":"https:\/\/master-crdm.parisnanterre.fr\/blacksheep\/une-traversee-sensible-de-bordeaux-patrimoine-et-urbanisme-au-musee-daquitaine\/#breadcrumb","itemListElement":[{"@type":"ListItem","position":1,"name":"Home","item":"https:\/\/master-crdm.parisnanterre.fr\/blacksheep\/"},{"@type":"ListItem","position":2,"name":"Une travers\u00e9e sensible de Bordeaux : patrimoine et urbanisme au mus\u00e9e d\u2019Aquitaine"}]},{"@type":"WebSite","@id":"https:\/\/master-crdm.parisnanterre.fr\/blacksheep\/#website","url":"https:\/\/master-crdm.parisnanterre.fr\/blacksheep\/","name":"Black Sheep","description":"Le magazine du master CRDM","publisher":{"@id":"https:\/\/master-crdm.parisnanterre.fr\/blacksheep\/#organization"},"potentialAction":[{"@type":"SearchAction","target":{"@type":"EntryPoint","urlTemplate":"https:\/\/master-crdm.parisnanterre.fr\/blacksheep\/?s={search_term_string}"},"query-input":{"@type":"PropertyValueSpecification","valueRequired":true,"valueName":"search_term_string"}}],"inLanguage":"fr-FR"},{"@type":"Organization","@id":"https:\/\/master-crdm.parisnanterre.fr\/blacksheep\/#organization","name":"Black Sheep","url":"https:\/\/master-crdm.parisnanterre.fr\/blacksheep\/","logo":{"@type":"ImageObject","inLanguage":"fr-FR","@id":"https:\/\/master-crdm.parisnanterre.fr\/blacksheep\/#\/schema\/logo\/image\/","url":"https:\/\/master-crdm.parisnanterre.fr\/blacksheep\/wp-content\/uploads\/2024\/01\/LOGO-BLACK-RECTANGLE.png","contentUrl":"https:\/\/master-crdm.parisnanterre.fr\/blacksheep\/wp-content\/uploads\/2024\/01\/LOGO-BLACK-RECTANGLE.png","width":500,"height":330,"caption":"Black Sheep"},"image":{"@id":"https:\/\/master-crdm.parisnanterre.fr\/blacksheep\/#\/schema\/logo\/image\/"}},{"@type":"Person","@id":"https:\/\/master-crdm.parisnanterre.fr\/blacksheep\/#\/schema\/person\/b1cbad68134cfdedac26a058494c57d3","name":"Benoit Cazelles","image":{"@type":"ImageObject","inLanguage":"fr-FR","@id":"https:\/\/master-crdm.parisnanterre.fr\/blacksheep\/#\/schema\/person\/image\/","url":"https:\/\/secure.gravatar.com\/avatar\/2458b34d60aa7be396befca79d5f145451f2b678279a62deb19ce76261dafd76?s=96&d=mm&r=g","contentUrl":"https:\/\/secure.gravatar.com\/avatar\/2458b34d60aa7be396befca79d5f145451f2b678279a62deb19ce76261dafd76?s=96&d=mm&r=g","caption":"Benoit Cazelles"},"url":"https:\/\/master-crdm.parisnanterre.fr\/blacksheep\/author\/benoitcazelles\/"}]}},"_links":{"self":[{"href":"https:\/\/master-crdm.parisnanterre.fr\/blacksheep\/wp-json\/wp\/v2\/posts\/3187","targetHints":{"allow":["GET"]}}],"collection":[{"href":"https:\/\/master-crdm.parisnanterre.fr\/blacksheep\/wp-json\/wp\/v2\/posts"}],"about":[{"href":"https:\/\/master-crdm.parisnanterre.fr\/blacksheep\/wp-json\/wp\/v2\/types\/post"}],"author":[{"embeddable":true,"href":"https:\/\/master-crdm.parisnanterre.fr\/blacksheep\/wp-json\/wp\/v2\/users\/14"}],"replies":[{"embeddable":true,"href":"https:\/\/master-crdm.parisnanterre.fr\/blacksheep\/wp-json\/wp\/v2\/comments?post=3187"}],"version-history":[{"count":17,"href":"https:\/\/master-crdm.parisnanterre.fr\/blacksheep\/wp-json\/wp\/v2\/posts\/3187\/revisions"}],"predecessor-version":[{"id":3359,"href":"https:\/\/master-crdm.parisnanterre.fr\/blacksheep\/wp-json\/wp\/v2\/posts\/3187\/revisions\/3359"}],"wp:featuredmedia":[{"embeddable":true,"href":"https:\/\/master-crdm.parisnanterre.fr\/blacksheep\/wp-json\/wp\/v2\/media\/3351"}],"wp:attachment":[{"href":"https:\/\/master-crdm.parisnanterre.fr\/blacksheep\/wp-json\/wp\/v2\/media?parent=3187"}],"wp:term":[{"taxonomy":"category","embeddable":true,"href":"https:\/\/master-crdm.parisnanterre.fr\/blacksheep\/wp-json\/wp\/v2\/categories?post=3187"},{"taxonomy":"post_tag","embeddable":true,"href":"https:\/\/master-crdm.parisnanterre.fr\/blacksheep\/wp-json\/wp\/v2\/tags?post=3187"}],"curies":[{"name":"wp","href":"https:\/\/api.w.org\/{rel}","templated":true}]}}