{"id":2592,"date":"2025-12-11T11:26:10","date_gmt":"2025-12-11T10:26:10","guid":{"rendered":"https:\/\/master-crdm.parisnanterre.fr\/blacksheep\/?p=2592"},"modified":"2025-12-16T22:15:37","modified_gmt":"2025-12-16T21:15:37","slug":"chiara-le-portrait-dune-jeune-championne","status":"publish","type":"post","link":"https:\/\/master-crdm.parisnanterre.fr\/blacksheep\/chiara-le-portrait-dune-jeune-championne\/","title":{"rendered":"Portrait &#8211; Chiara : jeune championne de natation"},"content":{"rendered":"\t\t<div data-elementor-type=\"wp-post\" data-elementor-id=\"2592\" class=\"elementor elementor-2592\">\n\t\t\t\t<div class=\"elementor-element elementor-element-26c84feb e-flex e-con-boxed e-con e-parent\" data-id=\"26c84feb\" data-element_type=\"container\" data-e-type=\"container\">\n\t\t\t\t\t<div class=\"e-con-inner\">\n\t\t\t\t<div class=\"elementor-element elementor-element-45df864 elementor-widget elementor-widget-text-editor\" data-id=\"45df864\" data-element_type=\"widget\" data-e-type=\"widget\" data-widget_type=\"text-editor.default\">\n\t\t\t\t<div class=\"elementor-widget-container\">\n\t\t\t\t\t\t\t\t\t<p>Par Romane Quoniam<\/p>\t\t\t\t\t\t\t\t<\/div>\n\t\t\t\t<\/div>\n\t\t\t\t<div class=\"elementor-element elementor-element-382bfbd elementor-widget elementor-widget-image\" data-id=\"382bfbd\" data-element_type=\"widget\" data-e-type=\"widget\" data-widget_type=\"image.default\">\n\t\t\t\t<div class=\"elementor-widget-container\">\n\t\t\t\t\t\t\t\t\t\t\t\t\t\t\t<img fetchpriority=\"high\" decoding=\"async\" width=\"1024\" height=\"682\" src=\"https:\/\/master-crdm.parisnanterre.fr\/blacksheep\/wp-content\/uploads\/2025\/12\/chiara-1-1024x682.jpg\" class=\"attachment-large size-large wp-image-2609\" alt=\"\" srcset=\"https:\/\/master-crdm.parisnanterre.fr\/blacksheep\/wp-content\/uploads\/2025\/12\/chiara-1-1024x682.jpg 1024w, https:\/\/master-crdm.parisnanterre.fr\/blacksheep\/wp-content\/uploads\/2025\/12\/chiara-1-300x200.jpg 300w, https:\/\/master-crdm.parisnanterre.fr\/blacksheep\/wp-content\/uploads\/2025\/12\/chiara-1-768x512.jpg 768w, https:\/\/master-crdm.parisnanterre.fr\/blacksheep\/wp-content\/uploads\/2025\/12\/chiara-1-1536x1023.jpg 1536w, https:\/\/master-crdm.parisnanterre.fr\/blacksheep\/wp-content\/uploads\/2025\/12\/chiara-1.jpg 1600w\" sizes=\"(max-width: 1024px) 100vw, 1024px\" \/>\t\t\t\t\t\t\t\t\t\t\t\t\t\t\t<\/div>\n\t\t\t\t<\/div>\n\t\t\t\t<div class=\"elementor-element elementor-element-e58e820 elementor-widget elementor-widget-text-editor\" data-id=\"e58e820\" data-element_type=\"widget\" data-e-type=\"widget\" data-widget_type=\"text-editor.default\">\n\t\t\t\t<div class=\"elementor-widget-container\">\n\t\t\t\t\t\t\t\t\t<p>\u00a9 Nathan Ribeaud &#8211; Chiara L\u00e9d\u00e9e, nageuse \u00e0 l&rsquo;ES Massy Natation<\/p>\t\t\t\t\t\t\t\t<\/div>\n\t\t\t\t<\/div>\n\t\t\t\t<div class=\"elementor-element elementor-element-5fc44d01 elementor-widget elementor-widget-text-editor\" data-id=\"5fc44d01\" data-element_type=\"widget\" data-e-type=\"widget\" data-widget_type=\"text-editor.default\">\n\t\t\t\t<div class=\"elementor-widget-container\">\n\t\t\t\t\t\t\t\t\t<figure>\n<p><span style=\"letter-spacing: -0.08px;\">Initialement nageuse aux Canards Rochelais, Chiara L\u00e9d\u00e9e, 14 ans, a chang\u00e9 de club en septembre pour rejoindre l\u2019\u00e9quipe \u00e9lite de Nicolas Miquelestorena \u00e0 l\u2019ES Massy Natation. L\u2019occasion de dessiner le portrait de la jeune athl\u00e8te \u00e0 la carri\u00e8re pleine de promesses.<\/span><\/p>\n<p><span style=\"letter-spacing: -0.08px;\">\u00ab J\u2019ai toujours aim\u00e9 nager, d\u00e9j\u00e0 toute petite j\u2019\u00e9tais \u00e0 l\u2019aise dans l\u2019eau \u00bb. C\u2019est au club nautique de Saint-Astier, \u00e0 l\u2019est de Bordeaux, que Chiara fait ses premiers mouvements de brasse \u00e0 l\u2019\u00e2ge de 11 ans. C\u2019est dans ce petit club formateur que la jeune sportive d\u00e9couvre le monde de la natation et fait ses premi\u00e8res longueurs en loisirs avant de conna\u00eetre une progression rapide.<\/span><\/p>\n<p><span style=\"letter-spacing: -0.08px;\">Lorsque la famille de Chiara d\u00e9m\u00e9nage \u00e0 La Rochelle, la nageuse rejoint le club des Canards Rochelais o\u00f9 elle d\u00e9bute les comp\u00e9titions d\u00e9partementales et r\u00e9gionales : \u00ab J\u2019ai commenc\u00e9 \u00e0 m\u2019entra\u00eener plus souvent et \u00e0 gagner en niveaux \u00bb. Avec un rythme initial de trois s\u00e9ances hebdomadaires, Chiara augmente rapidement son volume d\u2019entra\u00eenements. Lors de son entr\u00e9e en classe de 4\u00e8me au coll\u00e8ge F\u00e9nelon Notre-Dame, situ\u00e9 juste \u00e0 c\u00f4t\u00e9 de la piscine de son club, la jeune athl\u00e8te foule les bassins rochelais jusqu\u2019\u00e0 cinq fois par semaine gr\u00e2ce aux horaires am\u00e9nag\u00e9s de la section sportive : \u00ab On commen\u00e7ait les cours plus tard [parfois \u00e0 11h30] ou on les finissait plus t\u00f4t [parfois \u00e0 15h] pour pouvoir aller nager\u00bb.<\/span><\/p>\n<p><img decoding=\"async\" style=\"letter-spacing: -0.005em;\" src=\"https:\/\/master-crdm.parisnanterre.fr\/blacksheep\/wp-content\/uploads\/2025\/12\/chiara-3.jpg\" alt=\"\" width=\"1600\" height=\"1066\" \/><\/p>\n<p><span style=\"letter-spacing: -0.08px;\">\u00a0 \u00a0 \u00a0 \u00a0 \u00a0 \u00a0 \u00a0 \u00a0 \u00a0 \u00a0 \u00a0 \u00a0 \u00a0 \u00a0 \u00a0 \u00a0 \u00a0 \u00a0 \u00a0 \u00a0 \u00a0\u00a0<\/span><span style=\"letter-spacing: -0.0984414px; text-align: center;\"><i>\u00a9 Nathan Ribeaud &#8211; Chiara durant son entra\u00eenement \u00e0 Massy<\/i><\/span><\/p>\n<p><span style=\"letter-spacing: -0.08px;\">Seulement, la piscine Lucien-Maylin dans laquelle se retrouvait quotidiennement le club des Canards a ferm\u00e9 ses portes le 2 juillet 2025 pour d\u2019importants travaux de plus de 16 mois. Consciente que cette situation peut alt\u00e9rer son \u00e9volution, Chiara est alors contrainte de trouver une nouvelle \u00e9quipe : \u00ab Si les entra\u00eenements sont faits dans de mauvaises conditions, ce sera difficile pour progresser \u00bb. Soutenue par sa m\u00e8re, ancienne nageuse de bon niveau et entra\u00eeneuse \u00e0 Astier et \u00e0 la Rochelle, l\u2019ex-Rochelaise se lance \u00e0 la recherche de son futur club d\u2019accueil. Son choix se porte finalement sur l\u2019ES Massy Natation 91, dans l\u2019\u00e9quipe \u00e9lite de Nicolas Miquelestorena : \u00ab Cela me paraissait \u00eatre un bon club de progression, leurs \u00e9quipes ont un tr\u00e8s bon niveau \u00bb. Apr\u00e8s quelques appels en vid\u00e9o et des rencontres au bord des bassins, Nicolas a donn\u00e9 sa d\u00e9cision, il croit aux capacit\u00e9s de la jeune fille et souhaite l\u2019accueillir pour la rentr\u00e9e prochaine.<\/span><\/p>\n<p><span style=\"letter-spacing: -0.08px;\">A tout juste 14 ans, Chiara a donc quitt\u00e9 le foyer familial pour s\u2019installer au CREPS (Centre de ressource, d\u2019expertise et de performance sportive) de Ch\u00e2tenay-Malabry \u00e0 Massy. Log\u00e9e dans un internat accueillant des sportifs de toutes disciplines, la nageuse partage sa chambre avec Cl\u00e9mence Allain, elle aussi, nouvelle recrue de l\u2019\u00e9quipe \u00e9lite massicoise : \u00ab On s\u2019\u00e9tait d\u00e9j\u00e0 crois\u00e9es au Championnats de France et on avait un peu discut\u00e9 ! \u00bb. La perspective de s\u2019\u00e9loigner de ses proches n\u2019est pas la plus \u00e9vidente mais la jeune sportive relativise : \u00ab Peut-\u00eatre qu\u2019une fois l\u00e0-bas il y aura des petits coups de mou mais on s\u2019appellera souvent et on s\u2019enverra des messages. \u00bb<\/span><\/p>\n<p><img decoding=\"async\" src=\"https:\/\/master-crdm.parisnanterre.fr\/blacksheep\/wp-content\/uploads\/2025\/12\/chiara-2.jpg\" alt=\"\" width=\"1600\" height=\"1068\" \/><\/p>\n<p><span style=\"letter-spacing: -0.08px;\">\u00a0<\/span><span style=\"letter-spacing: -0.08px;\">\u00a0 \u00a0 \u00a0 \u00a0 \u00a0 \u00a0 \u00a0 \u00a0 \u00a0 \u00a0 \u00a0 \u00a0 \u00a0 \u00a0 \u00a0\u00a0<\/span><span style=\"letter-spacing: -0.0984414px; text-align: center;\"><i>\u00a9 Nathan Ribeaud &#8211; Chiara se pr\u00e9pare pour son entra\u00eenement \u00e0 Massy<\/i><\/span><\/p>\n<p><span style=\"letter-spacing: -0.0984414px;\">Ses objectifs pour cette ann\u00e9e sont clairs, sp\u00e9cialiste du 100 m et 200 m brasse, Chiara souhaite acc\u00e9der au podium des championnats de France 25 m en d\u00e9cembre et aux championnats de France juniors qui auront lieu en avril 2026. \u00c9l\u00e8ve assidue, la jeune athl\u00e8te n\u2019oublie pas qu\u2019elle devra \u00e9galement d\u00e9crocher son brevet des coll\u00e8ges cette ann\u00e9e. Plus tard, Chiara aimerait travailler dans la m\u00e9decine, ou devenir chirurgienne, et surtout, continuer de nager. Elle s\u2019inspire des nageuses de son futur club, \u00e0 l\u2019instar de Lucie Vasquez, partie aux Etats-Unis pour continuer un cursus am\u00e9nag\u00e9 : \u00ab J\u2019ai encore le temps, mais les Etats-Unis [ce serait] quand m\u00eame super \u00bb.<\/span><\/p>\n<\/figure>\n<p><!-- \/wp:paragraph --><\/p>\t\t\t\t\t\t\t\t<\/div>\n\t\t\t\t<\/div>\n\t\t\t\t\t<\/div>\n\t\t\t\t<\/div>\n\t\t\t\t<\/div>\n\t\t","protected":false},"excerpt":{"rendered":"<p>.<\/p>\n","protected":false},"author":14,"featured_media":2609,"comment_status":"close","ping_status":"closed","sticky":false,"template":"","format":"standard","meta":{"_FSMCFIC_featured_image_caption":"","_FSMCFIC_featured_image_nocaption":"","_FSMCFIC_featured_image_hide":"","footnotes":""},"categories":[25,10],"tags":[],"class_list":["post-2592","post","type-post","status-publish","format-standard","has-post-thumbnail","hentry","category-edition-2026","category-sport"],"yoast_head":"<!-- This site is optimized with the Yoast SEO plugin v24.2 - https:\/\/yoast.com\/wordpress\/plugins\/seo\/ -->\n<title>Portrait - Chiara : jeune championne de natation - Black Sheep<\/title>\n<meta name=\"robots\" content=\"index, follow, max-snippet:-1, max-image-preview:large, max-video-preview:-1\" \/>\n<link rel=\"canonical\" href=\"https:\/\/master-crdm.parisnanterre.fr\/blacksheep\/chiara-le-portrait-dune-jeune-championne\/\" \/>\n<meta property=\"og:locale\" content=\"fr_FR\" \/>\n<meta property=\"og:type\" content=\"article\" \/>\n<meta property=\"og:title\" content=\"Portrait - Chiara : jeune championne de natation - Black Sheep\" \/>\n<meta property=\"og:description\" content=\".\" \/>\n<meta property=\"og:url\" content=\"https:\/\/master-crdm.parisnanterre.fr\/blacksheep\/chiara-le-portrait-dune-jeune-championne\/\" \/>\n<meta property=\"og:site_name\" content=\"Black Sheep\" \/>\n<meta property=\"article:published_time\" content=\"2025-12-11T10:26:10+00:00\" \/>\n<meta property=\"article:modified_time\" content=\"2025-12-16T21:15:37+00:00\" \/>\n<meta property=\"og:image\" content=\"https:\/\/master-crdm.parisnanterre.fr\/blacksheep\/wp-content\/uploads\/2025\/12\/chiara-1.jpg\" \/>\n\t<meta property=\"og:image:width\" content=\"1600\" \/>\n\t<meta property=\"og:image:height\" content=\"1066\" \/>\n\t<meta property=\"og:image:type\" content=\"image\/jpeg\" \/>\n<meta name=\"author\" content=\"Benoit Cazelles\" \/>\n<meta name=\"twitter:card\" content=\"summary_large_image\" \/>\n<meta name=\"twitter:label1\" content=\"\u00c9crit par\" \/>\n\t<meta name=\"twitter:data1\" content=\"Benoit Cazelles\" \/>\n\t<meta name=\"twitter:label2\" content=\"Dur\u00e9e de lecture estim\u00e9e\" \/>\n\t<meta name=\"twitter:data2\" content=\"4 minutes\" \/>\n<script type=\"application\/ld+json\" class=\"yoast-schema-graph\">{\"@context\":\"https:\/\/schema.org\",\"@graph\":[{\"@type\":\"Article\",\"@id\":\"https:\/\/master-crdm.parisnanterre.fr\/blacksheep\/chiara-le-portrait-dune-jeune-championne\/#article\",\"isPartOf\":{\"@id\":\"https:\/\/master-crdm.parisnanterre.fr\/blacksheep\/chiara-le-portrait-dune-jeune-championne\/\"},\"author\":{\"name\":\"Benoit Cazelles\",\"@id\":\"https:\/\/master-crdm.parisnanterre.fr\/blacksheep\/#\/schema\/person\/b1cbad68134cfdedac26a058494c57d3\"},\"headline\":\"Portrait &#8211; Chiara : jeune championne de natation\",\"datePublished\":\"2025-12-11T10:26:10+00:00\",\"dateModified\":\"2025-12-16T21:15:37+00:00\",\"mainEntityOfPage\":{\"@id\":\"https:\/\/master-crdm.parisnanterre.fr\/blacksheep\/chiara-le-portrait-dune-jeune-championne\/\"},\"wordCount\":689,\"publisher\":{\"@id\":\"https:\/\/master-crdm.parisnanterre.fr\/blacksheep\/#organization\"},\"image\":{\"@id\":\"https:\/\/master-crdm.parisnanterre.fr\/blacksheep\/chiara-le-portrait-dune-jeune-championne\/#primaryimage\"},\"thumbnailUrl\":\"https:\/\/master-crdm.parisnanterre.fr\/blacksheep\/wp-content\/uploads\/2025\/12\/chiara-1.jpg\",\"articleSection\":[\"\u00c9dition 2026\",\"Sport\"],\"inLanguage\":\"fr-FR\"},{\"@type\":\"WebPage\",\"@id\":\"https:\/\/master-crdm.parisnanterre.fr\/blacksheep\/chiara-le-portrait-dune-jeune-championne\/\",\"url\":\"https:\/\/master-crdm.parisnanterre.fr\/blacksheep\/chiara-le-portrait-dune-jeune-championne\/\",\"name\":\"Portrait - Chiara : jeune championne de natation - Black Sheep\",\"isPartOf\":{\"@id\":\"https:\/\/master-crdm.parisnanterre.fr\/blacksheep\/#website\"},\"primaryImageOfPage\":{\"@id\":\"https:\/\/master-crdm.parisnanterre.fr\/blacksheep\/chiara-le-portrait-dune-jeune-championne\/#primaryimage\"},\"image\":{\"@id\":\"https:\/\/master-crdm.parisnanterre.fr\/blacksheep\/chiara-le-portrait-dune-jeune-championne\/#primaryimage\"},\"thumbnailUrl\":\"https:\/\/master-crdm.parisnanterre.fr\/blacksheep\/wp-content\/uploads\/2025\/12\/chiara-1.jpg\",\"datePublished\":\"2025-12-11T10:26:10+00:00\",\"dateModified\":\"2025-12-16T21:15:37+00:00\",\"breadcrumb\":{\"@id\":\"https:\/\/master-crdm.parisnanterre.fr\/blacksheep\/chiara-le-portrait-dune-jeune-championne\/#breadcrumb\"},\"inLanguage\":\"fr-FR\",\"potentialAction\":[{\"@type\":\"ReadAction\",\"target\":[\"https:\/\/master-crdm.parisnanterre.fr\/blacksheep\/chiara-le-portrait-dune-jeune-championne\/\"]}]},{\"@type\":\"ImageObject\",\"inLanguage\":\"fr-FR\",\"@id\":\"https:\/\/master-crdm.parisnanterre.fr\/blacksheep\/chiara-le-portrait-dune-jeune-championne\/#primaryimage\",\"url\":\"https:\/\/master-crdm.parisnanterre.fr\/blacksheep\/wp-content\/uploads\/2025\/12\/chiara-1.jpg\",\"contentUrl\":\"https:\/\/master-crdm.parisnanterre.fr\/blacksheep\/wp-content\/uploads\/2025\/12\/chiara-1.jpg\",\"width\":1600,\"height\":1066,\"caption\":\"\u00a9 Nathan Ribeaud\"},{\"@type\":\"BreadcrumbList\",\"@id\":\"https:\/\/master-crdm.parisnanterre.fr\/blacksheep\/chiara-le-portrait-dune-jeune-championne\/#breadcrumb\",\"itemListElement\":[{\"@type\":\"ListItem\",\"position\":1,\"name\":\"Home\",\"item\":\"https:\/\/master-crdm.parisnanterre.fr\/blacksheep\/\"},{\"@type\":\"ListItem\",\"position\":2,\"name\":\"Portrait &#8211; Chiara : jeune championne de natation\"}]},{\"@type\":\"WebSite\",\"@id\":\"https:\/\/master-crdm.parisnanterre.fr\/blacksheep\/#website\",\"url\":\"https:\/\/master-crdm.parisnanterre.fr\/blacksheep\/\",\"name\":\"Black Sheep\",\"description\":\"Le magazine du master CRDM\",\"publisher\":{\"@id\":\"https:\/\/master-crdm.parisnanterre.fr\/blacksheep\/#organization\"},\"potentialAction\":[{\"@type\":\"SearchAction\",\"target\":{\"@type\":\"EntryPoint\",\"urlTemplate\":\"https:\/\/master-crdm.parisnanterre.fr\/blacksheep\/?s={search_term_string}\"},\"query-input\":{\"@type\":\"PropertyValueSpecification\",\"valueRequired\":true,\"valueName\":\"search_term_string\"}}],\"inLanguage\":\"fr-FR\"},{\"@type\":\"Organization\",\"@id\":\"https:\/\/master-crdm.parisnanterre.fr\/blacksheep\/#organization\",\"name\":\"Black Sheep\",\"url\":\"https:\/\/master-crdm.parisnanterre.fr\/blacksheep\/\",\"logo\":{\"@type\":\"ImageObject\",\"inLanguage\":\"fr-FR\",\"@id\":\"https:\/\/master-crdm.parisnanterre.fr\/blacksheep\/#\/schema\/logo\/image\/\",\"url\":\"https:\/\/master-crdm.parisnanterre.fr\/blacksheep\/wp-content\/uploads\/2024\/01\/LOGO-BLACK-RECTANGLE.png\",\"contentUrl\":\"https:\/\/master-crdm.parisnanterre.fr\/blacksheep\/wp-content\/uploads\/2024\/01\/LOGO-BLACK-RECTANGLE.png\",\"width\":500,\"height\":330,\"caption\":\"Black Sheep\"},\"image\":{\"@id\":\"https:\/\/master-crdm.parisnanterre.fr\/blacksheep\/#\/schema\/logo\/image\/\"}},{\"@type\":\"Person\",\"@id\":\"https:\/\/master-crdm.parisnanterre.fr\/blacksheep\/#\/schema\/person\/b1cbad68134cfdedac26a058494c57d3\",\"name\":\"Benoit Cazelles\",\"image\":{\"@type\":\"ImageObject\",\"inLanguage\":\"fr-FR\",\"@id\":\"https:\/\/master-crdm.parisnanterre.fr\/blacksheep\/#\/schema\/person\/image\/\",\"url\":\"https:\/\/secure.gravatar.com\/avatar\/2458b34d60aa7be396befca79d5f145451f2b678279a62deb19ce76261dafd76?s=96&d=mm&r=g\",\"contentUrl\":\"https:\/\/secure.gravatar.com\/avatar\/2458b34d60aa7be396befca79d5f145451f2b678279a62deb19ce76261dafd76?s=96&d=mm&r=g\",\"caption\":\"Benoit Cazelles\"},\"url\":\"https:\/\/master-crdm.parisnanterre.fr\/blacksheep\/author\/benoitcazelles\/\"}]}<\/script>\n<!-- \/ Yoast SEO plugin. -->","yoast_head_json":{"title":"Portrait - Chiara : jeune championne de natation - Black Sheep","robots":{"index":"index","follow":"follow","max-snippet":"max-snippet:-1","max-image-preview":"max-image-preview:large","max-video-preview":"max-video-preview:-1"},"canonical":"https:\/\/master-crdm.parisnanterre.fr\/blacksheep\/chiara-le-portrait-dune-jeune-championne\/","og_locale":"fr_FR","og_type":"article","og_title":"Portrait - Chiara : jeune championne de natation - Black Sheep","og_description":".","og_url":"https:\/\/master-crdm.parisnanterre.fr\/blacksheep\/chiara-le-portrait-dune-jeune-championne\/","og_site_name":"Black Sheep","article_published_time":"2025-12-11T10:26:10+00:00","article_modified_time":"2025-12-16T21:15:37+00:00","og_image":[{"width":1600,"height":1066,"url":"https:\/\/master-crdm.parisnanterre.fr\/blacksheep\/wp-content\/uploads\/2025\/12\/chiara-1.jpg","type":"image\/jpeg"}],"author":"Benoit Cazelles","twitter_card":"summary_large_image","twitter_misc":{"\u00c9crit par":"Benoit Cazelles","Dur\u00e9e de lecture estim\u00e9e":"4 minutes"},"schema":{"@context":"https:\/\/schema.org","@graph":[{"@type":"Article","@id":"https:\/\/master-crdm.parisnanterre.fr\/blacksheep\/chiara-le-portrait-dune-jeune-championne\/#article","isPartOf":{"@id":"https:\/\/master-crdm.parisnanterre.fr\/blacksheep\/chiara-le-portrait-dune-jeune-championne\/"},"author":{"name":"Benoit Cazelles","@id":"https:\/\/master-crdm.parisnanterre.fr\/blacksheep\/#\/schema\/person\/b1cbad68134cfdedac26a058494c57d3"},"headline":"Portrait &#8211; Chiara : jeune championne de natation","datePublished":"2025-12-11T10:26:10+00:00","dateModified":"2025-12-16T21:15:37+00:00","mainEntityOfPage":{"@id":"https:\/\/master-crdm.parisnanterre.fr\/blacksheep\/chiara-le-portrait-dune-jeune-championne\/"},"wordCount":689,"publisher":{"@id":"https:\/\/master-crdm.parisnanterre.fr\/blacksheep\/#organization"},"image":{"@id":"https:\/\/master-crdm.parisnanterre.fr\/blacksheep\/chiara-le-portrait-dune-jeune-championne\/#primaryimage"},"thumbnailUrl":"https:\/\/master-crdm.parisnanterre.fr\/blacksheep\/wp-content\/uploads\/2025\/12\/chiara-1.jpg","articleSection":["\u00c9dition 2026","Sport"],"inLanguage":"fr-FR"},{"@type":"WebPage","@id":"https:\/\/master-crdm.parisnanterre.fr\/blacksheep\/chiara-le-portrait-dune-jeune-championne\/","url":"https:\/\/master-crdm.parisnanterre.fr\/blacksheep\/chiara-le-portrait-dune-jeune-championne\/","name":"Portrait - Chiara : jeune championne de natation - Black Sheep","isPartOf":{"@id":"https:\/\/master-crdm.parisnanterre.fr\/blacksheep\/#website"},"primaryImageOfPage":{"@id":"https:\/\/master-crdm.parisnanterre.fr\/blacksheep\/chiara-le-portrait-dune-jeune-championne\/#primaryimage"},"image":{"@id":"https:\/\/master-crdm.parisnanterre.fr\/blacksheep\/chiara-le-portrait-dune-jeune-championne\/#primaryimage"},"thumbnailUrl":"https:\/\/master-crdm.parisnanterre.fr\/blacksheep\/wp-content\/uploads\/2025\/12\/chiara-1.jpg","datePublished":"2025-12-11T10:26:10+00:00","dateModified":"2025-12-16T21:15:37+00:00","breadcrumb":{"@id":"https:\/\/master-crdm.parisnanterre.fr\/blacksheep\/chiara-le-portrait-dune-jeune-championne\/#breadcrumb"},"inLanguage":"fr-FR","potentialAction":[{"@type":"ReadAction","target":["https:\/\/master-crdm.parisnanterre.fr\/blacksheep\/chiara-le-portrait-dune-jeune-championne\/"]}]},{"@type":"ImageObject","inLanguage":"fr-FR","@id":"https:\/\/master-crdm.parisnanterre.fr\/blacksheep\/chiara-le-portrait-dune-jeune-championne\/#primaryimage","url":"https:\/\/master-crdm.parisnanterre.fr\/blacksheep\/wp-content\/uploads\/2025\/12\/chiara-1.jpg","contentUrl":"https:\/\/master-crdm.parisnanterre.fr\/blacksheep\/wp-content\/uploads\/2025\/12\/chiara-1.jpg","width":1600,"height":1066,"caption":"\u00a9 Nathan Ribeaud"},{"@type":"BreadcrumbList","@id":"https:\/\/master-crdm.parisnanterre.fr\/blacksheep\/chiara-le-portrait-dune-jeune-championne\/#breadcrumb","itemListElement":[{"@type":"ListItem","position":1,"name":"Home","item":"https:\/\/master-crdm.parisnanterre.fr\/blacksheep\/"},{"@type":"ListItem","position":2,"name":"Portrait &#8211; Chiara : jeune championne de natation"}]},{"@type":"WebSite","@id":"https:\/\/master-crdm.parisnanterre.fr\/blacksheep\/#website","url":"https:\/\/master-crdm.parisnanterre.fr\/blacksheep\/","name":"Black Sheep","description":"Le magazine du master CRDM","publisher":{"@id":"https:\/\/master-crdm.parisnanterre.fr\/blacksheep\/#organization"},"potentialAction":[{"@type":"SearchAction","target":{"@type":"EntryPoint","urlTemplate":"https:\/\/master-crdm.parisnanterre.fr\/blacksheep\/?s={search_term_string}"},"query-input":{"@type":"PropertyValueSpecification","valueRequired":true,"valueName":"search_term_string"}}],"inLanguage":"fr-FR"},{"@type":"Organization","@id":"https:\/\/master-crdm.parisnanterre.fr\/blacksheep\/#organization","name":"Black Sheep","url":"https:\/\/master-crdm.parisnanterre.fr\/blacksheep\/","logo":{"@type":"ImageObject","inLanguage":"fr-FR","@id":"https:\/\/master-crdm.parisnanterre.fr\/blacksheep\/#\/schema\/logo\/image\/","url":"https:\/\/master-crdm.parisnanterre.fr\/blacksheep\/wp-content\/uploads\/2024\/01\/LOGO-BLACK-RECTANGLE.png","contentUrl":"https:\/\/master-crdm.parisnanterre.fr\/blacksheep\/wp-content\/uploads\/2024\/01\/LOGO-BLACK-RECTANGLE.png","width":500,"height":330,"caption":"Black Sheep"},"image":{"@id":"https:\/\/master-crdm.parisnanterre.fr\/blacksheep\/#\/schema\/logo\/image\/"}},{"@type":"Person","@id":"https:\/\/master-crdm.parisnanterre.fr\/blacksheep\/#\/schema\/person\/b1cbad68134cfdedac26a058494c57d3","name":"Benoit Cazelles","image":{"@type":"ImageObject","inLanguage":"fr-FR","@id":"https:\/\/master-crdm.parisnanterre.fr\/blacksheep\/#\/schema\/person\/image\/","url":"https:\/\/secure.gravatar.com\/avatar\/2458b34d60aa7be396befca79d5f145451f2b678279a62deb19ce76261dafd76?s=96&d=mm&r=g","contentUrl":"https:\/\/secure.gravatar.com\/avatar\/2458b34d60aa7be396befca79d5f145451f2b678279a62deb19ce76261dafd76?s=96&d=mm&r=g","caption":"Benoit Cazelles"},"url":"https:\/\/master-crdm.parisnanterre.fr\/blacksheep\/author\/benoitcazelles\/"}]}},"_links":{"self":[{"href":"https:\/\/master-crdm.parisnanterre.fr\/blacksheep\/wp-json\/wp\/v2\/posts\/2592","targetHints":{"allow":["GET"]}}],"collection":[{"href":"https:\/\/master-crdm.parisnanterre.fr\/blacksheep\/wp-json\/wp\/v2\/posts"}],"about":[{"href":"https:\/\/master-crdm.parisnanterre.fr\/blacksheep\/wp-json\/wp\/v2\/types\/post"}],"author":[{"embeddable":true,"href":"https:\/\/master-crdm.parisnanterre.fr\/blacksheep\/wp-json\/wp\/v2\/users\/14"}],"replies":[{"embeddable":true,"href":"https:\/\/master-crdm.parisnanterre.fr\/blacksheep\/wp-json\/wp\/v2\/comments?post=2592"}],"version-history":[{"count":25,"href":"https:\/\/master-crdm.parisnanterre.fr\/blacksheep\/wp-json\/wp\/v2\/posts\/2592\/revisions"}],"predecessor-version":[{"id":3021,"href":"https:\/\/master-crdm.parisnanterre.fr\/blacksheep\/wp-json\/wp\/v2\/posts\/2592\/revisions\/3021"}],"wp:featuredmedia":[{"embeddable":true,"href":"https:\/\/master-crdm.parisnanterre.fr\/blacksheep\/wp-json\/wp\/v2\/media\/2609"}],"wp:attachment":[{"href":"https:\/\/master-crdm.parisnanterre.fr\/blacksheep\/wp-json\/wp\/v2\/media?parent=2592"}],"wp:term":[{"taxonomy":"category","embeddable":true,"href":"https:\/\/master-crdm.parisnanterre.fr\/blacksheep\/wp-json\/wp\/v2\/categories?post=2592"},{"taxonomy":"post_tag","embeddable":true,"href":"https:\/\/master-crdm.parisnanterre.fr\/blacksheep\/wp-json\/wp\/v2\/tags?post=2592"}],"curies":[{"name":"wp","href":"https:\/\/api.w.org\/{rel}","templated":true}]}}