{"id":2571,"date":"2025-12-09T13:22:24","date_gmt":"2025-12-09T12:22:24","guid":{"rendered":"https:\/\/master-crdm.parisnanterre.fr\/blacksheep\/?p=2571"},"modified":"2025-12-16T22:06:55","modified_gmt":"2025-12-16T21:06:55","slug":"emmanuelle-maisonneuve-allier-statut-detudiant-et-auto-entrepreneur-encore-possible","status":"publish","type":"post","link":"https:\/\/master-crdm.parisnanterre.fr\/blacksheep\/emmanuelle-maisonneuve-allier-statut-detudiant-et-auto-entrepreneur-encore-possible\/","title":{"rendered":"Portrait &#8211; Emmanuelle Maisonneuve : allier statut d\u2019\u00e9tudiant et auto-entrepreneur, encore possible ?"},"content":{"rendered":"\t\t<div data-elementor-type=\"wp-post\" data-elementor-id=\"2571\" class=\"elementor elementor-2571\">\n\t\t\t\t<div class=\"elementor-element elementor-element-26c84feb e-flex e-con-boxed e-con e-parent\" data-id=\"26c84feb\" data-element_type=\"container\" data-e-type=\"container\">\n\t\t\t\t\t<div class=\"e-con-inner\">\n\t\t\t\t<div class=\"elementor-element elementor-element-45df864 elementor-widget elementor-widget-text-editor\" data-id=\"45df864\" data-element_type=\"widget\" data-e-type=\"widget\" data-widget_type=\"text-editor.default\">\n\t\t\t\t<div class=\"elementor-widget-container\">\n\t\t\t\t\t\t\t\t\t<p>Par Claire Veillon<\/p>\t\t\t\t\t\t\t\t<\/div>\n\t\t\t\t<\/div>\n\t\t\t\t<div class=\"elementor-element elementor-element-382bfbd elementor-widget elementor-widget-image\" data-id=\"382bfbd\" data-element_type=\"widget\" data-e-type=\"widget\" data-widget_type=\"image.default\">\n\t\t\t\t<div class=\"elementor-widget-container\">\n\t\t\t\t\t\t\t\t\t\t\t\t\t\t\t<img fetchpriority=\"high\" decoding=\"async\" width=\"768\" height=\"1024\" src=\"https:\/\/master-crdm.parisnanterre.fr\/blacksheep\/wp-content\/uploads\/2025\/12\/image1-9-768x1024.png\" class=\"attachment-large size-large wp-image-2573\" alt=\"\" srcset=\"https:\/\/master-crdm.parisnanterre.fr\/blacksheep\/wp-content\/uploads\/2025\/12\/image1-9-768x1023.png 768w, https:\/\/master-crdm.parisnanterre.fr\/blacksheep\/wp-content\/uploads\/2025\/12\/image1-9-225x300.png 225w, https:\/\/master-crdm.parisnanterre.fr\/blacksheep\/wp-content\/uploads\/2025\/12\/image1-9-1153x1536.png 1153w, https:\/\/master-crdm.parisnanterre.fr\/blacksheep\/wp-content\/uploads\/2025\/12\/image1-9.png 1500w\" sizes=\"(max-width: 768px) 100vw, 768px\" \/>\t\t\t\t\t\t\t\t\t\t\t\t\t\t\t<\/div>\n\t\t\t\t<\/div>\n\t\t\t\t<div class=\"elementor-element elementor-element-e58e820 elementor-widget elementor-widget-text-editor\" data-id=\"e58e820\" data-element_type=\"widget\" data-e-type=\"widget\" data-widget_type=\"text-editor.default\">\n\t\t\t\t<div class=\"elementor-widget-container\">\n\t\t\t\t\t\t\t\t\t<p>\u00a9 Claire Veillon &#8211; Emanuelle Maisonneuve, \u00e9tudiante auto-entrepreneuse<\/p>\t\t\t\t\t\t\t\t<\/div>\n\t\t\t\t<\/div>\n\t\t\t\t<div class=\"elementor-element elementor-element-5fc44d01 elementor-widget elementor-widget-text-editor\" data-id=\"5fc44d01\" data-element_type=\"widget\" data-e-type=\"widget\" data-widget_type=\"text-editor.default\">\n\t\t\t\t<div class=\"elementor-widget-container\">\n\t\t\t\t\t\t\t\t\t<figure>\n<p><span style=\"letter-spacing: -0.08px;\">\u00c9tudiante en Master exposition, production des \u0153uvres d\u2019art contemporain \u00e0 l\u2019Universit\u00e9 de Lille, Emmanuelle Maisonneuve jongle avec un statut hybride : celui d&rsquo;\u00e9tudiante-auto-entrepreneure.<\/span><\/p>\n<p><span style=\"letter-spacing: -0.08px;\">Son aventure d\u00e9bute en 2024, lorsqu\u2019elle cr\u00e9e son statut afin de pouvoir accepter plusieurs missions professionnelles parall\u00e8lement \u00e0 ses \u00e9tudes. Tr\u00e8s vite, Emmanuelle trouve un \u00e9quilibre et d\u00e9couvre les nombreux avantages de ce fonctionnement. Les missions qu\u2019on lui propose sont ponctuelles, flexibles et facilement adaptables \u00e0 son emploi du temps universitaire. Elle peut ainsi s\u00e9lectionner uniquement les p\u00e9riodes o\u00f9 elle est disponible.<\/span><\/p>\n<p><span style=\"letter-spacing: -0.08px;\">Ce dispositif lui permet aussi de naviguer entre des environnements professionnels vari\u00e9s, parfois \u00e9loign\u00e9s de son parcours acad\u00e9mique. Gr\u00e2ce \u00e0 ces exp\u00e9riences multiples, allant de la vente \u00e0 l\u2019animation <a href=\"https:\/\/master-crdm.parisnanterre.fr\/blacksheep\/dans-levenementiel-le-visuel-cest-un-peu-tout\/\">\u00e9v\u00e9nementielle<\/a>, elle construit progressivement un r\u00e9seau riche, transversal, qui d\u00e9passe largement le seul secteur culturel.<\/span><\/p>\n<p><span style=\"letter-spacing: -0.08px;\">C\u2019est d\u2019ailleurs par ce biais qu\u2019elle d\u00e9couvre un domaine qui deviendra central dans son activit\u00e9 : l\u2019animation. Jeux de soci\u00e9t\u00e9 sur les plages, ateliers Playmobil \u00e0 Lille, actions de m\u00e9diation au sein de mus\u00e9es, missions au Louvre ou \u00e0 l\u2019Arc de Triomphe\u2026 Chacune de ces activit\u00e9s nourrit ses exp\u00e9riences professionnelles,\u00a0 renfor\u00e7ant m\u00eame le travail de recherche men\u00e9 dans le cadre de son m\u00e9moire.<\/span><\/p>\n<p><span style=\"letter-spacing: -0.08px;\">Au-del\u00e0 de l\u2019exp\u00e9rience, son statut lui offre l\u2019occasion d\u2019acqu\u00e9rir des comp\u00e9tences essentielles, notamment en gestion administrative. Si cr\u00e9er son autoentreprise s\u2019est r\u00e9v\u00e9l\u00e9 \u00e9tonnamment simple, la gestion quotidienne des factures et obligations l\u00e9gales constitue un v\u00e9ritable apprentissage ; parfois bien plus formateur que certains cours th\u00e9oriques.<\/span><\/p>\n<p><span style=\"letter-spacing: -0.08px;\">Mais cette libert\u00e9 comporte aussi ses limites. L&rsquo;entrepreneuriat implique l\u2019absence de cong\u00e9s pay\u00e9s et de cotisations retraite. L\u2019\u00e9quilibre entre vie personnelle, obligations universitaires et missions professionnelles reste un d\u00e9fi permanent. \u00ab Ce n\u2019est pas toujours simple de tout concilier \u00bb, reconna\u00eet-elle.\u00a0<\/span><\/p>\n<p><span style=\"letter-spacing: -0.08px;\">Pourtant, loin de freiner son \u00e9lan, cette exp\u00e9rience renforce ses ambitions. Gr\u00e2ce \u00e0 ses missions, son r\u00e9seau et \u00e0 sa meilleure compr\u00e9hension des r\u00e9alit\u00e9s de terrain, Emmanuelle envisage d\u00e9sormais de d\u00e9velopper sa propre structure, autour de passions qui la suivent depuis longtemps : le vitrail et la langue des signes. \u00ab J\u2019aimerai bien-s\u00fbr plus tard monter ma propre bo\u00eete autour de mes passions \u00bb, conclut-elle.\u00a0<\/span><\/p>\n<p><span style=\"letter-spacing: -0.08px;\">Entre rigueur administrative, cr\u00e9ativit\u00e9 artistique et curiosit\u00e9 professionnelle, Emmanuelle Maisonneuve incarne une nouvelle g\u00e9n\u00e9ration d\u2019\u00e9tudiants qui construisent leur avenir en multipliant les exp\u00e9riences, sans jamais renoncer \u00e0 leurs passions.<\/span><\/p>\n<div>\u00a0<\/div>\n<\/figure>\n<p><!-- \/wp:paragraph --><\/p>\t\t\t\t\t\t\t\t<\/div>\n\t\t\t\t<\/div>\n\t\t\t\t\t<\/div>\n\t\t\t\t<\/div>\n\t\t\t\t<\/div>\n\t\t","protected":false},"excerpt":{"rendered":"<p>Par Claire Veillon \u00a9 Claire Veillon &#8211; Emanuelle Maisonneuve, \u00e9tudiante auto-entrepreneuse \u00c9tudiante en Master exposition, production des \u0153uvres d\u2019art contemporain \u00e0 l\u2019Universit\u00e9 de Lille, Emmanuelle Maisonneuve jongle avec un statut hybride : celui d&rsquo;\u00e9tudiante-auto-entrepreneure. Son aventure d\u00e9bute en 2024, lorsqu\u2019elle cr\u00e9e son statut afin de pouvoir accepter plusieurs missions professionnelles parall\u00e8lement \u00e0 ses \u00e9tudes. Tr\u00e8s [&hellip;]<\/p>\n","protected":false},"author":14,"featured_media":2573,"comment_status":"close","ping_status":"closed","sticky":false,"template":"","format":"standard","meta":{"_FSMCFIC_featured_image_caption":"","_FSMCFIC_featured_image_nocaption":"","_FSMCFIC_featured_image_hide":"","footnotes":""},"categories":[25,15],"tags":[],"class_list":["post-2571","post","type-post","status-publish","format-standard","has-post-thumbnail","hentry","category-edition-2026","category-societe"],"yoast_head":"<!-- This site is optimized with the Yoast SEO plugin v24.2 - https:\/\/yoast.com\/wordpress\/plugins\/seo\/ -->\n<title>Portrait - Emmanuelle Maisonneuve : allier statut d\u2019\u00e9tudiant et auto-entrepreneur, encore possible ? - Black Sheep<\/title>\n<meta name=\"robots\" content=\"index, follow, max-snippet:-1, max-image-preview:large, max-video-preview:-1\" \/>\n<link rel=\"canonical\" href=\"https:\/\/master-crdm.parisnanterre.fr\/blacksheep\/emmanuelle-maisonneuve-allier-statut-detudiant-et-auto-entrepreneur-encore-possible\/\" \/>\n<meta property=\"og:locale\" content=\"fr_FR\" \/>\n<meta property=\"og:type\" content=\"article\" \/>\n<meta property=\"og:title\" content=\"Portrait - Emmanuelle Maisonneuve : allier statut d\u2019\u00e9tudiant et auto-entrepreneur, encore possible ? - Black Sheep\" \/>\n<meta property=\"og:description\" content=\"Par Claire Veillon \u00a9 Claire Veillon &#8211; Emanuelle Maisonneuve, \u00e9tudiante auto-entrepreneuse \u00c9tudiante en Master exposition, production des \u0153uvres d\u2019art contemporain \u00e0 l\u2019Universit\u00e9 de Lille, Emmanuelle Maisonneuve jongle avec un statut hybride : celui d&rsquo;\u00e9tudiante-auto-entrepreneure. Son aventure d\u00e9bute en 2024, lorsqu\u2019elle cr\u00e9e son statut afin de pouvoir accepter plusieurs missions professionnelles parall\u00e8lement \u00e0 ses \u00e9tudes. Tr\u00e8s [&hellip;]\" \/>\n<meta property=\"og:url\" content=\"https:\/\/master-crdm.parisnanterre.fr\/blacksheep\/emmanuelle-maisonneuve-allier-statut-detudiant-et-auto-entrepreneur-encore-possible\/\" \/>\n<meta property=\"og:site_name\" content=\"Black Sheep\" \/>\n<meta property=\"article:published_time\" content=\"2025-12-09T12:22:24+00:00\" \/>\n<meta property=\"article:modified_time\" content=\"2025-12-16T21:06:55+00:00\" \/>\n<meta property=\"og:image\" content=\"https:\/\/master-crdm.parisnanterre.fr\/blacksheep\/wp-content\/uploads\/2025\/12\/image1-9-768x1024.png\" \/>\n\t<meta property=\"og:image:width\" content=\"768\" \/>\n\t<meta property=\"og:image:height\" content=\"1024\" \/>\n\t<meta property=\"og:image:type\" content=\"image\/png\" \/>\n<meta name=\"author\" content=\"Benoit Cazelles\" \/>\n<meta name=\"twitter:card\" content=\"summary_large_image\" \/>\n<meta name=\"twitter:label1\" content=\"\u00c9crit par\" \/>\n\t<meta name=\"twitter:data1\" content=\"Benoit Cazelles\" \/>\n\t<meta name=\"twitter:label2\" content=\"Dur\u00e9e de lecture estim\u00e9e\" \/>\n\t<meta name=\"twitter:data2\" content=\"3 minutes\" \/>\n<script type=\"application\/ld+json\" class=\"yoast-schema-graph\">{\"@context\":\"https:\/\/schema.org\",\"@graph\":[{\"@type\":\"Article\",\"@id\":\"https:\/\/master-crdm.parisnanterre.fr\/blacksheep\/emmanuelle-maisonneuve-allier-statut-detudiant-et-auto-entrepreneur-encore-possible\/#article\",\"isPartOf\":{\"@id\":\"https:\/\/master-crdm.parisnanterre.fr\/blacksheep\/emmanuelle-maisonneuve-allier-statut-detudiant-et-auto-entrepreneur-encore-possible\/\"},\"author\":{\"name\":\"Benoit Cazelles\",\"@id\":\"https:\/\/master-crdm.parisnanterre.fr\/blacksheep\/#\/schema\/person\/b1cbad68134cfdedac26a058494c57d3\"},\"headline\":\"Portrait &#8211; Emmanuelle Maisonneuve : allier statut d\u2019\u00e9tudiant et auto-entrepreneur, encore possible ?\",\"datePublished\":\"2025-12-09T12:22:24+00:00\",\"dateModified\":\"2025-12-16T21:06:55+00:00\",\"mainEntityOfPage\":{\"@id\":\"https:\/\/master-crdm.parisnanterre.fr\/blacksheep\/emmanuelle-maisonneuve-allier-statut-detudiant-et-auto-entrepreneur-encore-possible\/\"},\"wordCount\":447,\"publisher\":{\"@id\":\"https:\/\/master-crdm.parisnanterre.fr\/blacksheep\/#organization\"},\"image\":{\"@id\":\"https:\/\/master-crdm.parisnanterre.fr\/blacksheep\/emmanuelle-maisonneuve-allier-statut-detudiant-et-auto-entrepreneur-encore-possible\/#primaryimage\"},\"thumbnailUrl\":\"https:\/\/master-crdm.parisnanterre.fr\/blacksheep\/wp-content\/uploads\/2025\/12\/image1-9.png\",\"articleSection\":[\"\u00c9dition 2026\",\"Soci\u00e9t\u00e9\"],\"inLanguage\":\"fr-FR\"},{\"@type\":\"WebPage\",\"@id\":\"https:\/\/master-crdm.parisnanterre.fr\/blacksheep\/emmanuelle-maisonneuve-allier-statut-detudiant-et-auto-entrepreneur-encore-possible\/\",\"url\":\"https:\/\/master-crdm.parisnanterre.fr\/blacksheep\/emmanuelle-maisonneuve-allier-statut-detudiant-et-auto-entrepreneur-encore-possible\/\",\"name\":\"Portrait - Emmanuelle Maisonneuve : allier statut d\u2019\u00e9tudiant et auto-entrepreneur, encore possible ? - Black Sheep\",\"isPartOf\":{\"@id\":\"https:\/\/master-crdm.parisnanterre.fr\/blacksheep\/#website\"},\"primaryImageOfPage\":{\"@id\":\"https:\/\/master-crdm.parisnanterre.fr\/blacksheep\/emmanuelle-maisonneuve-allier-statut-detudiant-et-auto-entrepreneur-encore-possible\/#primaryimage\"},\"image\":{\"@id\":\"https:\/\/master-crdm.parisnanterre.fr\/blacksheep\/emmanuelle-maisonneuve-allier-statut-detudiant-et-auto-entrepreneur-encore-possible\/#primaryimage\"},\"thumbnailUrl\":\"https:\/\/master-crdm.parisnanterre.fr\/blacksheep\/wp-content\/uploads\/2025\/12\/image1-9.png\",\"datePublished\":\"2025-12-09T12:22:24+00:00\",\"dateModified\":\"2025-12-16T21:06:55+00:00\",\"breadcrumb\":{\"@id\":\"https:\/\/master-crdm.parisnanterre.fr\/blacksheep\/emmanuelle-maisonneuve-allier-statut-detudiant-et-auto-entrepreneur-encore-possible\/#breadcrumb\"},\"inLanguage\":\"fr-FR\",\"potentialAction\":[{\"@type\":\"ReadAction\",\"target\":[\"https:\/\/master-crdm.parisnanterre.fr\/blacksheep\/emmanuelle-maisonneuve-allier-statut-detudiant-et-auto-entrepreneur-encore-possible\/\"]}]},{\"@type\":\"ImageObject\",\"inLanguage\":\"fr-FR\",\"@id\":\"https:\/\/master-crdm.parisnanterre.fr\/blacksheep\/emmanuelle-maisonneuve-allier-statut-detudiant-et-auto-entrepreneur-encore-possible\/#primaryimage\",\"url\":\"https:\/\/master-crdm.parisnanterre.fr\/blacksheep\/wp-content\/uploads\/2025\/12\/image1-9.png\",\"contentUrl\":\"https:\/\/master-crdm.parisnanterre.fr\/blacksheep\/wp-content\/uploads\/2025\/12\/image1-9.png\",\"width\":1500,\"height\":1999,\"caption\":\"\u00a9 Claire Veillon\"},{\"@type\":\"BreadcrumbList\",\"@id\":\"https:\/\/master-crdm.parisnanterre.fr\/blacksheep\/emmanuelle-maisonneuve-allier-statut-detudiant-et-auto-entrepreneur-encore-possible\/#breadcrumb\",\"itemListElement\":[{\"@type\":\"ListItem\",\"position\":1,\"name\":\"Home\",\"item\":\"https:\/\/master-crdm.parisnanterre.fr\/blacksheep\/\"},{\"@type\":\"ListItem\",\"position\":2,\"name\":\"Portrait &#8211; Emmanuelle Maisonneuve : allier statut d\u2019\u00e9tudiant et auto-entrepreneur, encore possible ?\"}]},{\"@type\":\"WebSite\",\"@id\":\"https:\/\/master-crdm.parisnanterre.fr\/blacksheep\/#website\",\"url\":\"https:\/\/master-crdm.parisnanterre.fr\/blacksheep\/\",\"name\":\"Black Sheep\",\"description\":\"Le magazine du master CRDM\",\"publisher\":{\"@id\":\"https:\/\/master-crdm.parisnanterre.fr\/blacksheep\/#organization\"},\"potentialAction\":[{\"@type\":\"SearchAction\",\"target\":{\"@type\":\"EntryPoint\",\"urlTemplate\":\"https:\/\/master-crdm.parisnanterre.fr\/blacksheep\/?s={search_term_string}\"},\"query-input\":{\"@type\":\"PropertyValueSpecification\",\"valueRequired\":true,\"valueName\":\"search_term_string\"}}],\"inLanguage\":\"fr-FR\"},{\"@type\":\"Organization\",\"@id\":\"https:\/\/master-crdm.parisnanterre.fr\/blacksheep\/#organization\",\"name\":\"Black Sheep\",\"url\":\"https:\/\/master-crdm.parisnanterre.fr\/blacksheep\/\",\"logo\":{\"@type\":\"ImageObject\",\"inLanguage\":\"fr-FR\",\"@id\":\"https:\/\/master-crdm.parisnanterre.fr\/blacksheep\/#\/schema\/logo\/image\/\",\"url\":\"https:\/\/master-crdm.parisnanterre.fr\/blacksheep\/wp-content\/uploads\/2024\/01\/LOGO-BLACK-RECTANGLE.png\",\"contentUrl\":\"https:\/\/master-crdm.parisnanterre.fr\/blacksheep\/wp-content\/uploads\/2024\/01\/LOGO-BLACK-RECTANGLE.png\",\"width\":500,\"height\":330,\"caption\":\"Black Sheep\"},\"image\":{\"@id\":\"https:\/\/master-crdm.parisnanterre.fr\/blacksheep\/#\/schema\/logo\/image\/\"}},{\"@type\":\"Person\",\"@id\":\"https:\/\/master-crdm.parisnanterre.fr\/blacksheep\/#\/schema\/person\/b1cbad68134cfdedac26a058494c57d3\",\"name\":\"Benoit Cazelles\",\"image\":{\"@type\":\"ImageObject\",\"inLanguage\":\"fr-FR\",\"@id\":\"https:\/\/master-crdm.parisnanterre.fr\/blacksheep\/#\/schema\/person\/image\/\",\"url\":\"https:\/\/secure.gravatar.com\/avatar\/2458b34d60aa7be396befca79d5f145451f2b678279a62deb19ce76261dafd76?s=96&d=mm&r=g\",\"contentUrl\":\"https:\/\/secure.gravatar.com\/avatar\/2458b34d60aa7be396befca79d5f145451f2b678279a62deb19ce76261dafd76?s=96&d=mm&r=g\",\"caption\":\"Benoit Cazelles\"},\"url\":\"https:\/\/master-crdm.parisnanterre.fr\/blacksheep\/author\/benoitcazelles\/\"}]}<\/script>\n<!-- \/ Yoast SEO plugin. -->","yoast_head_json":{"title":"Portrait - Emmanuelle Maisonneuve : allier statut d\u2019\u00e9tudiant et auto-entrepreneur, encore possible ? - Black Sheep","robots":{"index":"index","follow":"follow","max-snippet":"max-snippet:-1","max-image-preview":"max-image-preview:large","max-video-preview":"max-video-preview:-1"},"canonical":"https:\/\/master-crdm.parisnanterre.fr\/blacksheep\/emmanuelle-maisonneuve-allier-statut-detudiant-et-auto-entrepreneur-encore-possible\/","og_locale":"fr_FR","og_type":"article","og_title":"Portrait - Emmanuelle Maisonneuve : allier statut d\u2019\u00e9tudiant et auto-entrepreneur, encore possible ? - Black Sheep","og_description":"Par Claire Veillon \u00a9 Claire Veillon &#8211; Emanuelle Maisonneuve, \u00e9tudiante auto-entrepreneuse \u00c9tudiante en Master exposition, production des \u0153uvres d\u2019art contemporain \u00e0 l\u2019Universit\u00e9 de Lille, Emmanuelle Maisonneuve jongle avec un statut hybride : celui d&rsquo;\u00e9tudiante-auto-entrepreneure. Son aventure d\u00e9bute en 2024, lorsqu\u2019elle cr\u00e9e son statut afin de pouvoir accepter plusieurs missions professionnelles parall\u00e8lement \u00e0 ses \u00e9tudes. Tr\u00e8s [&hellip;]","og_url":"https:\/\/master-crdm.parisnanterre.fr\/blacksheep\/emmanuelle-maisonneuve-allier-statut-detudiant-et-auto-entrepreneur-encore-possible\/","og_site_name":"Black Sheep","article_published_time":"2025-12-09T12:22:24+00:00","article_modified_time":"2025-12-16T21:06:55+00:00","og_image":[{"width":768,"height":1024,"url":"https:\/\/master-crdm.parisnanterre.fr\/blacksheep\/wp-content\/uploads\/2025\/12\/image1-9-768x1024.png","type":"image\/png"}],"author":"Benoit Cazelles","twitter_card":"summary_large_image","twitter_misc":{"\u00c9crit par":"Benoit Cazelles","Dur\u00e9e de lecture estim\u00e9e":"3 minutes"},"schema":{"@context":"https:\/\/schema.org","@graph":[{"@type":"Article","@id":"https:\/\/master-crdm.parisnanterre.fr\/blacksheep\/emmanuelle-maisonneuve-allier-statut-detudiant-et-auto-entrepreneur-encore-possible\/#article","isPartOf":{"@id":"https:\/\/master-crdm.parisnanterre.fr\/blacksheep\/emmanuelle-maisonneuve-allier-statut-detudiant-et-auto-entrepreneur-encore-possible\/"},"author":{"name":"Benoit Cazelles","@id":"https:\/\/master-crdm.parisnanterre.fr\/blacksheep\/#\/schema\/person\/b1cbad68134cfdedac26a058494c57d3"},"headline":"Portrait &#8211; Emmanuelle Maisonneuve : allier statut d\u2019\u00e9tudiant et auto-entrepreneur, encore possible ?","datePublished":"2025-12-09T12:22:24+00:00","dateModified":"2025-12-16T21:06:55+00:00","mainEntityOfPage":{"@id":"https:\/\/master-crdm.parisnanterre.fr\/blacksheep\/emmanuelle-maisonneuve-allier-statut-detudiant-et-auto-entrepreneur-encore-possible\/"},"wordCount":447,"publisher":{"@id":"https:\/\/master-crdm.parisnanterre.fr\/blacksheep\/#organization"},"image":{"@id":"https:\/\/master-crdm.parisnanterre.fr\/blacksheep\/emmanuelle-maisonneuve-allier-statut-detudiant-et-auto-entrepreneur-encore-possible\/#primaryimage"},"thumbnailUrl":"https:\/\/master-crdm.parisnanterre.fr\/blacksheep\/wp-content\/uploads\/2025\/12\/image1-9.png","articleSection":["\u00c9dition 2026","Soci\u00e9t\u00e9"],"inLanguage":"fr-FR"},{"@type":"WebPage","@id":"https:\/\/master-crdm.parisnanterre.fr\/blacksheep\/emmanuelle-maisonneuve-allier-statut-detudiant-et-auto-entrepreneur-encore-possible\/","url":"https:\/\/master-crdm.parisnanterre.fr\/blacksheep\/emmanuelle-maisonneuve-allier-statut-detudiant-et-auto-entrepreneur-encore-possible\/","name":"Portrait - Emmanuelle Maisonneuve : allier statut d\u2019\u00e9tudiant et auto-entrepreneur, encore possible ? - Black Sheep","isPartOf":{"@id":"https:\/\/master-crdm.parisnanterre.fr\/blacksheep\/#website"},"primaryImageOfPage":{"@id":"https:\/\/master-crdm.parisnanterre.fr\/blacksheep\/emmanuelle-maisonneuve-allier-statut-detudiant-et-auto-entrepreneur-encore-possible\/#primaryimage"},"image":{"@id":"https:\/\/master-crdm.parisnanterre.fr\/blacksheep\/emmanuelle-maisonneuve-allier-statut-detudiant-et-auto-entrepreneur-encore-possible\/#primaryimage"},"thumbnailUrl":"https:\/\/master-crdm.parisnanterre.fr\/blacksheep\/wp-content\/uploads\/2025\/12\/image1-9.png","datePublished":"2025-12-09T12:22:24+00:00","dateModified":"2025-12-16T21:06:55+00:00","breadcrumb":{"@id":"https:\/\/master-crdm.parisnanterre.fr\/blacksheep\/emmanuelle-maisonneuve-allier-statut-detudiant-et-auto-entrepreneur-encore-possible\/#breadcrumb"},"inLanguage":"fr-FR","potentialAction":[{"@type":"ReadAction","target":["https:\/\/master-crdm.parisnanterre.fr\/blacksheep\/emmanuelle-maisonneuve-allier-statut-detudiant-et-auto-entrepreneur-encore-possible\/"]}]},{"@type":"ImageObject","inLanguage":"fr-FR","@id":"https:\/\/master-crdm.parisnanterre.fr\/blacksheep\/emmanuelle-maisonneuve-allier-statut-detudiant-et-auto-entrepreneur-encore-possible\/#primaryimage","url":"https:\/\/master-crdm.parisnanterre.fr\/blacksheep\/wp-content\/uploads\/2025\/12\/image1-9.png","contentUrl":"https:\/\/master-crdm.parisnanterre.fr\/blacksheep\/wp-content\/uploads\/2025\/12\/image1-9.png","width":1500,"height":1999,"caption":"\u00a9 Claire Veillon"},{"@type":"BreadcrumbList","@id":"https:\/\/master-crdm.parisnanterre.fr\/blacksheep\/emmanuelle-maisonneuve-allier-statut-detudiant-et-auto-entrepreneur-encore-possible\/#breadcrumb","itemListElement":[{"@type":"ListItem","position":1,"name":"Home","item":"https:\/\/master-crdm.parisnanterre.fr\/blacksheep\/"},{"@type":"ListItem","position":2,"name":"Portrait &#8211; Emmanuelle Maisonneuve : allier statut d\u2019\u00e9tudiant et auto-entrepreneur, encore possible ?"}]},{"@type":"WebSite","@id":"https:\/\/master-crdm.parisnanterre.fr\/blacksheep\/#website","url":"https:\/\/master-crdm.parisnanterre.fr\/blacksheep\/","name":"Black Sheep","description":"Le magazine du master CRDM","publisher":{"@id":"https:\/\/master-crdm.parisnanterre.fr\/blacksheep\/#organization"},"potentialAction":[{"@type":"SearchAction","target":{"@type":"EntryPoint","urlTemplate":"https:\/\/master-crdm.parisnanterre.fr\/blacksheep\/?s={search_term_string}"},"query-input":{"@type":"PropertyValueSpecification","valueRequired":true,"valueName":"search_term_string"}}],"inLanguage":"fr-FR"},{"@type":"Organization","@id":"https:\/\/master-crdm.parisnanterre.fr\/blacksheep\/#organization","name":"Black Sheep","url":"https:\/\/master-crdm.parisnanterre.fr\/blacksheep\/","logo":{"@type":"ImageObject","inLanguage":"fr-FR","@id":"https:\/\/master-crdm.parisnanterre.fr\/blacksheep\/#\/schema\/logo\/image\/","url":"https:\/\/master-crdm.parisnanterre.fr\/blacksheep\/wp-content\/uploads\/2024\/01\/LOGO-BLACK-RECTANGLE.png","contentUrl":"https:\/\/master-crdm.parisnanterre.fr\/blacksheep\/wp-content\/uploads\/2024\/01\/LOGO-BLACK-RECTANGLE.png","width":500,"height":330,"caption":"Black Sheep"},"image":{"@id":"https:\/\/master-crdm.parisnanterre.fr\/blacksheep\/#\/schema\/logo\/image\/"}},{"@type":"Person","@id":"https:\/\/master-crdm.parisnanterre.fr\/blacksheep\/#\/schema\/person\/b1cbad68134cfdedac26a058494c57d3","name":"Benoit Cazelles","image":{"@type":"ImageObject","inLanguage":"fr-FR","@id":"https:\/\/master-crdm.parisnanterre.fr\/blacksheep\/#\/schema\/person\/image\/","url":"https:\/\/secure.gravatar.com\/avatar\/2458b34d60aa7be396befca79d5f145451f2b678279a62deb19ce76261dafd76?s=96&d=mm&r=g","contentUrl":"https:\/\/secure.gravatar.com\/avatar\/2458b34d60aa7be396befca79d5f145451f2b678279a62deb19ce76261dafd76?s=96&d=mm&r=g","caption":"Benoit Cazelles"},"url":"https:\/\/master-crdm.parisnanterre.fr\/blacksheep\/author\/benoitcazelles\/"}]}},"_links":{"self":[{"href":"https:\/\/master-crdm.parisnanterre.fr\/blacksheep\/wp-json\/wp\/v2\/posts\/2571","targetHints":{"allow":["GET"]}}],"collection":[{"href":"https:\/\/master-crdm.parisnanterre.fr\/blacksheep\/wp-json\/wp\/v2\/posts"}],"about":[{"href":"https:\/\/master-crdm.parisnanterre.fr\/blacksheep\/wp-json\/wp\/v2\/types\/post"}],"author":[{"embeddable":true,"href":"https:\/\/master-crdm.parisnanterre.fr\/blacksheep\/wp-json\/wp\/v2\/users\/14"}],"replies":[{"embeddable":true,"href":"https:\/\/master-crdm.parisnanterre.fr\/blacksheep\/wp-json\/wp\/v2\/comments?post=2571"}],"version-history":[{"count":10,"href":"https:\/\/master-crdm.parisnanterre.fr\/blacksheep\/wp-json\/wp\/v2\/posts\/2571\/revisions"}],"predecessor-version":[{"id":3016,"href":"https:\/\/master-crdm.parisnanterre.fr\/blacksheep\/wp-json\/wp\/v2\/posts\/2571\/revisions\/3016"}],"wp:featuredmedia":[{"embeddable":true,"href":"https:\/\/master-crdm.parisnanterre.fr\/blacksheep\/wp-json\/wp\/v2\/media\/2573"}],"wp:attachment":[{"href":"https:\/\/master-crdm.parisnanterre.fr\/blacksheep\/wp-json\/wp\/v2\/media?parent=2571"}],"wp:term":[{"taxonomy":"category","embeddable":true,"href":"https:\/\/master-crdm.parisnanterre.fr\/blacksheep\/wp-json\/wp\/v2\/categories?post=2571"},{"taxonomy":"post_tag","embeddable":true,"href":"https:\/\/master-crdm.parisnanterre.fr\/blacksheep\/wp-json\/wp\/v2\/tags?post=2571"}],"curies":[{"name":"wp","href":"https:\/\/api.w.org\/{rel}","templated":true}]}}