{"id":2046,"date":"2025-11-27T11:07:45","date_gmt":"2025-11-27T10:07:45","guid":{"rendered":"https:\/\/master-crdm.parisnanterre.fr\/blacksheep\/?p=2046"},"modified":"2025-12-16T18:52:33","modified_gmt":"2025-12-16T17:52:33","slug":"la-creation-de-contenu-a-lere-de-la-culture-du-vide","status":"publish","type":"post","link":"https:\/\/master-crdm.parisnanterre.fr\/blacksheep\/la-creation-de-contenu-a-lere-de-la-culture-du-vide\/","title":{"rendered":"La cr\u00e9ation de contenu \u00e0 l\u2019\u00e8re de la culture du vide"},"content":{"rendered":"\t\t<div data-elementor-type=\"wp-post\" data-elementor-id=\"2046\" class=\"elementor elementor-2046\">\n\t\t\t\t<div class=\"elementor-element elementor-element-26c84feb e-flex e-con-boxed e-con e-parent\" data-id=\"26c84feb\" data-element_type=\"container\" data-e-type=\"container\">\n\t\t\t\t\t<div class=\"e-con-inner\">\n\t\t\t\t<div class=\"elementor-element elementor-element-3c464a3 elementor-widget elementor-widget-text-editor\" data-id=\"3c464a3\" data-element_type=\"widget\" data-e-type=\"widget\" data-widget_type=\"text-editor.default\">\n\t\t\t\t<div class=\"elementor-widget-container\">\n\t\t\t\t\t\t\t\t\t<p>Par Nabila Ikene<\/p>\t\t\t\t\t\t\t\t<\/div>\n\t\t\t\t<\/div>\n\t\t\t\t<div class=\"elementor-element elementor-element-5115935 elementor-widget elementor-widget-image\" data-id=\"5115935\" data-element_type=\"widget\" data-e-type=\"widget\" data-widget_type=\"image.default\">\n\t\t\t\t<div class=\"elementor-widget-container\">\n\t\t\t\t\t\t\t\t\t\t\t\t\t\t\t<img fetchpriority=\"high\" decoding=\"async\" width=\"1024\" height=\"683\" src=\"https:\/\/master-crdm.parisnanterre.fr\/blacksheep\/wp-content\/uploads\/2025\/11\/Videaste-en-tournage-pour-un-createur-de-contenus-1024x683.jpg\" class=\"attachment-large size-large wp-image-2885\" alt=\"\" srcset=\"https:\/\/master-crdm.parisnanterre.fr\/blacksheep\/wp-content\/uploads\/2025\/11\/Videaste-en-tournage-pour-un-createur-de-contenus-1024x683.jpg 1024w, https:\/\/master-crdm.parisnanterre.fr\/blacksheep\/wp-content\/uploads\/2025\/11\/Videaste-en-tournage-pour-un-createur-de-contenus-300x200.jpg 300w, https:\/\/master-crdm.parisnanterre.fr\/blacksheep\/wp-content\/uploads\/2025\/11\/Videaste-en-tournage-pour-un-createur-de-contenus-768x512.jpg 768w, https:\/\/master-crdm.parisnanterre.fr\/blacksheep\/wp-content\/uploads\/2025\/11\/Videaste-en-tournage-pour-un-createur-de-contenus-1536x1024.jpg 1536w, https:\/\/master-crdm.parisnanterre.fr\/blacksheep\/wp-content\/uploads\/2025\/11\/Videaste-en-tournage-pour-un-createur-de-contenus-2048x1365.jpg 2048w\" sizes=\"(max-width: 1024px) 100vw, 1024px\" \/>\t\t\t\t\t\t\t\t\t\t\t\t\t\t\t<\/div>\n\t\t\t\t<\/div>\n\t\t\t\t<div class=\"elementor-element elementor-element-d4c9411 elementor-widget elementor-widget-text-editor\" data-id=\"d4c9411\" data-element_type=\"widget\" data-e-type=\"widget\" data-widget_type=\"text-editor.default\">\n\t\t\t\t<div class=\"elementor-widget-container\">\n\t\t\t\t\t\t\t\t\t<p>\u00a9 Pexels\u00a0<\/p>\t\t\t\t\t\t\t\t<\/div>\n\t\t\t\t<\/div>\n\t\t\t\t<div class=\"elementor-element elementor-element-5fc44d01 elementor-widget elementor-widget-text-editor\" data-id=\"5fc44d01\" data-element_type=\"widget\" data-e-type=\"widget\" data-widget_type=\"text-editor.default\">\n\t\t\t\t<div class=\"elementor-widget-container\">\n\t\t\t\t\t\t\t\t\t<p>\u00ab La cam\u00e9ra, normalement, donne vers l\u2019ext\u00e9rieur, pas vers l\u2019int\u00e9rieur. Il faut la voir comme une continuit\u00e9 de l\u2019\u0153il, et non comme un miroir. \u00bb Photographe et vid\u00e9aste, Adrien Scat place la notion de sens et d\u2019impact au c\u0153ur de son travail. Entre voyages, projets associatifs et cr\u00e9ations personnelles, il nous explique sa d\u00e9marche et sa vision de la cr\u00e9ation de contenu, en marge de \u00ab la culture du vide \u00bb.<\/p>\n<p>Black Sheep.- Votre travail, qu\u2019il s\u2019agisse de photographie, de vid\u00e9o ou de projets comme votre podcast Sens ou encore votre projet photo avec Cr\u00e9ateur d\u2019Impact, se distingue par une volont\u00e9 constante de donner du sens et de cr\u00e9er de l\u2019impact. D\u2019o\u00f9 vient cette exigence et comment cela guide-t-il votre r\u00e9flexion ?<\/p>\n<p>Adrien Scat : Eh bien, j\u2019ai tr\u00e8s vite compris que je n\u2019allais pas devenir le meilleur techniquement. Mais la photo me plaisait, parce que c\u2019\u00e9tait selon moi un bel outil pour raconter ma vie, faite de voyages et de rencontres. Plut\u00f4t que de chercher uniquement le beau, comme beaucoup de photographes, j\u2019ai choisi de privil\u00e9gier le fond et le sens. C\u2019est en r\u00e9alisant cela que j\u2019ai compris que je voulais aller plus loin, chercher des histoires \u00e0 vivre et \u00e0 transmettre \u00e0 travers mon art.<\/p>\n<p>B.S.- Et, concr\u00e8tement, comment choisissez-vous les sujets qui, selon vous, m\u00e9ritent d\u2019\u00eatre mis en lumi\u00e8re ?<\/p>\n<p>A.S.- J\u2019ai grandi avec des projets sociaux et associatifs. Petit \u00e0 petit, j\u2019ai m\u00eame travaill\u00e9 avec des Organisations Non-Gouvernementales (ONG), des associations, puis des entreprises. \u00c0 force d\u2019en accompagner en tant que photographe, j\u2019ai compris qu\u2019on ne pouvait pas rivaliser avec les grosses bo\u00eetes en termes de moyens, mais qu\u2019en strat\u00e9gie, en r\u00e9flexion, en storytelling, on pouvait parfois aller plus loin qu\u2019elles, en ajoutant ce petit plus qui fait la diff\u00e9rence. J\u2019ai toujours eu cette mentalit\u00e9 : me pousser moi-m\u00eame et pousser les autres \u00e0 se d\u00e9marquer. Cela m\u2019a souvent apport\u00e9 \u00e9norm\u00e9ment de changements positifs et d\u2019impact. C\u2019est devenu une mani\u00e8re de penser et de travailler : comment ne pas faire comme les autres ? Peu importe le projet, cette envie prend toujours le dessus. Certains ont les moyens financiers pour se d\u00e9marquer, d\u2019autres doivent redoubler d\u2019efforts. Pour moi, cela passe par des d\u00e9tails, par le fait de marquer un peu plus que les autres. Et tout cela se cristallise dans le sens, qui selon moi est le plus important.<\/p>\n<p>B.S.- Vous dites donc que ce besoin de cr\u00e9er du sens est li\u00e9 \u00e0 une recherche d\u2019authenticit\u00e9. Qu\u2019entendez-vous par l\u00e0 ?<\/p>\n<p>A.S.- Mon but en tant que photographe, c\u2019est d\u2019essayer de ramener les gens au plus proche de sc\u00e8nes de vie que peu auront la chance de vivre. C\u2019est une recherche d\u2019authenticit\u00e9 avec moi-m\u00eame, que je veux aussi transmettre \u00e0 travers mes photos. Si je vis de la photo, c\u2019est pour vivre de ce que j\u2019aime. Je veux faire de la photo qui me pla\u00eet, celle qui a du sens pour moi, qui sert \u00e0 quelque chose, qui peut aider un peu les gens. \u00c0 travers mon parcours, j\u2019ai eu la chance de me rendre compte qu\u2019il y a des photos qui peuvent litt\u00e9ralement changer les choses, impacter des projets et aussi la vie des gens. Et lorsqu\u2019on go\u00fbte \u00e0 cela, \u00e7a ne peut que devenir un objectif dans un processus de cr\u00e9ation. Encore une fois, je pense que c\u2019est dans une recherche d\u2019authenticit\u00e9 avec moi-m\u00eame que je cherche aussi \u00e0 \u00eatre authentique \u00e0 travers mes photos. Parce que quand on parle de photos, on parle de beaucoup de choses, mais on parle surtout de valorisation. Il y a ce besoin d\u2019authenticit\u00e9, mais aussi et surtout cette envie de valoriser. Quand on parle de la culture du vide, c\u2019est surtout de l\u2019auto-valorisation, alors que le photographe, lui, doit valoriser l\u2019autre, une culture.<\/p>\n<p>B.S.- Et cette d\u00e9marche de valorisation, elle se retrouve aussi dans vos projets comme Sens ou Cr\u00e9ateur d\u2019Impact, \u00e0 travers lesquels vous mettez en avant des histoires et des talents. Mais quelle est la r\u00e9flexion derri\u00e8re ces initiatives ?<\/p>\n<p>A.S.- Pourquoi je le fais ? Je pense qu\u2019il y a un peu de tout. Clairement, on le fait toujours un peu pour soi en premier. Mais en plus de \u00e7a, j\u2019ai ce besoin de valoriser. Je suis persuad\u00e9 qu\u2019avec du bon contenu, on peut vraiment donner un tremplin \u00e0 certains projets. Un gars comme Pierrot et son projet autour des enfants en situation de handicap au S\u00e9n\u00e9gal, je sais que sans les vid\u00e9os et le podcast, il n\u2019en serait peut-\u00eatre pas l\u00e0 aujourd\u2019hui. Un de ses plus gros partenaires est venu gr\u00e2ce \u00e0 ces contenus. <br \/>\u00c0 un moment, il faut dupliquer les chances, trouver des solutions pour que ces projets avancent. Parce qu\u2019il y a trop de gens qui entreprennent des choses qui ne servent \u00e0 rien, juste pour de l\u2019argent. Tandis qu\u2019\u00e0 c\u00f4t\u00e9, des gens font des projets incroyables, qui changent vraiment des choses, mais que personne ne voit. Je pense que j\u2019ai ce souci d\u2019aller montrer les gens que personne ne voit et de pousser les autres \u00e0 cr\u00e9er de l\u2019impact eux aussi.<\/p>\n<p>B.S.- Vous parlez du S\u00e9n\u00e9gal, ce qui me fait penser que vous avez beaucoup voyag\u00e9 et v\u00e9cu un certain nombre d\u2019exp\u00e9riences et de rencontres qui ont chang\u00e9 votre vie. Y a-t-il un moment qui a marqu\u00e9 votre parcours et chang\u00e9 votre vision de la cr\u00e9ation de contenu ?<\/p>\n<p>A.S.- Je pense que ma plus grande claque, c\u2019\u00e9tait \u00e0 mes d\u00e9buts, lorsque je travaillais \u00e0 Courchevel en restauration. Je montrais mes photos de Colombie \u00e0 des clients fortun\u00e9s en esp\u00e9rant qu\u2019ils m\u2019aident. Et j\u2019ai r\u00e9alis\u00e9 que tous ces gens, que je consid\u00e9rais comme des exemples de r\u00e9ussite, enviaient en fait un peu ma vie. Un autre choc a \u00e9t\u00e9 la rencontre avec un homme du Moyen-Orient qui, \u00e0 la fin de son s\u00e9jour \u00e0 Courchevel, m\u2019a offert son appareil photo en me disant que j\u2019en ferai un meilleur usage que lui. Pour moi, ces exp\u00e9riences ont \u00e9t\u00e9 porteuses de sens et m\u2019ont fait comprendre que j\u2019\u00e9tais peut-\u00eatre sur la bonne voie.<\/p>\n<p>B.S.- Quels conseils donneriez-vous aux jeunes cr\u00e9ateurs pour \u00e9viter cette culture du vide ?<\/p>\n<p>A.S.- Le plus important, c\u2019est de bien se conna\u00eetre, d\u2019apprendre \u00e0 s\u2019\u00e9couter. On a chacun une histoire, une sensibilit\u00e9, des cultures diff\u00e9rentes. Mais avant tout, cela doit \u00eatre ce qui vous passionne, car sans passion, on ne va pas loin. Pour la photo ou la vid\u00e9o, il faut raconter des choses importantes pour soi. La cam\u00e9ra, normalement, donne vers l\u2019ext\u00e9rieur, pas vers l\u2019int\u00e9rieur. Il faut la voir comme une continuit\u00e9 de l\u2019\u0153il, et non comme un miroir. Il ne faut pas oublier que derri\u00e8re une cam\u00e9ra, il y a un objectif. Et \u00e7a ne s\u2019appelle pas un objectif pour rien.<\/p>\t\t\t\t\t\t\t\t<\/div>\n\t\t\t\t<\/div>\n\t\t\t\t\t<\/div>\n\t\t\t\t<\/div>\n\t\t\t\t<\/div>\n\t\t","protected":false},"excerpt":{"rendered":"<p>Par Nabila Ikene \u00a9 Pexels\u00a0 \u00ab La cam\u00e9ra, normalement, donne vers l\u2019ext\u00e9rieur, pas vers l\u2019int\u00e9rieur. Il faut la voir comme une continuit\u00e9 de l\u2019\u0153il, et non comme un miroir. \u00bb Photographe et vid\u00e9aste, Adrien Scat place la notion de sens et d\u2019impact au c\u0153ur de son travail. Entre voyages, projets associatifs et cr\u00e9ations personnelles, il [&hellip;]<\/p>\n","protected":false},"author":14,"featured_media":2885,"comment_status":"close","ping_status":"closed","sticky":false,"template":"","format":"standard","meta":{"_FSMCFIC_featured_image_caption":"","_FSMCFIC_featured_image_nocaption":"","_FSMCFIC_featured_image_hide":"","footnotes":""},"categories":[25,20],"tags":[],"class_list":["post-2046","post","type-post","status-publish","format-standard","has-post-thumbnail","hentry","category-edition-2026","category-medias"],"yoast_head":"<!-- This site is optimized with the Yoast SEO plugin v24.2 - https:\/\/yoast.com\/wordpress\/plugins\/seo\/ -->\n<title>La cr\u00e9ation de contenu \u00e0 l\u2019\u00e8re de la culture du vide - Black Sheep<\/title>\n<meta name=\"robots\" content=\"index, follow, max-snippet:-1, max-image-preview:large, max-video-preview:-1\" \/>\n<link rel=\"canonical\" href=\"https:\/\/master-crdm.parisnanterre.fr\/blacksheep\/la-creation-de-contenu-a-lere-de-la-culture-du-vide\/\" \/>\n<meta property=\"og:locale\" content=\"fr_FR\" \/>\n<meta property=\"og:type\" content=\"article\" \/>\n<meta property=\"og:title\" content=\"La cr\u00e9ation de contenu \u00e0 l\u2019\u00e8re de la culture du vide - Black Sheep\" \/>\n<meta property=\"og:description\" content=\"Par Nabila Ikene \u00a9 Pexels\u00a0 \u00ab La cam\u00e9ra, normalement, donne vers l\u2019ext\u00e9rieur, pas vers l\u2019int\u00e9rieur. Il faut la voir comme une continuit\u00e9 de l\u2019\u0153il, et non comme un miroir. \u00bb Photographe et vid\u00e9aste, Adrien Scat place la notion de sens et d\u2019impact au c\u0153ur de son travail. Entre voyages, projets associatifs et cr\u00e9ations personnelles, il [&hellip;]\" \/>\n<meta property=\"og:url\" content=\"https:\/\/master-crdm.parisnanterre.fr\/blacksheep\/la-creation-de-contenu-a-lere-de-la-culture-du-vide\/\" \/>\n<meta property=\"og:site_name\" content=\"Black Sheep\" \/>\n<meta property=\"article:published_time\" content=\"2025-11-27T10:07:45+00:00\" \/>\n<meta property=\"article:modified_time\" content=\"2025-12-16T17:52:33+00:00\" \/>\n<meta property=\"og:image\" content=\"https:\/\/master-crdm.parisnanterre.fr\/blacksheep\/wp-content\/uploads\/2025\/11\/Videaste-en-tournage-pour-un-createur-de-contenus-scaled.jpg\" \/>\n\t<meta property=\"og:image:width\" content=\"2560\" \/>\n\t<meta property=\"og:image:height\" content=\"1707\" \/>\n\t<meta property=\"og:image:type\" content=\"image\/jpeg\" \/>\n<meta name=\"author\" content=\"Benoit Cazelles\" \/>\n<meta name=\"twitter:card\" content=\"summary_large_image\" \/>\n<meta name=\"twitter:label1\" content=\"\u00c9crit par\" \/>\n\t<meta name=\"twitter:data1\" content=\"Benoit Cazelles\" \/>\n\t<meta name=\"twitter:label2\" content=\"Dur\u00e9e de lecture estim\u00e9e\" \/>\n\t<meta name=\"twitter:data2\" content=\"6 minutes\" \/>\n<script type=\"application\/ld+json\" class=\"yoast-schema-graph\">{\"@context\":\"https:\/\/schema.org\",\"@graph\":[{\"@type\":\"Article\",\"@id\":\"https:\/\/master-crdm.parisnanterre.fr\/blacksheep\/la-creation-de-contenu-a-lere-de-la-culture-du-vide\/#article\",\"isPartOf\":{\"@id\":\"https:\/\/master-crdm.parisnanterre.fr\/blacksheep\/la-creation-de-contenu-a-lere-de-la-culture-du-vide\/\"},\"author\":{\"name\":\"Benoit Cazelles\",\"@id\":\"https:\/\/master-crdm.parisnanterre.fr\/blacksheep\/#\/schema\/person\/b1cbad68134cfdedac26a058494c57d3\"},\"headline\":\"La cr\u00e9ation de contenu \u00e0 l\u2019\u00e8re de la culture du vide\",\"datePublished\":\"2025-11-27T10:07:45+00:00\",\"dateModified\":\"2025-12-16T17:52:33+00:00\",\"mainEntityOfPage\":{\"@id\":\"https:\/\/master-crdm.parisnanterre.fr\/blacksheep\/la-creation-de-contenu-a-lere-de-la-culture-du-vide\/\"},\"wordCount\":1256,\"publisher\":{\"@id\":\"https:\/\/master-crdm.parisnanterre.fr\/blacksheep\/#organization\"},\"image\":{\"@id\":\"https:\/\/master-crdm.parisnanterre.fr\/blacksheep\/la-creation-de-contenu-a-lere-de-la-culture-du-vide\/#primaryimage\"},\"thumbnailUrl\":\"https:\/\/master-crdm.parisnanterre.fr\/blacksheep\/wp-content\/uploads\/2025\/11\/Videaste-en-tournage-pour-un-createur-de-contenus-scaled.jpg\",\"articleSection\":[\"\u00c9dition 2026\",\"M\u00e9dias\"],\"inLanguage\":\"fr-FR\"},{\"@type\":\"WebPage\",\"@id\":\"https:\/\/master-crdm.parisnanterre.fr\/blacksheep\/la-creation-de-contenu-a-lere-de-la-culture-du-vide\/\",\"url\":\"https:\/\/master-crdm.parisnanterre.fr\/blacksheep\/la-creation-de-contenu-a-lere-de-la-culture-du-vide\/\",\"name\":\"La cr\u00e9ation de contenu \u00e0 l\u2019\u00e8re de la culture du vide - Black Sheep\",\"isPartOf\":{\"@id\":\"https:\/\/master-crdm.parisnanterre.fr\/blacksheep\/#website\"},\"primaryImageOfPage\":{\"@id\":\"https:\/\/master-crdm.parisnanterre.fr\/blacksheep\/la-creation-de-contenu-a-lere-de-la-culture-du-vide\/#primaryimage\"},\"image\":{\"@id\":\"https:\/\/master-crdm.parisnanterre.fr\/blacksheep\/la-creation-de-contenu-a-lere-de-la-culture-du-vide\/#primaryimage\"},\"thumbnailUrl\":\"https:\/\/master-crdm.parisnanterre.fr\/blacksheep\/wp-content\/uploads\/2025\/11\/Videaste-en-tournage-pour-un-createur-de-contenus-scaled.jpg\",\"datePublished\":\"2025-11-27T10:07:45+00:00\",\"dateModified\":\"2025-12-16T17:52:33+00:00\",\"breadcrumb\":{\"@id\":\"https:\/\/master-crdm.parisnanterre.fr\/blacksheep\/la-creation-de-contenu-a-lere-de-la-culture-du-vide\/#breadcrumb\"},\"inLanguage\":\"fr-FR\",\"potentialAction\":[{\"@type\":\"ReadAction\",\"target\":[\"https:\/\/master-crdm.parisnanterre.fr\/blacksheep\/la-creation-de-contenu-a-lere-de-la-culture-du-vide\/\"]}]},{\"@type\":\"ImageObject\",\"inLanguage\":\"fr-FR\",\"@id\":\"https:\/\/master-crdm.parisnanterre.fr\/blacksheep\/la-creation-de-contenu-a-lere-de-la-culture-du-vide\/#primaryimage\",\"url\":\"https:\/\/master-crdm.parisnanterre.fr\/blacksheep\/wp-content\/uploads\/2025\/11\/Videaste-en-tournage-pour-un-createur-de-contenus-scaled.jpg\",\"contentUrl\":\"https:\/\/master-crdm.parisnanterre.fr\/blacksheep\/wp-content\/uploads\/2025\/11\/Videaste-en-tournage-pour-un-createur-de-contenus-scaled.jpg\",\"width\":2560,\"height\":1707,\"caption\":\"\u00a9 Pexels\"},{\"@type\":\"BreadcrumbList\",\"@id\":\"https:\/\/master-crdm.parisnanterre.fr\/blacksheep\/la-creation-de-contenu-a-lere-de-la-culture-du-vide\/#breadcrumb\",\"itemListElement\":[{\"@type\":\"ListItem\",\"position\":1,\"name\":\"Home\",\"item\":\"https:\/\/master-crdm.parisnanterre.fr\/blacksheep\/\"},{\"@type\":\"ListItem\",\"position\":2,\"name\":\"La cr\u00e9ation de contenu \u00e0 l\u2019\u00e8re de la culture du vide\"}]},{\"@type\":\"WebSite\",\"@id\":\"https:\/\/master-crdm.parisnanterre.fr\/blacksheep\/#website\",\"url\":\"https:\/\/master-crdm.parisnanterre.fr\/blacksheep\/\",\"name\":\"Black Sheep\",\"description\":\"Le magazine du master CRDM\",\"publisher\":{\"@id\":\"https:\/\/master-crdm.parisnanterre.fr\/blacksheep\/#organization\"},\"potentialAction\":[{\"@type\":\"SearchAction\",\"target\":{\"@type\":\"EntryPoint\",\"urlTemplate\":\"https:\/\/master-crdm.parisnanterre.fr\/blacksheep\/?s={search_term_string}\"},\"query-input\":{\"@type\":\"PropertyValueSpecification\",\"valueRequired\":true,\"valueName\":\"search_term_string\"}}],\"inLanguage\":\"fr-FR\"},{\"@type\":\"Organization\",\"@id\":\"https:\/\/master-crdm.parisnanterre.fr\/blacksheep\/#organization\",\"name\":\"Black Sheep\",\"url\":\"https:\/\/master-crdm.parisnanterre.fr\/blacksheep\/\",\"logo\":{\"@type\":\"ImageObject\",\"inLanguage\":\"fr-FR\",\"@id\":\"https:\/\/master-crdm.parisnanterre.fr\/blacksheep\/#\/schema\/logo\/image\/\",\"url\":\"https:\/\/master-crdm.parisnanterre.fr\/blacksheep\/wp-content\/uploads\/2024\/01\/LOGO-BLACK-RECTANGLE.png\",\"contentUrl\":\"https:\/\/master-crdm.parisnanterre.fr\/blacksheep\/wp-content\/uploads\/2024\/01\/LOGO-BLACK-RECTANGLE.png\",\"width\":500,\"height\":330,\"caption\":\"Black Sheep\"},\"image\":{\"@id\":\"https:\/\/master-crdm.parisnanterre.fr\/blacksheep\/#\/schema\/logo\/image\/\"}},{\"@type\":\"Person\",\"@id\":\"https:\/\/master-crdm.parisnanterre.fr\/blacksheep\/#\/schema\/person\/b1cbad68134cfdedac26a058494c57d3\",\"name\":\"Benoit Cazelles\",\"image\":{\"@type\":\"ImageObject\",\"inLanguage\":\"fr-FR\",\"@id\":\"https:\/\/master-crdm.parisnanterre.fr\/blacksheep\/#\/schema\/person\/image\/\",\"url\":\"https:\/\/secure.gravatar.com\/avatar\/2458b34d60aa7be396befca79d5f145451f2b678279a62deb19ce76261dafd76?s=96&d=mm&r=g\",\"contentUrl\":\"https:\/\/secure.gravatar.com\/avatar\/2458b34d60aa7be396befca79d5f145451f2b678279a62deb19ce76261dafd76?s=96&d=mm&r=g\",\"caption\":\"Benoit Cazelles\"},\"url\":\"https:\/\/master-crdm.parisnanterre.fr\/blacksheep\/author\/benoitcazelles\/\"}]}<\/script>\n<!-- \/ Yoast SEO plugin. -->","yoast_head_json":{"title":"La cr\u00e9ation de contenu \u00e0 l\u2019\u00e8re de la culture du vide - Black Sheep","robots":{"index":"index","follow":"follow","max-snippet":"max-snippet:-1","max-image-preview":"max-image-preview:large","max-video-preview":"max-video-preview:-1"},"canonical":"https:\/\/master-crdm.parisnanterre.fr\/blacksheep\/la-creation-de-contenu-a-lere-de-la-culture-du-vide\/","og_locale":"fr_FR","og_type":"article","og_title":"La cr\u00e9ation de contenu \u00e0 l\u2019\u00e8re de la culture du vide - Black Sheep","og_description":"Par Nabila Ikene \u00a9 Pexels\u00a0 \u00ab La cam\u00e9ra, normalement, donne vers l\u2019ext\u00e9rieur, pas vers l\u2019int\u00e9rieur. Il faut la voir comme une continuit\u00e9 de l\u2019\u0153il, et non comme un miroir. \u00bb Photographe et vid\u00e9aste, Adrien Scat place la notion de sens et d\u2019impact au c\u0153ur de son travail. Entre voyages, projets associatifs et cr\u00e9ations personnelles, il [&hellip;]","og_url":"https:\/\/master-crdm.parisnanterre.fr\/blacksheep\/la-creation-de-contenu-a-lere-de-la-culture-du-vide\/","og_site_name":"Black Sheep","article_published_time":"2025-11-27T10:07:45+00:00","article_modified_time":"2025-12-16T17:52:33+00:00","og_image":[{"width":2560,"height":1707,"url":"https:\/\/master-crdm.parisnanterre.fr\/blacksheep\/wp-content\/uploads\/2025\/11\/Videaste-en-tournage-pour-un-createur-de-contenus-scaled.jpg","type":"image\/jpeg"}],"author":"Benoit Cazelles","twitter_card":"summary_large_image","twitter_misc":{"\u00c9crit par":"Benoit Cazelles","Dur\u00e9e de lecture estim\u00e9e":"6 minutes"},"schema":{"@context":"https:\/\/schema.org","@graph":[{"@type":"Article","@id":"https:\/\/master-crdm.parisnanterre.fr\/blacksheep\/la-creation-de-contenu-a-lere-de-la-culture-du-vide\/#article","isPartOf":{"@id":"https:\/\/master-crdm.parisnanterre.fr\/blacksheep\/la-creation-de-contenu-a-lere-de-la-culture-du-vide\/"},"author":{"name":"Benoit Cazelles","@id":"https:\/\/master-crdm.parisnanterre.fr\/blacksheep\/#\/schema\/person\/b1cbad68134cfdedac26a058494c57d3"},"headline":"La cr\u00e9ation de contenu \u00e0 l\u2019\u00e8re de la culture du vide","datePublished":"2025-11-27T10:07:45+00:00","dateModified":"2025-12-16T17:52:33+00:00","mainEntityOfPage":{"@id":"https:\/\/master-crdm.parisnanterre.fr\/blacksheep\/la-creation-de-contenu-a-lere-de-la-culture-du-vide\/"},"wordCount":1256,"publisher":{"@id":"https:\/\/master-crdm.parisnanterre.fr\/blacksheep\/#organization"},"image":{"@id":"https:\/\/master-crdm.parisnanterre.fr\/blacksheep\/la-creation-de-contenu-a-lere-de-la-culture-du-vide\/#primaryimage"},"thumbnailUrl":"https:\/\/master-crdm.parisnanterre.fr\/blacksheep\/wp-content\/uploads\/2025\/11\/Videaste-en-tournage-pour-un-createur-de-contenus-scaled.jpg","articleSection":["\u00c9dition 2026","M\u00e9dias"],"inLanguage":"fr-FR"},{"@type":"WebPage","@id":"https:\/\/master-crdm.parisnanterre.fr\/blacksheep\/la-creation-de-contenu-a-lere-de-la-culture-du-vide\/","url":"https:\/\/master-crdm.parisnanterre.fr\/blacksheep\/la-creation-de-contenu-a-lere-de-la-culture-du-vide\/","name":"La cr\u00e9ation de contenu \u00e0 l\u2019\u00e8re de la culture du vide - Black Sheep","isPartOf":{"@id":"https:\/\/master-crdm.parisnanterre.fr\/blacksheep\/#website"},"primaryImageOfPage":{"@id":"https:\/\/master-crdm.parisnanterre.fr\/blacksheep\/la-creation-de-contenu-a-lere-de-la-culture-du-vide\/#primaryimage"},"image":{"@id":"https:\/\/master-crdm.parisnanterre.fr\/blacksheep\/la-creation-de-contenu-a-lere-de-la-culture-du-vide\/#primaryimage"},"thumbnailUrl":"https:\/\/master-crdm.parisnanterre.fr\/blacksheep\/wp-content\/uploads\/2025\/11\/Videaste-en-tournage-pour-un-createur-de-contenus-scaled.jpg","datePublished":"2025-11-27T10:07:45+00:00","dateModified":"2025-12-16T17:52:33+00:00","breadcrumb":{"@id":"https:\/\/master-crdm.parisnanterre.fr\/blacksheep\/la-creation-de-contenu-a-lere-de-la-culture-du-vide\/#breadcrumb"},"inLanguage":"fr-FR","potentialAction":[{"@type":"ReadAction","target":["https:\/\/master-crdm.parisnanterre.fr\/blacksheep\/la-creation-de-contenu-a-lere-de-la-culture-du-vide\/"]}]},{"@type":"ImageObject","inLanguage":"fr-FR","@id":"https:\/\/master-crdm.parisnanterre.fr\/blacksheep\/la-creation-de-contenu-a-lere-de-la-culture-du-vide\/#primaryimage","url":"https:\/\/master-crdm.parisnanterre.fr\/blacksheep\/wp-content\/uploads\/2025\/11\/Videaste-en-tournage-pour-un-createur-de-contenus-scaled.jpg","contentUrl":"https:\/\/master-crdm.parisnanterre.fr\/blacksheep\/wp-content\/uploads\/2025\/11\/Videaste-en-tournage-pour-un-createur-de-contenus-scaled.jpg","width":2560,"height":1707,"caption":"\u00a9 Pexels"},{"@type":"BreadcrumbList","@id":"https:\/\/master-crdm.parisnanterre.fr\/blacksheep\/la-creation-de-contenu-a-lere-de-la-culture-du-vide\/#breadcrumb","itemListElement":[{"@type":"ListItem","position":1,"name":"Home","item":"https:\/\/master-crdm.parisnanterre.fr\/blacksheep\/"},{"@type":"ListItem","position":2,"name":"La cr\u00e9ation de contenu \u00e0 l\u2019\u00e8re de la culture du vide"}]},{"@type":"WebSite","@id":"https:\/\/master-crdm.parisnanterre.fr\/blacksheep\/#website","url":"https:\/\/master-crdm.parisnanterre.fr\/blacksheep\/","name":"Black Sheep","description":"Le magazine du master CRDM","publisher":{"@id":"https:\/\/master-crdm.parisnanterre.fr\/blacksheep\/#organization"},"potentialAction":[{"@type":"SearchAction","target":{"@type":"EntryPoint","urlTemplate":"https:\/\/master-crdm.parisnanterre.fr\/blacksheep\/?s={search_term_string}"},"query-input":{"@type":"PropertyValueSpecification","valueRequired":true,"valueName":"search_term_string"}}],"inLanguage":"fr-FR"},{"@type":"Organization","@id":"https:\/\/master-crdm.parisnanterre.fr\/blacksheep\/#organization","name":"Black Sheep","url":"https:\/\/master-crdm.parisnanterre.fr\/blacksheep\/","logo":{"@type":"ImageObject","inLanguage":"fr-FR","@id":"https:\/\/master-crdm.parisnanterre.fr\/blacksheep\/#\/schema\/logo\/image\/","url":"https:\/\/master-crdm.parisnanterre.fr\/blacksheep\/wp-content\/uploads\/2024\/01\/LOGO-BLACK-RECTANGLE.png","contentUrl":"https:\/\/master-crdm.parisnanterre.fr\/blacksheep\/wp-content\/uploads\/2024\/01\/LOGO-BLACK-RECTANGLE.png","width":500,"height":330,"caption":"Black Sheep"},"image":{"@id":"https:\/\/master-crdm.parisnanterre.fr\/blacksheep\/#\/schema\/logo\/image\/"}},{"@type":"Person","@id":"https:\/\/master-crdm.parisnanterre.fr\/blacksheep\/#\/schema\/person\/b1cbad68134cfdedac26a058494c57d3","name":"Benoit Cazelles","image":{"@type":"ImageObject","inLanguage":"fr-FR","@id":"https:\/\/master-crdm.parisnanterre.fr\/blacksheep\/#\/schema\/person\/image\/","url":"https:\/\/secure.gravatar.com\/avatar\/2458b34d60aa7be396befca79d5f145451f2b678279a62deb19ce76261dafd76?s=96&d=mm&r=g","contentUrl":"https:\/\/secure.gravatar.com\/avatar\/2458b34d60aa7be396befca79d5f145451f2b678279a62deb19ce76261dafd76?s=96&d=mm&r=g","caption":"Benoit Cazelles"},"url":"https:\/\/master-crdm.parisnanterre.fr\/blacksheep\/author\/benoitcazelles\/"}]}},"_links":{"self":[{"href":"https:\/\/master-crdm.parisnanterre.fr\/blacksheep\/wp-json\/wp\/v2\/posts\/2046","targetHints":{"allow":["GET"]}}],"collection":[{"href":"https:\/\/master-crdm.parisnanterre.fr\/blacksheep\/wp-json\/wp\/v2\/posts"}],"about":[{"href":"https:\/\/master-crdm.parisnanterre.fr\/blacksheep\/wp-json\/wp\/v2\/types\/post"}],"author":[{"embeddable":true,"href":"https:\/\/master-crdm.parisnanterre.fr\/blacksheep\/wp-json\/wp\/v2\/users\/14"}],"replies":[{"embeddable":true,"href":"https:\/\/master-crdm.parisnanterre.fr\/blacksheep\/wp-json\/wp\/v2\/comments?post=2046"}],"version-history":[{"count":12,"href":"https:\/\/master-crdm.parisnanterre.fr\/blacksheep\/wp-json\/wp\/v2\/posts\/2046\/revisions"}],"predecessor-version":[{"id":2912,"href":"https:\/\/master-crdm.parisnanterre.fr\/blacksheep\/wp-json\/wp\/v2\/posts\/2046\/revisions\/2912"}],"wp:featuredmedia":[{"embeddable":true,"href":"https:\/\/master-crdm.parisnanterre.fr\/blacksheep\/wp-json\/wp\/v2\/media\/2885"}],"wp:attachment":[{"href":"https:\/\/master-crdm.parisnanterre.fr\/blacksheep\/wp-json\/wp\/v2\/media?parent=2046"}],"wp:term":[{"taxonomy":"category","embeddable":true,"href":"https:\/\/master-crdm.parisnanterre.fr\/blacksheep\/wp-json\/wp\/v2\/categories?post=2046"},{"taxonomy":"post_tag","embeddable":true,"href":"https:\/\/master-crdm.parisnanterre.fr\/blacksheep\/wp-json\/wp\/v2\/tags?post=2046"}],"curies":[{"name":"wp","href":"https:\/\/api.w.org\/{rel}","templated":true}]}}