{"id":183,"date":"2023-12-12T14:49:31","date_gmt":"2023-12-12T13:49:31","guid":{"rendered":"https:\/\/blacksheepcrdm.wordpress.com\/?p=183"},"modified":"2025-02-11T10:55:06","modified_gmt":"2025-02-11T09:55:06","slug":"giorgia-meloni-et-le-postfascisme-italien-un-an-apres-lelection","status":"publish","type":"post","link":"https:\/\/master-crdm.parisnanterre.fr\/blacksheep\/giorgia-meloni-et-le-postfascisme-italien-un-an-apres-lelection\/","title":{"rendered":"Giorgia Meloni et son postfascisme italien, quelles r\u00e9solutions ?"},"content":{"rendered":"\t\t<div data-elementor-type=\"wp-post\" data-elementor-id=\"183\" class=\"elementor elementor-183\">\n\t\t\t\t<div class=\"elementor-element elementor-element-4d2baada e-flex e-con-boxed e-con e-parent\" data-id=\"4d2baada\" data-element_type=\"container\" data-e-type=\"container\">\n\t\t\t\t\t<div class=\"e-con-inner\">\n\t\t\t\t<div class=\"elementor-element elementor-element-6eb0a211 elementor-widget elementor-widget-text-editor\" data-id=\"6eb0a211\" data-element_type=\"widget\" data-e-type=\"widget\" data-widget_type=\"text-editor.default\">\n\t\t\t\t<div class=\"elementor-widget-container\">\n\t\t\t\t\t\t\t\t\t<p>&nbsp; &nbsp; &nbsp; &nbsp; &nbsp; &nbsp; &nbsp; &nbsp; &nbsp; &nbsp; &nbsp; &nbsp; &nbsp; &nbsp; &nbsp; &nbsp; &nbsp; &nbsp; &nbsp; &nbsp; &nbsp; &nbsp; &nbsp; &nbsp; &nbsp; &nbsp; &nbsp; &nbsp; &nbsp; &nbsp; &nbsp; &nbsp; &nbsp; &nbsp; &nbsp; &nbsp; &nbsp; &nbsp; &nbsp; &nbsp; &nbsp; &nbsp; &nbsp; &nbsp; &nbsp; &nbsp; &nbsp; &nbsp; &nbsp; &nbsp; &nbsp; &nbsp; &nbsp; &nbsp; &nbsp; &nbsp; &nbsp; &nbsp; &nbsp; &nbsp; &nbsp; &nbsp; &nbsp; &nbsp; &nbsp; &nbsp; &nbsp; &nbsp; &nbsp; &nbsp; &nbsp; &nbsp; &nbsp; &nbsp; &nbsp;Par Arthur Lacour<\/p>\n<p><!-- \/wp:paragraph --><!-- wp:paragraph --><\/p>\n<p><!-- \/wp:paragraph --><!-- wp:paragraph --><\/p>\n<p><span style=\"font-weight: 400;\">Giorgia Meloni, la cheffe du parti postfasciste Fratteli d\u2019Italia, a \u00e9t\u00e9 \u00e9lue pr\u00e9sidente du Conseil Italien le 22 octobre 2023 gr\u00e2ce \u00e0 une alliance de la droite, et face \u00e0 une gauche divis\u00e9e. Son slogan : \u00ab Dieu, famille, patrie \u00bb, qu\u2019elle n\u2019a pas h\u00e9sit\u00e9 \u00e0 appliquer d\u00e8s ses premiers mois de mandat. Black Sheep vous dresse le bilan de la premi\u00e8re ann\u00e9e du postfascisme italien au pouvoir.<\/span><\/p>\n<p><span style=\"font-weight: 400;\">Arriv\u00e9e en t\u00eate du premier tour des \u00e9lections parlementaires avec 26% du suffrage, elle constitue ensuite une large coalition de droite au second tour lui permettant d\u2019acc\u00e9der \u00e0 la pr\u00e9sidence du Parlement gr\u00e2ce \u00e0 44% des voix. Avec 238 d\u00e9put\u00e9\u00b7e\u00b7s sur 400 et 116 s\u00e9nateur\u00b7rice\u00b7s sur 206, Giorgia Meloni peut compter sur une majorit\u00e9 solide pour mener \u00e0 bien son programme \u00e9lectoral.<\/span><\/p>\n<p><span style=\"font-weight: 400;\">Elle l\u2019assume, le revendique, et en a m\u00eame fait son premier argument de campagne, Giorgia Meloni se dit h\u00e9riti\u00e8re du fascisme de Benito Mussolini. Nostalgique de l\u2019Italie des ann\u00e9es 1940, elle affirme dans le quotidien italien <\/span><i><span style=\"font-weight: 400;\">La Stampa,<\/span><\/i><span style=\"font-weight: 400;\"> que Mussolini \u00e9tait un excellent politicien. Son souhait ? Le retour d\u2019une Italie chr\u00e9tienne et blanche en s\u2019appuyant sur la th\u00e9orie du grand remplacement et en d\u00e9non\u00e7ant le \u00ab lobby gay \u00bb.&nbsp;<\/span><\/p>\n<p><span style=\"font-weight: 400;\">\u00ab Dieu, famille, patrie \u00bb, telle est sa ligne directrice. Si cela nous rappelle bien s\u00fbr la devise \u00ab Travail, famille patrie \u00bb de la France du r\u00e9gime de Vichy, c\u2019est en r\u00e9alit\u00e9 un slogan commun \u00e0 toutes les politiques d\u2019extr\u00eame droite. Malheureusement, ce sont les personnes queers, racis\u00e9es, sans-emplois, r\u00e9fugi\u00e9es, musulmanes et juives qui en sont les premi\u00e8res cibles.&nbsp;<\/span><\/p>\n<p><span style=\"font-weight: 400;\">La question se pose alors : quelles sont les mesures appliqu\u00e9es ces derniers mois par le gouvernement Meloni ?&nbsp;<\/span><\/p>\n<p><!-- \/wp:paragraph --><!-- wp:image {\"id\":192,\"sizeSlug\":\"large\",\"linkDestination\":\"none\"} --><\/p>\n<p><img fetchpriority=\"high\" decoding=\"async\" class=\"wp-image-192\" src=\"https:\/\/master-crdm.parisnanterre.fr\/blacksheep\/wp-content\/uploads\/2023\/12\/giorgia_meloni_al_quirinale_2022-1.jpg?w=640\" alt=\"\" width=\"640\" height=\"427\" srcset=\"https:\/\/master-crdm.parisnanterre.fr\/blacksheep\/wp-content\/uploads\/2023\/12\/giorgia_meloni_al_quirinale_2022-1.jpg 640w, https:\/\/master-crdm.parisnanterre.fr\/blacksheep\/wp-content\/uploads\/2023\/12\/giorgia_meloni_al_quirinale_2022-1-300x200.jpg 300w\" sizes=\"(max-width: 640px) 100vw, 640px\" \/> Giorgia Meloni tenant une conf\u00e9rence de presse | <i>Quirinale via Wikimedia Commons<\/i><\/p>\n<p><\/p>\n<div>\n<p class=\"wp-block-image size-large\">\n<\/p><p><!-- \/wp:image --><!-- wp:paragraph --><\/p>\n<p><\/p>\n<p><!-- \/wp:paragraph --><!-- wp:paragraph --><\/p>\n<p><\/p>\n<p><!-- \/wp:paragraph --><!-- wp:heading --><\/p>\n<p><\/p>\n<h2><b>La chasse aux LGBTQIA+&nbsp;<\/b><\/h2>\n<p><\/p>\n<p><span style=\"font-weight: 400;\">D\u00e8s son entr\u00e9e en politique en 1992, Giorgia Meloni a plac\u00e9 Dieu et la famille au centre de&nbsp; son discours.&nbsp; Une de ses premi\u00e8res actions fut d\u2019ailleurs de distribuer des tracts anti-IVG. Il s\u2019agit pour elle de l\u2019argument majeur afin de d\u00e9fendre ses traditions. <\/span><span style=\"font-weight: 400;\"><br><\/span><span style=\"font-weight: 400;\">Apr\u00e8s s&rsquo;\u00eatre oppos\u00e9e au don du sang des homosexuels en 2001, puis \u00e0 l\u2019union civile des personnes de m\u00eame genre en 2016, Giorgia Meloni a \u00e9t\u00e9 claire : elle ne fera pas avancer les droits LGBTQIA+ et s\u2019attaquera m\u00eame \u00e0 certains acquis. <\/span><span style=\"font-weight: 400;\"><br><\/span><span style=\"font-weight: 400;\">D\u00e8s son arriv\u00e9e au pouvoir, Giorgia Meloni a point\u00e9 du doigt les familles homoparentales italiennes, notamment celles qui ont eu recours \u00e0 la GPA (gestation pour autrui), pour lequel elle a d\u00e9pos\u00e9 une proposition de loi visant \u00e0 en faire un d\u00e9lit universel pouvant \u00eatre puni d\u2019un million d\u2019euros d\u2019amende et de deux ann\u00e9es de prison ferme, et \u00e0 la PMA (procr\u00e9ation m\u00e9dicalement assist\u00e9e) \u00e0 l\u2019\u00e9tranger. Depuis mars 2023, les parents non biologiques ne pourront plus appara\u00eetre sur les actes de naissance, et pour ces actes d\u00e9j\u00e0 existants, le gouvernement a demand\u00e9 au tribunal leur modification afin de supprimer le nom du p\u00e8re ou de la m\u00e8re non biologique. Plus d\u2019une trentaine d\u2019enfants sont concern\u00e9s.&nbsp;<\/span><\/p>\n<p><\/p>\n<p><!-- \/wp:paragraph --><!-- wp:heading --><\/p>\n<p><\/p>\n<h2 class=\"wp-block-heading\"><strong>La guerre aux ch\u00f4meur\u00b7ses<\/strong><\/h2>\n<p><\/p>\n<p><!-- \/wp:heading --><!-- wp:paragraph --><\/p>\n<p><\/p>\n<p><span style=\"font-weight: 400;\">Giorgia Meloni a choisi la date du 1er mai 2022, journ\u00e9e nationale du droit des travailleurs et des travailleuses, pour r\u00e9former le march\u00e9 du travail. <\/span><span style=\"font-weight: 400;\"><br><\/span><span style=\"font-weight: 400;\">La premi\u00e8re mesure phare de la r\u00e9forme est la suppression du \u00ab revenu de citoyennet\u00e9 \u00bb (l\u2019\u00e9quivalent du RSA en France) d\u2019un montant moyen de 550 euros. Selon l\u2019<\/span><i><span style=\"font-weight: 400;\">Instituto nazionale di statistica<\/span><\/i><span style=\"font-weight: 400;\"> (l\u2019institut national de statistique), il a permis \u00e0 plus d\u2019un million de personnes de sortir de la pauvret\u00e9 cette m\u00eame ann\u00e9e. <\/span><span style=\"font-weight: 400;\"><br><\/span><span style=\"font-weight: 400;\">Celui-ci sera remplac\u00e9 en 2024 par un \u00ab ch\u00e8que inclusion \u00bb dont l\u2019acc\u00e8s sera revers\u00e9 aux familles ayant plusieurs enfants, aux personnes handicap\u00e9es ou de plus de 60 ans, avec un montant plafonn\u00e9 de 500\u20ac pour une dur\u00e9e de 18 mois maximum.<\/span><\/p>\n<p><\/p>\n<p><!-- \/wp:paragraph --><!-- wp:image {\"id\":194,\"sizeSlug\":\"large\",\"linkDestination\":\"none\"} --><\/p>\n<p><\/p>\n<figure class=\"wp-block-image size-large\"><img decoding=\"async\" class=\"wp-image-194\" src=\"https:\/\/master-crdm.parisnanterre.fr\/blacksheep\/wp-content\/uploads\/2023\/12\/giorgia_meloni_addressing_budapest_demographic_summit_2023_1-1.jpg?w=1024\" alt=\"\" width=\"1646\" height=\"1333\" srcset=\"https:\/\/master-crdm.parisnanterre.fr\/blacksheep\/wp-content\/uploads\/2023\/12\/giorgia_meloni_addressing_budapest_demographic_summit_2023_1-1.jpg 1646w, https:\/\/master-crdm.parisnanterre.fr\/blacksheep\/wp-content\/uploads\/2023\/12\/giorgia_meloni_addressing_budapest_demographic_summit_2023_1-1-300x243.jpg 300w, https:\/\/master-crdm.parisnanterre.fr\/blacksheep\/wp-content\/uploads\/2023\/12\/giorgia_meloni_addressing_budapest_demographic_summit_2023_1-1-1024x829.jpg 1024w, https:\/\/master-crdm.parisnanterre.fr\/blacksheep\/wp-content\/uploads\/2023\/12\/giorgia_meloni_addressing_budapest_demographic_summit_2023_1-1-768x622.jpg 768w, https:\/\/master-crdm.parisnanterre.fr\/blacksheep\/wp-content\/uploads\/2023\/12\/giorgia_meloni_addressing_budapest_demographic_summit_2023_1-1-1536x1244.jpg 1536w\" sizes=\"(max-width: 1646px) 100vw, 1646px\" \/> Giorgia Meloni au sommet d\u00e9mographique de Budapest | <i>Elekes Andor via Wikimedia Commons<\/i><\/figure>\n<\/div>\n<p><!-- \/wp:image --><!-- wp:paragraph --><\/p>\n<p><!-- \/wp:paragraph --><!-- wp:paragraph --><\/p>\n<p><span style=\"font-weight: 400;\">Le second point de la r\u00e9forme concerne le patronat. Les entreprises qui recruteront d\u00e8s 2024 des b\u00e9n\u00e9ficiaires du nouveau ch\u00e8que inclusion seront exon\u00e9r\u00e9es de cotisations. Une joie pour le grand patronat qui pourra employer des salari\u00e9s sous contrats pr\u00e9caires tout en faisant des \u00e9conomies sur ses cotisations. <\/span><span style=\"font-weight: 400;\"><br><\/span><span style=\"font-weight: 400;\">Enfin, la troisi\u00e8me mesure pr\u00e9voit un assouplissement des embauches en contrat \u00e0 dur\u00e9e d\u00e9termin\u00e9e (CDD). Les employeurs pourront renouveler deux fois les CDD sans obligation de les p\u00e9renniser au bout de 36 mois, impliquant une multiplication de contrats pr\u00e9caires. <\/span><span style=\"font-weight: 400;\"><br><\/span><span style=\"font-weight: 400;\">En une ann\u00e9e et une r\u00e9forme, Giorgia Meloni a tenu sa promesse de campagne : \u00ab <\/span><i><span style=\"font-weight: 400;\">montrer la diff\u00e9rence entre ceux qui sont capables de travailler et ceux qui ne le sont pas<\/span><\/i><span style=\"font-weight: 400;\"> \u00bb.&nbsp;<\/span><\/p>\n<h2><b><i>Refugees, not welcome !<\/i><\/b><b>&nbsp;<\/b><\/h2>\n<p><span style=\"font-weight: 400;\">Comme tous les <a href=\"https:\/\/master-crdm.parisnanterre.fr\/blacksheep\/tout-comprendre-des-elections-europeennes\/\">partis ultra-conservateurs<\/a>, Fratelli d\u2019Italia d\u00e9fend le retour des fronti\u00e8res fortes et une r\u00e9gulation drastique des personnes immigr\u00e9es, tout en d\u00e9non\u00e7ant \u00ab l\u2019islamisation \u00bb de la soci\u00e9t\u00e9.<\/span><span style=\"font-weight: 400;\"><br><\/span><span style=\"font-weight: 400;\">Tout juste \u00e9lue, elle s\u2019oppose \u00e0 l\u2019arriv\u00e9e sur un port italien de l\u2019Ocean Viking, un navire transportant 230 r\u00e9fugi\u00e9s qui a finalement accost\u00e9 en France. Le ministre de l\u2019int\u00e9rieur fran\u00e7ais G\u00e9rald Darmanin a demand\u00e9 au pays de Rome d\u2019accueillir une partie du bateau. Une proposition jug\u00e9e agressive et injustifi\u00e9e par Giorgia Meloni.<\/span><\/p>\n<p><span style=\"font-weight: 400;\">Son discours s\u2019adapte d\u00e9sormais \u00e0 cette inflexion : elle ne dit plus lutter contre l\u2019immigration, mais contre les immigr\u00e9\u00b7e\u00b7s clandestins et les passeurs. Afin de rassurer son \u00e9lectorat, elle accuse tout d\u2019abord la politique trop laxiste de l\u2019Union Europ\u00e9enne sur la question migratoire et freine le travail de certaines ONG qui partent en Mer M\u00e9diterran\u00e9e pour sauver des r\u00e9fugi\u00e9\u00b7e\u00b7s.<\/span><\/p>\n<p><span style=\"font-weight: 400;\">Lors d\u2019une interview pour le bilan annuel de son mandat sur la cha\u00eene italienne TG1, elle avoue : \u00ab <\/span><i><span style=\"font-weight: 400;\">Il est clair que nous esp\u00e9rions mieux en mati\u00e8re d\u2019immigration. Les r\u00e9sultats ne sont pas ceux que nous esp\u00e9rions. Mais je suis s\u00fbre que nous irons au fond des choses<\/span><\/i><span style=\"font-weight: 400;\"> \u00bb.<\/span><\/p>\n<p><!-- \/wp:paragraph --><!-- wp:paragraph --><\/p>\n<p><!-- \/wp:paragraph --><\/p>\t\t\t\t\t\t\t\t<\/div>\n\t\t\t\t<\/div>\n\t\t\t\t\t<\/div>\n\t\t\t\t<\/div>\n\t\t\t\t<\/div>\n\t\t","protected":false},"excerpt":{"rendered":"<p>Giorgia Meloni, la cheffe du parti postfasciste Fratteli d\u2019Italia, a \u00e9t\u00e9 \u00e9lue pr\u00e9sidente du Conseil Italien le 22 octobre 2023 gr\u00e2ce \u00e0 une alliance de la droite face \u00e0 une gauche divis\u00e9e. Son slogan : \u00ab\u00a0Dieu, famille, patrie\u00a0\u00bb. Et elle n\u2019a pas h\u00e9sit\u00e9 \u00e0 l\u2019appliquer d\u00e8s ses premiers mois de mandat. Black Sheep vous dresse le bilan de la premi\u00e8re ann\u00e9e du postfascisme italien au pouvoir.<\/p>\n","protected":false},"author":1,"featured_media":193,"comment_status":"close","ping_status":"close","sticky":false,"template":"","format":"standard","meta":{"_FSMCFIC_featured_image_caption":"","_FSMCFIC_featured_image_nocaption":"","_FSMCFIC_featured_image_hide":"","footnotes":""},"categories":[19,6],"tags":[],"class_list":["post-183","post","type-post","status-publish","format-standard","has-post-thumbnail","hentry","category-edition-2024","category-politique"],"yoast_head":"<!-- This site is optimized with the Yoast SEO plugin v24.2 - https:\/\/yoast.com\/wordpress\/plugins\/seo\/ -->\n<title>Giorgia Meloni et son postfascisme italien, quelles r\u00e9solutions ? - Black Sheep<\/title>\n<meta name=\"robots\" content=\"index, follow, max-snippet:-1, max-image-preview:large, max-video-preview:-1\" \/>\n<link rel=\"canonical\" href=\"https:\/\/master-crdm.parisnanterre.fr\/blacksheep\/giorgia-meloni-et-le-postfascisme-italien-un-an-apres-lelection\/\" \/>\n<meta property=\"og:locale\" content=\"fr_FR\" \/>\n<meta property=\"og:type\" content=\"article\" \/>\n<meta property=\"og:title\" content=\"Giorgia Meloni et son postfascisme italien, quelles r\u00e9solutions ? - Black Sheep\" \/>\n<meta property=\"og:description\" content=\"Giorgia Meloni, la cheffe du parti postfasciste Fratteli d\u2019Italia, a \u00e9t\u00e9 \u00e9lue pr\u00e9sidente du Conseil Italien le 22 octobre 2023 gr\u00e2ce \u00e0 une alliance de la droite face \u00e0 une gauche divis\u00e9e. Son slogan : \u00ab\u00a0Dieu, famille, patrie\u00a0\u00bb. Et elle n\u2019a pas h\u00e9sit\u00e9 \u00e0 l\u2019appliquer d\u00e8s ses premiers mois de mandat. Black Sheep vous dresse le bilan de la premi\u00e8re ann\u00e9e du postfascisme italien au pouvoir.\" \/>\n<meta property=\"og:url\" content=\"https:\/\/master-crdm.parisnanterre.fr\/blacksheep\/giorgia-meloni-et-le-postfascisme-italien-un-an-apres-lelection\/\" \/>\n<meta property=\"og:site_name\" content=\"Black Sheep\" \/>\n<meta property=\"article:published_time\" content=\"2023-12-12T13:49:31+00:00\" \/>\n<meta property=\"article:modified_time\" content=\"2025-02-11T09:55:06+00:00\" \/>\n<meta property=\"og:image\" content=\"https:\/\/master-crdm.parisnanterre.fr\/blacksheep\/wp-content\/uploads\/2023\/12\/giorgia_meloni_23.03.23-1-scaled.jpg\" \/>\n\t<meta property=\"og:image:width\" content=\"2560\" \/>\n\t<meta property=\"og:image:height\" content=\"1707\" \/>\n\t<meta property=\"og:image:type\" content=\"image\/jpeg\" \/>\n<meta name=\"author\" content=\"admin\" \/>\n<meta name=\"twitter:card\" content=\"summary_large_image\" \/>\n<meta name=\"twitter:label1\" content=\"\u00c9crit par\" \/>\n\t<meta name=\"twitter:data1\" content=\"admin\" \/>\n\t<meta name=\"twitter:label2\" content=\"Dur\u00e9e de lecture estim\u00e9e\" \/>\n\t<meta name=\"twitter:data2\" content=\"6 minutes\" \/>\n<script type=\"application\/ld+json\" class=\"yoast-schema-graph\">{\"@context\":\"https:\/\/schema.org\",\"@graph\":[{\"@type\":\"Article\",\"@id\":\"https:\/\/master-crdm.parisnanterre.fr\/blacksheep\/giorgia-meloni-et-le-postfascisme-italien-un-an-apres-lelection\/#article\",\"isPartOf\":{\"@id\":\"https:\/\/master-crdm.parisnanterre.fr\/blacksheep\/giorgia-meloni-et-le-postfascisme-italien-un-an-apres-lelection\/\"},\"author\":{\"name\":\"admin\",\"@id\":\"https:\/\/master-crdm.parisnanterre.fr\/blacksheep\/#\/schema\/person\/3189ed5e30fe5360b9ddeb376e9a9a7c\"},\"headline\":\"Giorgia Meloni et son postfascisme italien, quelles r\u00e9solutions ?\",\"datePublished\":\"2023-12-12T13:49:31+00:00\",\"dateModified\":\"2025-02-11T09:55:06+00:00\",\"mainEntityOfPage\":{\"@id\":\"https:\/\/master-crdm.parisnanterre.fr\/blacksheep\/giorgia-meloni-et-le-postfascisme-italien-un-an-apres-lelection\/\"},\"wordCount\":1135,\"publisher\":{\"@id\":\"https:\/\/master-crdm.parisnanterre.fr\/blacksheep\/#organization\"},\"image\":{\"@id\":\"https:\/\/master-crdm.parisnanterre.fr\/blacksheep\/giorgia-meloni-et-le-postfascisme-italien-un-an-apres-lelection\/#primaryimage\"},\"thumbnailUrl\":\"https:\/\/master-crdm.parisnanterre.fr\/blacksheep\/wp-content\/uploads\/2023\/12\/giorgia_meloni_23.03.23-1-scaled.jpg\",\"articleSection\":[\"\u00c9dition 2024\",\"Politique\"],\"inLanguage\":\"fr-FR\"},{\"@type\":\"WebPage\",\"@id\":\"https:\/\/master-crdm.parisnanterre.fr\/blacksheep\/giorgia-meloni-et-le-postfascisme-italien-un-an-apres-lelection\/\",\"url\":\"https:\/\/master-crdm.parisnanterre.fr\/blacksheep\/giorgia-meloni-et-le-postfascisme-italien-un-an-apres-lelection\/\",\"name\":\"Giorgia Meloni et son postfascisme italien, quelles r\u00e9solutions ? - Black Sheep\",\"isPartOf\":{\"@id\":\"https:\/\/master-crdm.parisnanterre.fr\/blacksheep\/#website\"},\"primaryImageOfPage\":{\"@id\":\"https:\/\/master-crdm.parisnanterre.fr\/blacksheep\/giorgia-meloni-et-le-postfascisme-italien-un-an-apres-lelection\/#primaryimage\"},\"image\":{\"@id\":\"https:\/\/master-crdm.parisnanterre.fr\/blacksheep\/giorgia-meloni-et-le-postfascisme-italien-un-an-apres-lelection\/#primaryimage\"},\"thumbnailUrl\":\"https:\/\/master-crdm.parisnanterre.fr\/blacksheep\/wp-content\/uploads\/2023\/12\/giorgia_meloni_23.03.23-1-scaled.jpg\",\"datePublished\":\"2023-12-12T13:49:31+00:00\",\"dateModified\":\"2025-02-11T09:55:06+00:00\",\"breadcrumb\":{\"@id\":\"https:\/\/master-crdm.parisnanterre.fr\/blacksheep\/giorgia-meloni-et-le-postfascisme-italien-un-an-apres-lelection\/#breadcrumb\"},\"inLanguage\":\"fr-FR\",\"potentialAction\":[{\"@type\":\"ReadAction\",\"target\":[\"https:\/\/master-crdm.parisnanterre.fr\/blacksheep\/giorgia-meloni-et-le-postfascisme-italien-un-an-apres-lelection\/\"]}]},{\"@type\":\"ImageObject\",\"inLanguage\":\"fr-FR\",\"@id\":\"https:\/\/master-crdm.parisnanterre.fr\/blacksheep\/giorgia-meloni-et-le-postfascisme-italien-un-an-apres-lelection\/#primaryimage\",\"url\":\"https:\/\/master-crdm.parisnanterre.fr\/blacksheep\/wp-content\/uploads\/2023\/12\/giorgia_meloni_23.03.23-1-scaled.jpg\",\"contentUrl\":\"https:\/\/master-crdm.parisnanterre.fr\/blacksheep\/wp-content\/uploads\/2023\/12\/giorgia_meloni_23.03.23-1-scaled.jpg\",\"width\":2560,\"height\":1707,\"caption\":\"\u00a9 EU\/Christophe Licoppe - Giorgia Meloni\"},{\"@type\":\"BreadcrumbList\",\"@id\":\"https:\/\/master-crdm.parisnanterre.fr\/blacksheep\/giorgia-meloni-et-le-postfascisme-italien-un-an-apres-lelection\/#breadcrumb\",\"itemListElement\":[{\"@type\":\"ListItem\",\"position\":1,\"name\":\"Home\",\"item\":\"https:\/\/master-crdm.parisnanterre.fr\/blacksheep\/\"},{\"@type\":\"ListItem\",\"position\":2,\"name\":\"Giorgia Meloni et son postfascisme italien, quelles r\u00e9solutions ?\"}]},{\"@type\":\"WebSite\",\"@id\":\"https:\/\/master-crdm.parisnanterre.fr\/blacksheep\/#website\",\"url\":\"https:\/\/master-crdm.parisnanterre.fr\/blacksheep\/\",\"name\":\"Black Sheep\",\"description\":\"Le magazine du master CRDM\",\"publisher\":{\"@id\":\"https:\/\/master-crdm.parisnanterre.fr\/blacksheep\/#organization\"},\"potentialAction\":[{\"@type\":\"SearchAction\",\"target\":{\"@type\":\"EntryPoint\",\"urlTemplate\":\"https:\/\/master-crdm.parisnanterre.fr\/blacksheep\/?s={search_term_string}\"},\"query-input\":{\"@type\":\"PropertyValueSpecification\",\"valueRequired\":true,\"valueName\":\"search_term_string\"}}],\"inLanguage\":\"fr-FR\"},{\"@type\":\"Organization\",\"@id\":\"https:\/\/master-crdm.parisnanterre.fr\/blacksheep\/#organization\",\"name\":\"Black Sheep\",\"url\":\"https:\/\/master-crdm.parisnanterre.fr\/blacksheep\/\",\"logo\":{\"@type\":\"ImageObject\",\"inLanguage\":\"fr-FR\",\"@id\":\"https:\/\/master-crdm.parisnanterre.fr\/blacksheep\/#\/schema\/logo\/image\/\",\"url\":\"https:\/\/master-crdm.parisnanterre.fr\/blacksheep\/wp-content\/uploads\/2024\/01\/LOGO-BLACK-RECTANGLE.png\",\"contentUrl\":\"https:\/\/master-crdm.parisnanterre.fr\/blacksheep\/wp-content\/uploads\/2024\/01\/LOGO-BLACK-RECTANGLE.png\",\"width\":500,\"height\":330,\"caption\":\"Black Sheep\"},\"image\":{\"@id\":\"https:\/\/master-crdm.parisnanterre.fr\/blacksheep\/#\/schema\/logo\/image\/\"}},{\"@type\":\"Person\",\"@id\":\"https:\/\/master-crdm.parisnanterre.fr\/blacksheep\/#\/schema\/person\/3189ed5e30fe5360b9ddeb376e9a9a7c\",\"name\":\"admin\",\"image\":{\"@type\":\"ImageObject\",\"inLanguage\":\"fr-FR\",\"@id\":\"https:\/\/master-crdm.parisnanterre.fr\/blacksheep\/#\/schema\/person\/image\/\",\"url\":\"https:\/\/secure.gravatar.com\/avatar\/ab8f82dacd8bba1f875d2011ca6a63d98b4ad19e0867b6d090eec117e22bf79d?s=96&d=mm&r=g\",\"contentUrl\":\"https:\/\/secure.gravatar.com\/avatar\/ab8f82dacd8bba1f875d2011ca6a63d98b4ad19e0867b6d090eec117e22bf79d?s=96&d=mm&r=g\",\"caption\":\"admin\"},\"sameAs\":[\"https:\/\/master-crdm.parisnanterre.fr\/blacksheep\"],\"url\":\"https:\/\/master-crdm.parisnanterre.fr\/blacksheep\/author\/martasevero\/\"}]}<\/script>\n<!-- \/ Yoast SEO plugin. -->","yoast_head_json":{"title":"Giorgia Meloni et son postfascisme italien, quelles r\u00e9solutions ? - Black Sheep","robots":{"index":"index","follow":"follow","max-snippet":"max-snippet:-1","max-image-preview":"max-image-preview:large","max-video-preview":"max-video-preview:-1"},"canonical":"https:\/\/master-crdm.parisnanterre.fr\/blacksheep\/giorgia-meloni-et-le-postfascisme-italien-un-an-apres-lelection\/","og_locale":"fr_FR","og_type":"article","og_title":"Giorgia Meloni et son postfascisme italien, quelles r\u00e9solutions ? - Black Sheep","og_description":"Giorgia Meloni, la cheffe du parti postfasciste Fratteli d\u2019Italia, a \u00e9t\u00e9 \u00e9lue pr\u00e9sidente du Conseil Italien le 22 octobre 2023 gr\u00e2ce \u00e0 une alliance de la droite face \u00e0 une gauche divis\u00e9e. Son slogan : \u00ab\u00a0Dieu, famille, patrie\u00a0\u00bb. Et elle n\u2019a pas h\u00e9sit\u00e9 \u00e0 l\u2019appliquer d\u00e8s ses premiers mois de mandat. Black Sheep vous dresse le bilan de la premi\u00e8re ann\u00e9e du postfascisme italien au pouvoir.","og_url":"https:\/\/master-crdm.parisnanterre.fr\/blacksheep\/giorgia-meloni-et-le-postfascisme-italien-un-an-apres-lelection\/","og_site_name":"Black Sheep","article_published_time":"2023-12-12T13:49:31+00:00","article_modified_time":"2025-02-11T09:55:06+00:00","og_image":[{"width":2560,"height":1707,"url":"https:\/\/master-crdm.parisnanterre.fr\/blacksheep\/wp-content\/uploads\/2023\/12\/giorgia_meloni_23.03.23-1-scaled.jpg","type":"image\/jpeg"}],"author":"admin","twitter_card":"summary_large_image","twitter_misc":{"\u00c9crit par":"admin","Dur\u00e9e de lecture estim\u00e9e":"6 minutes"},"schema":{"@context":"https:\/\/schema.org","@graph":[{"@type":"Article","@id":"https:\/\/master-crdm.parisnanterre.fr\/blacksheep\/giorgia-meloni-et-le-postfascisme-italien-un-an-apres-lelection\/#article","isPartOf":{"@id":"https:\/\/master-crdm.parisnanterre.fr\/blacksheep\/giorgia-meloni-et-le-postfascisme-italien-un-an-apres-lelection\/"},"author":{"name":"admin","@id":"https:\/\/master-crdm.parisnanterre.fr\/blacksheep\/#\/schema\/person\/3189ed5e30fe5360b9ddeb376e9a9a7c"},"headline":"Giorgia Meloni et son postfascisme italien, quelles r\u00e9solutions ?","datePublished":"2023-12-12T13:49:31+00:00","dateModified":"2025-02-11T09:55:06+00:00","mainEntityOfPage":{"@id":"https:\/\/master-crdm.parisnanterre.fr\/blacksheep\/giorgia-meloni-et-le-postfascisme-italien-un-an-apres-lelection\/"},"wordCount":1135,"publisher":{"@id":"https:\/\/master-crdm.parisnanterre.fr\/blacksheep\/#organization"},"image":{"@id":"https:\/\/master-crdm.parisnanterre.fr\/blacksheep\/giorgia-meloni-et-le-postfascisme-italien-un-an-apres-lelection\/#primaryimage"},"thumbnailUrl":"https:\/\/master-crdm.parisnanterre.fr\/blacksheep\/wp-content\/uploads\/2023\/12\/giorgia_meloni_23.03.23-1-scaled.jpg","articleSection":["\u00c9dition 2024","Politique"],"inLanguage":"fr-FR"},{"@type":"WebPage","@id":"https:\/\/master-crdm.parisnanterre.fr\/blacksheep\/giorgia-meloni-et-le-postfascisme-italien-un-an-apres-lelection\/","url":"https:\/\/master-crdm.parisnanterre.fr\/blacksheep\/giorgia-meloni-et-le-postfascisme-italien-un-an-apres-lelection\/","name":"Giorgia Meloni et son postfascisme italien, quelles r\u00e9solutions ? - Black Sheep","isPartOf":{"@id":"https:\/\/master-crdm.parisnanterre.fr\/blacksheep\/#website"},"primaryImageOfPage":{"@id":"https:\/\/master-crdm.parisnanterre.fr\/blacksheep\/giorgia-meloni-et-le-postfascisme-italien-un-an-apres-lelection\/#primaryimage"},"image":{"@id":"https:\/\/master-crdm.parisnanterre.fr\/blacksheep\/giorgia-meloni-et-le-postfascisme-italien-un-an-apres-lelection\/#primaryimage"},"thumbnailUrl":"https:\/\/master-crdm.parisnanterre.fr\/blacksheep\/wp-content\/uploads\/2023\/12\/giorgia_meloni_23.03.23-1-scaled.jpg","datePublished":"2023-12-12T13:49:31+00:00","dateModified":"2025-02-11T09:55:06+00:00","breadcrumb":{"@id":"https:\/\/master-crdm.parisnanterre.fr\/blacksheep\/giorgia-meloni-et-le-postfascisme-italien-un-an-apres-lelection\/#breadcrumb"},"inLanguage":"fr-FR","potentialAction":[{"@type":"ReadAction","target":["https:\/\/master-crdm.parisnanterre.fr\/blacksheep\/giorgia-meloni-et-le-postfascisme-italien-un-an-apres-lelection\/"]}]},{"@type":"ImageObject","inLanguage":"fr-FR","@id":"https:\/\/master-crdm.parisnanterre.fr\/blacksheep\/giorgia-meloni-et-le-postfascisme-italien-un-an-apres-lelection\/#primaryimage","url":"https:\/\/master-crdm.parisnanterre.fr\/blacksheep\/wp-content\/uploads\/2023\/12\/giorgia_meloni_23.03.23-1-scaled.jpg","contentUrl":"https:\/\/master-crdm.parisnanterre.fr\/blacksheep\/wp-content\/uploads\/2023\/12\/giorgia_meloni_23.03.23-1-scaled.jpg","width":2560,"height":1707,"caption":"\u00a9 EU\/Christophe Licoppe - Giorgia Meloni"},{"@type":"BreadcrumbList","@id":"https:\/\/master-crdm.parisnanterre.fr\/blacksheep\/giorgia-meloni-et-le-postfascisme-italien-un-an-apres-lelection\/#breadcrumb","itemListElement":[{"@type":"ListItem","position":1,"name":"Home","item":"https:\/\/master-crdm.parisnanterre.fr\/blacksheep\/"},{"@type":"ListItem","position":2,"name":"Giorgia Meloni et son postfascisme italien, quelles r\u00e9solutions ?"}]},{"@type":"WebSite","@id":"https:\/\/master-crdm.parisnanterre.fr\/blacksheep\/#website","url":"https:\/\/master-crdm.parisnanterre.fr\/blacksheep\/","name":"Black Sheep","description":"Le magazine du master CRDM","publisher":{"@id":"https:\/\/master-crdm.parisnanterre.fr\/blacksheep\/#organization"},"potentialAction":[{"@type":"SearchAction","target":{"@type":"EntryPoint","urlTemplate":"https:\/\/master-crdm.parisnanterre.fr\/blacksheep\/?s={search_term_string}"},"query-input":{"@type":"PropertyValueSpecification","valueRequired":true,"valueName":"search_term_string"}}],"inLanguage":"fr-FR"},{"@type":"Organization","@id":"https:\/\/master-crdm.parisnanterre.fr\/blacksheep\/#organization","name":"Black Sheep","url":"https:\/\/master-crdm.parisnanterre.fr\/blacksheep\/","logo":{"@type":"ImageObject","inLanguage":"fr-FR","@id":"https:\/\/master-crdm.parisnanterre.fr\/blacksheep\/#\/schema\/logo\/image\/","url":"https:\/\/master-crdm.parisnanterre.fr\/blacksheep\/wp-content\/uploads\/2024\/01\/LOGO-BLACK-RECTANGLE.png","contentUrl":"https:\/\/master-crdm.parisnanterre.fr\/blacksheep\/wp-content\/uploads\/2024\/01\/LOGO-BLACK-RECTANGLE.png","width":500,"height":330,"caption":"Black Sheep"},"image":{"@id":"https:\/\/master-crdm.parisnanterre.fr\/blacksheep\/#\/schema\/logo\/image\/"}},{"@type":"Person","@id":"https:\/\/master-crdm.parisnanterre.fr\/blacksheep\/#\/schema\/person\/3189ed5e30fe5360b9ddeb376e9a9a7c","name":"admin","image":{"@type":"ImageObject","inLanguage":"fr-FR","@id":"https:\/\/master-crdm.parisnanterre.fr\/blacksheep\/#\/schema\/person\/image\/","url":"https:\/\/secure.gravatar.com\/avatar\/ab8f82dacd8bba1f875d2011ca6a63d98b4ad19e0867b6d090eec117e22bf79d?s=96&d=mm&r=g","contentUrl":"https:\/\/secure.gravatar.com\/avatar\/ab8f82dacd8bba1f875d2011ca6a63d98b4ad19e0867b6d090eec117e22bf79d?s=96&d=mm&r=g","caption":"admin"},"sameAs":["https:\/\/master-crdm.parisnanterre.fr\/blacksheep"],"url":"https:\/\/master-crdm.parisnanterre.fr\/blacksheep\/author\/martasevero\/"}]}},"_links":{"self":[{"href":"https:\/\/master-crdm.parisnanterre.fr\/blacksheep\/wp-json\/wp\/v2\/posts\/183","targetHints":{"allow":["GET"]}}],"collection":[{"href":"https:\/\/master-crdm.parisnanterre.fr\/blacksheep\/wp-json\/wp\/v2\/posts"}],"about":[{"href":"https:\/\/master-crdm.parisnanterre.fr\/blacksheep\/wp-json\/wp\/v2\/types\/post"}],"author":[{"embeddable":true,"href":"https:\/\/master-crdm.parisnanterre.fr\/blacksheep\/wp-json\/wp\/v2\/users\/1"}],"replies":[{"embeddable":true,"href":"https:\/\/master-crdm.parisnanterre.fr\/blacksheep\/wp-json\/wp\/v2\/comments?post=183"}],"version-history":[{"count":14,"href":"https:\/\/master-crdm.parisnanterre.fr\/blacksheep\/wp-json\/wp\/v2\/posts\/183\/revisions"}],"predecessor-version":[{"id":1022,"href":"https:\/\/master-crdm.parisnanterre.fr\/blacksheep\/wp-json\/wp\/v2\/posts\/183\/revisions\/1022"}],"wp:featuredmedia":[{"embeddable":true,"href":"https:\/\/master-crdm.parisnanterre.fr\/blacksheep\/wp-json\/wp\/v2\/media\/193"}],"wp:attachment":[{"href":"https:\/\/master-crdm.parisnanterre.fr\/blacksheep\/wp-json\/wp\/v2\/media?parent=183"}],"wp:term":[{"taxonomy":"category","embeddable":true,"href":"https:\/\/master-crdm.parisnanterre.fr\/blacksheep\/wp-json\/wp\/v2\/categories?post=183"},{"taxonomy":"post_tag","embeddable":true,"href":"https:\/\/master-crdm.parisnanterre.fr\/blacksheep\/wp-json\/wp\/v2\/tags?post=183"}],"curies":[{"name":"wp","href":"https:\/\/api.w.org\/{rel}","templated":true}]}}