{"id":151,"date":"2023-12-12T14:37:18","date_gmt":"2023-12-12T13:37:18","guid":{"rendered":"https:\/\/blacksheepcrdm.wordpress.com\/?p=151"},"modified":"2025-02-11T10:57:54","modified_gmt":"2025-02-11T09:57:54","slug":"tout-comprendre-des-elections-europeennes","status":"publish","type":"post","link":"https:\/\/master-crdm.parisnanterre.fr\/blacksheep\/tout-comprendre-des-elections-europeennes\/","title":{"rendered":"Tout comprendre des \u00e9lections europ\u00e9ennes"},"content":{"rendered":"\t\t<div data-elementor-type=\"wp-post\" data-elementor-id=\"151\" class=\"elementor elementor-151\">\n\t\t\t\t<div class=\"elementor-element elementor-element-31a2ff8c e-flex e-con-boxed e-con e-parent\" data-id=\"31a2ff8c\" data-element_type=\"container\" data-e-type=\"container\">\n\t\t\t\t\t<div class=\"e-con-inner\">\n\t\t\t\t<div class=\"elementor-element elementor-element-e046504 elementor-widget elementor-widget-text-editor\" data-id=\"e046504\" data-element_type=\"widget\" data-e-type=\"widget\" data-widget_type=\"text-editor.default\">\n\t\t\t\t<div class=\"elementor-widget-container\">\n\t\t\t\t\t\t\t\t\t<p><\/p>\n<p class=\"has-text-align-right\">Par Arthur Lacour<\/p>\n<p><\/p>\n<p><strong>Le 9 juin 2024, tous les citoyen\u00b7ne\u00b7s de l\u2019Union Europ\u00e9enne sont appel\u00e9<strong>\u00b7<\/strong>e<strong>\u00b7<\/strong>s aux urnes pour \u00e9lire leurs d\u00e9put\u00e9\u00b7e\u00b7s europ\u00e9en\u00b7ne\u00b7s. Mais ces \u00e9lections ont un fonctionnement bien particulier et des enjeux parfois complexes \u00e0 saisir.&nbsp;<\/strong><\/p>\n<p><\/p>\n<h2 class=\"wp-block-heading\"><strong>Le mode de scrutin<\/strong><\/h2>\n<p><\/p>\n<p>Le Parlement europ\u00e9en comptait jusqu\u2019\u00e0 pr\u00e9sent 720 d\u00e9put\u00e9\u00b7e\u00b7s mais sera compos\u00e9 de 720 si\u00e8ges en 2024. Cette d\u00e9cision a \u00e9t\u00e9 prise suite au Brexit afin de r\u00e9guler le nombre de parlementaires de chaque pays. Car en effet, chaque pays de l\u2019UE \u00e9lit un nombre diff\u00e9rent de d\u00e9put\u00e9\u00b7e\u00b7s \u2014 cela d\u00e9pend de leur population respective. Aux \u00e9lections de 2024, la France enverra par exemple 81 \u00e9lus, la Belgique 22 et le Luxembourg seulement six. Les eurod\u00e9put\u00e9\u00b7e\u00b7s sont \u00e9lus pour un mandat de cinq ans.<\/p>\n<p><\/p>\n<p>Les \u00e9lections europ\u00e9ennes sont un suffrage dit \u00ab&nbsp;\u00e0 la proportionnelle&nbsp;avec seuil \u00bb \u00e0 un seul tour. Les \u00e9lecteur\u00b7rice\u00b7s votent pour des listes et non pas pour un seul candidat. Comme son nom l\u2019indique, le scrutin \u00e0 la proportionnelle consiste \u00e0 donner des si\u00e8ges au Parlement en fonction des voix obtenues. En toute logique, une liste qui a remport\u00e9 15% des voix aura donc plus de parlementaires qu\u2019une liste qui a fait 8%.&nbsp;<\/p>\n<p><\/p>\n<figure class=\"wp-block-image size-large\"><img decoding=\"async\" class=\"wp-image-207\" src=\"https:\/\/master-crdm.parisnanterre.fr\/blacksheep\/wp-content\/uploads\/2023\/12\/pexels-jonas-horsch-bruxellles-1.jpg?w=1024\" alt=\"\"><\/figure>\n<p><\/p>\n<p><em>Source : Pexel<\/em><\/p>\n<p><\/p>\n<p>Mais pourquoi parle-t-on de \u00ab&nbsp;seuil&nbsp;\u00bb ? Le seuil \u00e9lectoral est un pourcentage pr\u00e9d\u00e9fini pour qu\u2019une liste puisse avoir des d\u00e9put\u00e9s. Aux \u00e9lections europ\u00e9ennes, celui-ci est fix\u00e9 \u00e0 5% \u2014 donc par cons\u00e9quent, une liste qui a remport\u00e9 4% des voix de son pays n\u2019aura aucun \u00e9lu. Il ne faut pas confondre le seuil \u00e9lectoral avec le seuil de remboursement des frais de campagne. Ce dernier est ici fix\u00e9 \u00e0 3%.<\/p>\n<p><\/p>\n<h2 class=\"wp-block-heading\"><strong>Le r\u00f4le des parlementaires<\/strong><\/h2>\n<p><\/p>\n<p>Contrairement aux mandats de conseiller r\u00e9gional ou municipal, le mandat europ\u00e9en demande un travail \u00e0 temps plein. En un mois, l\u2019\u00e9lu\u00b7e doit assister aux pl\u00e9ni\u00e8res \u00e0 Strasbourg pendant une semaine, passer quinze jours \u00e0 Bruxelles pour le travail des groupes et des commissions et se rendre dans sa circonscription.<\/p>\n<p><\/p>\n<p>Le Parlement europ\u00e9en a trois principales comp\u00e9tences. La premi\u00e8re concerne la l\u00e9gislation. Comme \u00e0 l\u2019Assembl\u00e9e Nationale en France, les parlementaires europ\u00e9ens proposent, amendent et votent des textes de lois. La seconde est budg\u00e9taire. Le Parlement europ\u00e9en valide le budget annuel de l\u2019UE. Enfin, la comp\u00e9tence de contr\u00f4le sert \u00e0 surveiller les institutions des pays membres. Elle permet de v\u00e9rifier si la l\u00e9gislation europ\u00e9enne est bien appliqu\u00e9e et si le budget de l\u2019Europe est utilis\u00e9 \u00e0 bon escient.<\/p>\n<p><\/p>\n<p>Parall\u00e8lement aux sessions pl\u00e9ni\u00e8res, chaque eurod\u00e9put\u00e9\u00b7e est pr\u00e9sent\u00b7e dans une commission th\u00e9matique. Ces groupes de travail sont les premiers \u00e0 analyser les propositions de lois. Par exemple, c\u2019est tout d\u2019abord la commission de la Sant\u00e9 Publique qui travaille sur les textes en rapport aux politiques sanitaires.<\/p>\n<p><\/p>\n<figure class=\"wp-block-image size-large\"><img decoding=\"async\" class=\"wp-image-206\" src=\"https:\/\/master-crdm.parisnanterre.fr\/blacksheep\/wp-content\/uploads\/2023\/12\/pexels-artur-roman-539746-1.jpg?w=1024\" alt=\"\"><\/figure>\n<p><\/p>\n<p><em>Source : Pexel<\/em><\/p>\n<p><\/p>\n<h2 class=\"wp-block-heading\"><strong>Pourquoi faut-il voter aux \u00e9lections europ\u00e9ennes ?<\/strong><\/h2>\n<p><\/p>\n<p>La pand\u00e9mie du Covid-19 et la guerre en Ukraine ont r\u00e9cemment d\u00e9montr\u00e9 toute la puissance des institutions de l\u2019Europe dans les politiques internationales et intra-europ\u00e9ennes. \u00c0 la suite de ces \u00e9v\u00e9nements, l\u2019int\u00e9r\u00eat des europ\u00e9en\u00b7ne\u00b7s pour ce scrutin a consid\u00e9rablement augment\u00e9. Selon un barom\u00e8tre publi\u00e9 par le Parlement en juin 2023, 56% des citoyens de l\u2019UE disent s\u2019int\u00e9resser aux \u00e9lections \u2014 ils \u00e9taient 50% en 2018.&nbsp;<\/p>\n<p><\/p>\n<p>Pour mieux comprendre l\u2019importance du positionnement politique de l\u2019h\u00e9micycle et par cons\u00e9quent celle des \u00e9lections, prenons le cas du conflit isra\u00e9lo-palestinien. Aujourd\u2019hui, le Parlement, <a href=\"https:\/\/master-crdm.parisnanterre.fr\/blacksheep\/giorgia-meloni-et-le-postfascisme-italien-un-an-apres-lelection\/\">class\u00e9 \u00e0 droite<\/a>, s\u2019est prononc\u00e9 en faveur de l\u2019\u00e9radication du Hamas et de la lib\u00e9ration des otages isra\u00e9liens et a refus\u00e9 le cessez-le-feu humanitaire propos\u00e9 par la gauche. Ainsi, les pays membres ne pourront pas agir individuellement dans le conflit. Par exemple, le gouvernement socialiste espagnol qui est en d\u00e9saccord avec certains points vot\u00e9s par le Parlement n\u2019aura aucun pouvoir pour exiger seul le cessez-le-feu.<\/p>\n<p><\/p>\n<p>Les futures \u00e9lections europ\u00e9ennes pourront changer radicalement le positionnement de l\u2019UE sur les \u00e9v\u00e9nements et drames actuels, car l\u2019orientation politique du Parlement joue un r\u00f4le central dans la prise de d\u00e9cisions. Mais malheureusement, malgr\u00e9 l\u2019enjeu important du scrutin europ\u00e9en, le taux d\u2019abstention de celui-ci a d\u00e9pass\u00e9 les 50% lors des quatre derni\u00e8res \u00e9lections en France. Pour le suffrage de 2024, l\u2019institut de sondage Ipsos pr\u00e9voit un taux d\u2019abstention de 50,1% (donn\u00e9e de juillet 2023), marquant une forte baisse par rapport aux 57,6% de 2019.<\/p>\n<p><\/p>\n<h2 class=\"wp-block-heading\"><strong>Les groupes politiques au Parlement europ\u00e9en<\/strong><\/h2>\n<p><\/p>\n<p>Au Parlement, il faut diff\u00e9rencier les groupes parlementaires des partis politiques tels qu\u2019on les conna\u00eet. En effet, chaque pays europ\u00e9en poss\u00e8de ses propres partis et il est impossible qu\u2019un seul d\u2019entre eux cr\u00e9e un groupe \u00e0 lui seul. Ainsi, les parlementaires d\u2019une m\u00eame organisation partisane doivent faire des alliances pour si\u00e9ger dans un groupe.<\/p>\n<p><\/p>\n<figure class=\"wp-block-image size-large\"><img decoding=\"async\" class=\"wp-image-205\" src=\"https:\/\/master-crdm.parisnanterre.fr\/blacksheep\/wp-content\/uploads\/2023\/12\/parlement_europeen_-_hemicycle_strasbourg_1-1.jpg?w=1024\" alt=\"\"><\/figure>\n<p><\/p>\n<p><em>Source :<\/em> Gzen92 via <em>Wikimedia Commons<\/em><\/p>\n<p><\/p>\n<p>G\u00e9n\u00e9ralement, sept groupes se forment au sein de l\u2019h\u00e9micycle.<\/p>\n<p><\/p>\n<ul class=\"wp-block-list\"><p><\/p>\n<li><strong>Le Groupe du Parti populaire europ\u00e9en<\/strong> : c\u2019est le groupe lib\u00e9ral-conservateur, plac\u00e9 \u00e0 droite de l\u2019\u00e9chiquier politique. Il est pr\u00e9sid\u00e9 par l\u2019allemand Manfred Weber. Ce groupe ne remet pas en cause le fonctionnement europ\u00e9en. Actuellement, il s\u2019agit du groupe qui poss\u00e8de le plus d\u2019eurod\u00e9put\u00e9\u00b7e\u00b7s avec 25% des si\u00e8ges, ce qui lui permet d\u2019obtenir la pr\u00e9sidence du Parlement occup\u00e9e par l\u2019\u00e9lue maltaise Roberta Metsola.<\/li>\n<p><\/p><\/ul>\n<p><\/p>\n<ul class=\"wp-block-list\"><p><\/p>\n<li><strong>L\u2019Alliance progressiste des socialistes et d\u00e9mocrates au Parlement europ\u00e9en<\/strong> : comme son nom l\u2019indique, il s\u2019agit du groupe socialiste de centre gauche. Depuis 2019, il est pr\u00e9sid\u00e9 par la sociale-d\u00e9mocrate et pro-europ\u00e9enne espagnole Iratxe Garcia et repr\u00e9sente 21% de l\u2019h\u00e9micycle.&nbsp;<\/li>\n<p><\/p><\/ul>\n<p><\/p>\n<ul class=\"wp-block-list\"><p><\/p>\n<li><strong>Renew Europe<\/strong> : avec \u00e0 sa t\u00eate le fran\u00e7ais St\u00e9phane S\u00e9journ\u00e9, Renew Europe rassemble tous les lib\u00e9raux et les centristes d\u2019Europe. Aujourd\u2019hui, il occupe 15% de l\u2019h\u00e9micycle europ\u00e9en.<\/li>\n<p><\/p><\/ul>\n<p><\/p>\n<ul class=\"wp-block-list\"><p><\/p>\n<li><strong>Le groupe des Verts \/ Alliance libre europ\u00e9enne<\/strong> : il s\u2019agit des \u00e9cologistes. L\u2019allemande Ska Keller et le belge Philippe Lamberts occupent la pr\u00e9sidence de ce groupe qui poss\u00e8de 10% des si\u00e8ges. Ce sont des \u00e9lu\u00b7e\u00b7s centristes ou de centre gauche, contrairement \u00e0 certains verts fran\u00e7ais qui revendiquent leur appartenance \u00e0 la gauche.&nbsp;<\/li>\n<p><\/p><\/ul>\n<p><\/p>\n<ul class=\"wp-block-list\"><p><\/p>\n<li><strong>Identit\u00e9 et d\u00e9mocratie<\/strong> : il s\u2019agit du groupe d\u2019extr\u00eame droite du Parlement. Nationaliste, et eurosceptique, ce groupe a 9% des \u00e9lu\u00b7e\u00b7s. Marco Zanni, eurod\u00e9put\u00e9 italien, en est le chef de file.&nbsp;<\/li>\n<p><\/p><\/ul>\n<p><\/p>\n<ul class=\"wp-block-list\"><p><\/p>\n<li><strong>Les conservateurs et r\u00e9formistes europ\u00e9ens<\/strong> : regroupant la droite dure et une partie de l\u2019extr\u00eame droite, ce groupe est tr\u00e8s critique des institutions europ\u00e9ennes. Il est pr\u00e9sid\u00e9 par l\u2019Italien Raffaele Fitto et le polonais Ryszard Legutko et poss\u00e8de 9% des si\u00e8ges.<\/li>\n<p><\/p><\/ul>\n<p><\/p>\n<ul class=\"wp-block-list\"><p><\/p>\n<li><strong>Le Groupe de la Gauche au Parlement europ\u00e9en<\/strong> : ce groupe est compos\u00e9 d\u2019\u00e9lu\u00b7e\u00b7s de gauche et de gauche radicale. Il s\u2019agit du plus petit groupe parlementaire, car il occupe 6% du Parlement. Sont \u00e0 sa t\u00eate l\u2019\u00e9lue fran\u00e7aise Manon Aubry et l\u2019allemand Martin Schirdewan.<\/li>\n<p><\/p><\/ul>\n<p><\/p>\n<p>Les 5% restants des si\u00e8ges sont occup\u00e9s par des eurod\u00e9put\u00e9\u00b7e\u00b7s non-inscrits dans un groupe. Ces parlementaires ne se retrouvent dans aucune pens\u00e9e politique pr\u00e9sente dans l\u2019h\u00e9micycle ou n\u2019ont pas assez d\u2019\u00e9lu\u00b7e\u00b7s pour former un groupe \u2014 pour former un groupe, il faut 25 d\u00e9put\u00e9\u00b7e\u00b7s d&rsquo;au moins sept pays diff\u00e9rents.<\/p>\n<p><\/p>\n<h2 class=\"wp-block-heading\"><strong>Les partis politiques fran\u00e7ais au Parlement europ\u00e9en<\/strong><\/h2>\n<p><\/p>\n<p>Les \u00e9lecteur\u00b7rice\u00b7s votent pour une organisation politique de leur pays, et non pour un groupe europ\u00e9en. Les \u00e9lections europ\u00e9ennes de 2019 ont permis d\u2019envoyer six partis politiques fran\u00e7ais au Parlement.<\/p>\n<p><\/p>\n<ul class=\"wp-block-list\"><p><\/p>\n<li><strong>Le Rassemblement national (RN)<\/strong> : l\u2019extr\u00eame droite fran\u00e7aise a envoy\u00e9 22 eurod\u00e9put\u00e9\u00b7e\u00b7s au Parlement europ\u00e9en gr\u00e2ce \u00e0 23% des voix. Il s\u2019agit du parti fran\u00e7ais le plus repr\u00e9sent\u00e9 au sein de cette instance. Pour le RN, l\u2019Union Europ\u00e9enne est trop laxiste sur la question migratoire. C\u2019est pour cela que ces \u00e9lections forment un grand enjeu pour le parti de Marine Le Pen qui souhaite renforcer les fronti\u00e8res europ\u00e9ennes. Les d\u00e9put\u00e9s RN si\u00e8gent dans le groupe \u00ab&nbsp;Identit\u00e9 et d\u00e9mocratie&nbsp;\u00bb.<\/li>\n<p><\/p><\/ul>\n<p><\/p>\n<ul class=\"wp-block-list\"><p><\/p>\n<li><strong>Renaissance<\/strong> : Le parti d\u2019Emmanuel Macron n\u2019a pas r\u00e9ussi \u00e0 battre le RN en 2019. Avec 22% des suffrages, il a r\u00e9ussi \u00e0 obtenir 21 si\u00e8ges. Renaissance d\u00e9fend une Europe lib\u00e9rale avec leurs alli\u00e9s du groupe \u00ab&nbsp;Renew Europe&nbsp;\u00bb.<\/li>\n<p><\/p><\/ul>\n<p><\/p>\n<ul class=\"wp-block-list\"><p><\/p>\n<li><strong>Europe Ecologie &#8211; Les Verts (EELV)<\/strong> : Les \u00e9cologistes ont cr\u00e9\u00e9 la surprise en gagnant onze d\u00e9put\u00e9\u00b7e\u00b7s avec leurs 13% des suffrages. Les \u00e9lections europ\u00e9ennes sont pour eux le scrutin qui leur est le plus favorable. Ils sont pro-europ\u00e9en\u00b7es et ne remettent pas en cause les trait\u00e9s. Ils font partie du groupe \u00ab&nbsp;Les Verts &#8211; Alliance libre europ\u00e9enne&nbsp;\u00bb.&nbsp;<\/li>\n<p><\/p><\/ul>\n<p><\/p>\n<ul class=\"wp-block-list\"><p><\/p>\n<li><strong>Les R\u00e9publicains (LR)<\/strong> : Avec 8,5% et huit d\u00e9put\u00e9\u00b7e\u00b7s, Les R\u00e9publicains ont connu leur plus petit score \u00e9lectoral aux \u00e9lections europ\u00e9ennes en 2019. Ils sont dans l\u2019alliance du Parti populaire europ\u00e9en.<\/li>\n<p><\/p><\/ul>\n<p><\/p>\n<ul class=\"wp-block-list\"><p><\/p>\n<li><strong>La France insoumise (LFI)<\/strong> : Les six eurod\u00e9put\u00e9\u00b7e\u00b7s de LFI si\u00e8gent dans le Groupe de la gauche. Il s\u2019oppose fermement aux trait\u00e9s europ\u00e9ens actuels qu\u2019il accuse d\u2019alimenter le <em>dumping<\/em> social et fiscal.&nbsp;<\/li>\n<p><\/p><\/ul>\n<p><\/p>\n<ul class=\"wp-block-list\"><p><\/p>\n<li><strong>Le Parti socialiste (PS)<\/strong> : Pro-europ\u00e9ens, les six d\u00e9put\u00e9\u00b7e\u00b7s du PS sont alli\u00e9\u00b7e\u00b7s avec tous les autres membres des partis socialistes europ\u00e9ens dans le groupe \u00ab&nbsp;Alliance progressiste&nbsp;\u00bb.&nbsp;<\/li>\n<p><\/p><\/ul>\n<p><\/p>\n<p>Les \u00e9lections de juin 2024 pourraient bien red\u00e9finir les tendances fran\u00e7aises au sein de l\u2019UE. Reconqu\u00eate, le parti d\u2019\u00c9ric Zemmour qui veut faire de ces \u00e9lections un \u00ab&nbsp;r\u00e9f\u00e9rendum sur l\u2019immigration&nbsp;\u00bb, compte bien imposer ses sujets pour remporter quelques si\u00e8ges. Il se peut aussi que la confiance grandissante des Fran\u00e7ais envers Marine Le Pen se traduise par un r\u00e9sultat historiquement haut pour le RN. \u00c0 gauche, puisque les partis ne parviennent pas \u00e0 s\u2019unir, les voix de leur \u00e9lectorat seront une nouvelle fois divis\u00e9es &nbsp; \u2014 ce qui pourrait emp\u00eacher des partis d\u2019atteindre le seuil des 5%. Concernant le parti d\u2019Emmanuel Macron, la crise sociale suite \u00e0 la r\u00e9forme des retraites pourrait lui faire perdre un certain nombre d\u2019\u00e9lu\u00b7e\u00b7s.<\/p>\n<p><\/p>\t\t\t\t\t\t\t\t<\/div>\n\t\t\t\t<\/div>\n\t\t\t\t\t<\/div>\n\t\t\t\t<\/div>\n\t\t\t\t<\/div>\n\t\t","protected":false},"excerpt":{"rendered":"<p>Le 9 juin 2024, tous les citoyen\u00b7ne\u00b7s de l\u2019Union Europ\u00e9enne sont appel\u00e9s aux urnes pour \u00e9lire leurs d\u00e9put\u00e9\u00b7e\u00b7s europ\u00e9en\u00b7ne\u00b7s. Mais ces \u00e9lections ont un fonctionnement bien particulier et des enjeux parfois complexes \u00e0 saisir.\u00a0<\/p>\n","protected":false},"author":1,"featured_media":1804,"comment_status":"close","ping_status":"close","sticky":false,"template":"","format":"standard","meta":{"_FSMCFIC_featured_image_caption":"","_FSMCFIC_featured_image_nocaption":"","_FSMCFIC_featured_image_hide":"","footnotes":""},"categories":[19,6],"tags":[],"class_list":["post-151","post","type-post","status-publish","format-standard","has-post-thumbnail","hentry","category-edition-2024","category-politique"],"yoast_head":"<!-- This site is optimized with the Yoast SEO plugin v24.2 - https:\/\/yoast.com\/wordpress\/plugins\/seo\/ -->\n<title>Tout comprendre des \u00e9lections europ\u00e9ennes - Black Sheep<\/title>\n<meta name=\"robots\" content=\"index, follow, max-snippet:-1, max-image-preview:large, max-video-preview:-1\" \/>\n<link rel=\"canonical\" href=\"https:\/\/master-crdm.parisnanterre.fr\/blacksheep\/tout-comprendre-des-elections-europeennes\/\" \/>\n<meta property=\"og:locale\" content=\"fr_FR\" \/>\n<meta property=\"og:type\" content=\"article\" \/>\n<meta property=\"og:title\" content=\"Tout comprendre des \u00e9lections europ\u00e9ennes - Black Sheep\" \/>\n<meta property=\"og:description\" content=\"Le 9 juin 2024, tous les citoyen\u00b7ne\u00b7s de l\u2019Union Europ\u00e9enne sont appel\u00e9s aux urnes pour \u00e9lire leurs d\u00e9put\u00e9\u00b7e\u00b7s europ\u00e9en\u00b7ne\u00b7s. Mais ces \u00e9lections ont un fonctionnement bien particulier et des enjeux parfois complexes \u00e0 saisir.\u00a0\" \/>\n<meta property=\"og:url\" content=\"https:\/\/master-crdm.parisnanterre.fr\/blacksheep\/tout-comprendre-des-elections-europeennes\/\" \/>\n<meta property=\"og:site_name\" content=\"Black Sheep\" \/>\n<meta property=\"article:published_time\" content=\"2023-12-12T13:37:18+00:00\" \/>\n<meta property=\"article:modified_time\" content=\"2025-02-11T09:57:54+00:00\" \/>\n<meta property=\"og:image\" content=\"https:\/\/master-crdm.parisnanterre.fr\/blacksheep\/wp-content\/uploads\/2023\/12\/pexels-jonas-horsch-102497290-11682403-scaled.jpg\" \/>\n\t<meta property=\"og:image:width\" content=\"2560\" \/>\n\t<meta property=\"og:image:height\" content=\"1707\" \/>\n\t<meta property=\"og:image:type\" content=\"image\/jpeg\" \/>\n<meta name=\"author\" content=\"admin\" \/>\n<meta name=\"twitter:card\" content=\"summary_large_image\" \/>\n<meta name=\"twitter:label1\" content=\"\u00c9crit par\" \/>\n\t<meta name=\"twitter:data1\" content=\"admin\" \/>\n\t<meta name=\"twitter:label2\" content=\"Dur\u00e9e de lecture estim\u00e9e\" \/>\n\t<meta name=\"twitter:data2\" content=\"9 minutes\" \/>\n<script type=\"application\/ld+json\" class=\"yoast-schema-graph\">{\"@context\":\"https:\/\/schema.org\",\"@graph\":[{\"@type\":\"Article\",\"@id\":\"https:\/\/master-crdm.parisnanterre.fr\/blacksheep\/tout-comprendre-des-elections-europeennes\/#article\",\"isPartOf\":{\"@id\":\"https:\/\/master-crdm.parisnanterre.fr\/blacksheep\/tout-comprendre-des-elections-europeennes\/\"},\"author\":{\"name\":\"admin\",\"@id\":\"https:\/\/master-crdm.parisnanterre.fr\/blacksheep\/#\/schema\/person\/3189ed5e30fe5360b9ddeb376e9a9a7c\"},\"headline\":\"Tout comprendre des \u00e9lections europ\u00e9ennes\",\"datePublished\":\"2023-12-12T13:37:18+00:00\",\"dateModified\":\"2025-02-11T09:57:54+00:00\",\"mainEntityOfPage\":{\"@id\":\"https:\/\/master-crdm.parisnanterre.fr\/blacksheep\/tout-comprendre-des-elections-europeennes\/\"},\"wordCount\":1789,\"publisher\":{\"@id\":\"https:\/\/master-crdm.parisnanterre.fr\/blacksheep\/#organization\"},\"image\":{\"@id\":\"https:\/\/master-crdm.parisnanterre.fr\/blacksheep\/tout-comprendre-des-elections-europeennes\/#primaryimage\"},\"thumbnailUrl\":\"https:\/\/master-crdm.parisnanterre.fr\/blacksheep\/wp-content\/uploads\/2023\/12\/pexels-jonas-horsch-102497290-11682403-scaled.jpg\",\"articleSection\":[\"\u00c9dition 2024\",\"Politique\"],\"inLanguage\":\"fr-FR\"},{\"@type\":\"WebPage\",\"@id\":\"https:\/\/master-crdm.parisnanterre.fr\/blacksheep\/tout-comprendre-des-elections-europeennes\/\",\"url\":\"https:\/\/master-crdm.parisnanterre.fr\/blacksheep\/tout-comprendre-des-elections-europeennes\/\",\"name\":\"Tout comprendre des \u00e9lections europ\u00e9ennes - Black Sheep\",\"isPartOf\":{\"@id\":\"https:\/\/master-crdm.parisnanterre.fr\/blacksheep\/#website\"},\"primaryImageOfPage\":{\"@id\":\"https:\/\/master-crdm.parisnanterre.fr\/blacksheep\/tout-comprendre-des-elections-europeennes\/#primaryimage\"},\"image\":{\"@id\":\"https:\/\/master-crdm.parisnanterre.fr\/blacksheep\/tout-comprendre-des-elections-europeennes\/#primaryimage\"},\"thumbnailUrl\":\"https:\/\/master-crdm.parisnanterre.fr\/blacksheep\/wp-content\/uploads\/2023\/12\/pexels-jonas-horsch-102497290-11682403-scaled.jpg\",\"datePublished\":\"2023-12-12T13:37:18+00:00\",\"dateModified\":\"2025-02-11T09:57:54+00:00\",\"breadcrumb\":{\"@id\":\"https:\/\/master-crdm.parisnanterre.fr\/blacksheep\/tout-comprendre-des-elections-europeennes\/#breadcrumb\"},\"inLanguage\":\"fr-FR\",\"potentialAction\":[{\"@type\":\"ReadAction\",\"target\":[\"https:\/\/master-crdm.parisnanterre.fr\/blacksheep\/tout-comprendre-des-elections-europeennes\/\"]}]},{\"@type\":\"ImageObject\",\"inLanguage\":\"fr-FR\",\"@id\":\"https:\/\/master-crdm.parisnanterre.fr\/blacksheep\/tout-comprendre-des-elections-europeennes\/#primaryimage\",\"url\":\"https:\/\/master-crdm.parisnanterre.fr\/blacksheep\/wp-content\/uploads\/2023\/12\/pexels-jonas-horsch-102497290-11682403-scaled.jpg\",\"contentUrl\":\"https:\/\/master-crdm.parisnanterre.fr\/blacksheep\/wp-content\/uploads\/2023\/12\/pexels-jonas-horsch-102497290-11682403-scaled.jpg\",\"width\":2560,\"height\":1707,\"caption\":\"Parlement europ\u00e9en I Pexels\"},{\"@type\":\"BreadcrumbList\",\"@id\":\"https:\/\/master-crdm.parisnanterre.fr\/blacksheep\/tout-comprendre-des-elections-europeennes\/#breadcrumb\",\"itemListElement\":[{\"@type\":\"ListItem\",\"position\":1,\"name\":\"Home\",\"item\":\"https:\/\/master-crdm.parisnanterre.fr\/blacksheep\/\"},{\"@type\":\"ListItem\",\"position\":2,\"name\":\"Tout comprendre des \u00e9lections europ\u00e9ennes\"}]},{\"@type\":\"WebSite\",\"@id\":\"https:\/\/master-crdm.parisnanterre.fr\/blacksheep\/#website\",\"url\":\"https:\/\/master-crdm.parisnanterre.fr\/blacksheep\/\",\"name\":\"Black Sheep\",\"description\":\"Le magazine du master CRDM\",\"publisher\":{\"@id\":\"https:\/\/master-crdm.parisnanterre.fr\/blacksheep\/#organization\"},\"potentialAction\":[{\"@type\":\"SearchAction\",\"target\":{\"@type\":\"EntryPoint\",\"urlTemplate\":\"https:\/\/master-crdm.parisnanterre.fr\/blacksheep\/?s={search_term_string}\"},\"query-input\":{\"@type\":\"PropertyValueSpecification\",\"valueRequired\":true,\"valueName\":\"search_term_string\"}}],\"inLanguage\":\"fr-FR\"},{\"@type\":\"Organization\",\"@id\":\"https:\/\/master-crdm.parisnanterre.fr\/blacksheep\/#organization\",\"name\":\"Black Sheep\",\"url\":\"https:\/\/master-crdm.parisnanterre.fr\/blacksheep\/\",\"logo\":{\"@type\":\"ImageObject\",\"inLanguage\":\"fr-FR\",\"@id\":\"https:\/\/master-crdm.parisnanterre.fr\/blacksheep\/#\/schema\/logo\/image\/\",\"url\":\"https:\/\/master-crdm.parisnanterre.fr\/blacksheep\/wp-content\/uploads\/2024\/01\/LOGO-BLACK-RECTANGLE.png\",\"contentUrl\":\"https:\/\/master-crdm.parisnanterre.fr\/blacksheep\/wp-content\/uploads\/2024\/01\/LOGO-BLACK-RECTANGLE.png\",\"width\":500,\"height\":330,\"caption\":\"Black Sheep\"},\"image\":{\"@id\":\"https:\/\/master-crdm.parisnanterre.fr\/blacksheep\/#\/schema\/logo\/image\/\"}},{\"@type\":\"Person\",\"@id\":\"https:\/\/master-crdm.parisnanterre.fr\/blacksheep\/#\/schema\/person\/3189ed5e30fe5360b9ddeb376e9a9a7c\",\"name\":\"admin\",\"image\":{\"@type\":\"ImageObject\",\"inLanguage\":\"fr-FR\",\"@id\":\"https:\/\/master-crdm.parisnanterre.fr\/blacksheep\/#\/schema\/person\/image\/\",\"url\":\"https:\/\/secure.gravatar.com\/avatar\/ab8f82dacd8bba1f875d2011ca6a63d98b4ad19e0867b6d090eec117e22bf79d?s=96&d=mm&r=g\",\"contentUrl\":\"https:\/\/secure.gravatar.com\/avatar\/ab8f82dacd8bba1f875d2011ca6a63d98b4ad19e0867b6d090eec117e22bf79d?s=96&d=mm&r=g\",\"caption\":\"admin\"},\"sameAs\":[\"https:\/\/master-crdm.parisnanterre.fr\/blacksheep\"],\"url\":\"https:\/\/master-crdm.parisnanterre.fr\/blacksheep\/author\/martasevero\/\"}]}<\/script>\n<!-- \/ Yoast SEO plugin. -->","yoast_head_json":{"title":"Tout comprendre des \u00e9lections europ\u00e9ennes - Black Sheep","robots":{"index":"index","follow":"follow","max-snippet":"max-snippet:-1","max-image-preview":"max-image-preview:large","max-video-preview":"max-video-preview:-1"},"canonical":"https:\/\/master-crdm.parisnanterre.fr\/blacksheep\/tout-comprendre-des-elections-europeennes\/","og_locale":"fr_FR","og_type":"article","og_title":"Tout comprendre des \u00e9lections europ\u00e9ennes - Black Sheep","og_description":"Le 9 juin 2024, tous les citoyen\u00b7ne\u00b7s de l\u2019Union Europ\u00e9enne sont appel\u00e9s aux urnes pour \u00e9lire leurs d\u00e9put\u00e9\u00b7e\u00b7s europ\u00e9en\u00b7ne\u00b7s. Mais ces \u00e9lections ont un fonctionnement bien particulier et des enjeux parfois complexes \u00e0 saisir.\u00a0","og_url":"https:\/\/master-crdm.parisnanterre.fr\/blacksheep\/tout-comprendre-des-elections-europeennes\/","og_site_name":"Black Sheep","article_published_time":"2023-12-12T13:37:18+00:00","article_modified_time":"2025-02-11T09:57:54+00:00","og_image":[{"width":2560,"height":1707,"url":"https:\/\/master-crdm.parisnanterre.fr\/blacksheep\/wp-content\/uploads\/2023\/12\/pexels-jonas-horsch-102497290-11682403-scaled.jpg","type":"image\/jpeg"}],"author":"admin","twitter_card":"summary_large_image","twitter_misc":{"\u00c9crit par":"admin","Dur\u00e9e de lecture estim\u00e9e":"9 minutes"},"schema":{"@context":"https:\/\/schema.org","@graph":[{"@type":"Article","@id":"https:\/\/master-crdm.parisnanterre.fr\/blacksheep\/tout-comprendre-des-elections-europeennes\/#article","isPartOf":{"@id":"https:\/\/master-crdm.parisnanterre.fr\/blacksheep\/tout-comprendre-des-elections-europeennes\/"},"author":{"name":"admin","@id":"https:\/\/master-crdm.parisnanterre.fr\/blacksheep\/#\/schema\/person\/3189ed5e30fe5360b9ddeb376e9a9a7c"},"headline":"Tout comprendre des \u00e9lections europ\u00e9ennes","datePublished":"2023-12-12T13:37:18+00:00","dateModified":"2025-02-11T09:57:54+00:00","mainEntityOfPage":{"@id":"https:\/\/master-crdm.parisnanterre.fr\/blacksheep\/tout-comprendre-des-elections-europeennes\/"},"wordCount":1789,"publisher":{"@id":"https:\/\/master-crdm.parisnanterre.fr\/blacksheep\/#organization"},"image":{"@id":"https:\/\/master-crdm.parisnanterre.fr\/blacksheep\/tout-comprendre-des-elections-europeennes\/#primaryimage"},"thumbnailUrl":"https:\/\/master-crdm.parisnanterre.fr\/blacksheep\/wp-content\/uploads\/2023\/12\/pexels-jonas-horsch-102497290-11682403-scaled.jpg","articleSection":["\u00c9dition 2024","Politique"],"inLanguage":"fr-FR"},{"@type":"WebPage","@id":"https:\/\/master-crdm.parisnanterre.fr\/blacksheep\/tout-comprendre-des-elections-europeennes\/","url":"https:\/\/master-crdm.parisnanterre.fr\/blacksheep\/tout-comprendre-des-elections-europeennes\/","name":"Tout comprendre des \u00e9lections europ\u00e9ennes - Black Sheep","isPartOf":{"@id":"https:\/\/master-crdm.parisnanterre.fr\/blacksheep\/#website"},"primaryImageOfPage":{"@id":"https:\/\/master-crdm.parisnanterre.fr\/blacksheep\/tout-comprendre-des-elections-europeennes\/#primaryimage"},"image":{"@id":"https:\/\/master-crdm.parisnanterre.fr\/blacksheep\/tout-comprendre-des-elections-europeennes\/#primaryimage"},"thumbnailUrl":"https:\/\/master-crdm.parisnanterre.fr\/blacksheep\/wp-content\/uploads\/2023\/12\/pexels-jonas-horsch-102497290-11682403-scaled.jpg","datePublished":"2023-12-12T13:37:18+00:00","dateModified":"2025-02-11T09:57:54+00:00","breadcrumb":{"@id":"https:\/\/master-crdm.parisnanterre.fr\/blacksheep\/tout-comprendre-des-elections-europeennes\/#breadcrumb"},"inLanguage":"fr-FR","potentialAction":[{"@type":"ReadAction","target":["https:\/\/master-crdm.parisnanterre.fr\/blacksheep\/tout-comprendre-des-elections-europeennes\/"]}]},{"@type":"ImageObject","inLanguage":"fr-FR","@id":"https:\/\/master-crdm.parisnanterre.fr\/blacksheep\/tout-comprendre-des-elections-europeennes\/#primaryimage","url":"https:\/\/master-crdm.parisnanterre.fr\/blacksheep\/wp-content\/uploads\/2023\/12\/pexels-jonas-horsch-102497290-11682403-scaled.jpg","contentUrl":"https:\/\/master-crdm.parisnanterre.fr\/blacksheep\/wp-content\/uploads\/2023\/12\/pexels-jonas-horsch-102497290-11682403-scaled.jpg","width":2560,"height":1707,"caption":"Parlement europ\u00e9en I Pexels"},{"@type":"BreadcrumbList","@id":"https:\/\/master-crdm.parisnanterre.fr\/blacksheep\/tout-comprendre-des-elections-europeennes\/#breadcrumb","itemListElement":[{"@type":"ListItem","position":1,"name":"Home","item":"https:\/\/master-crdm.parisnanterre.fr\/blacksheep\/"},{"@type":"ListItem","position":2,"name":"Tout comprendre des \u00e9lections europ\u00e9ennes"}]},{"@type":"WebSite","@id":"https:\/\/master-crdm.parisnanterre.fr\/blacksheep\/#website","url":"https:\/\/master-crdm.parisnanterre.fr\/blacksheep\/","name":"Black Sheep","description":"Le magazine du master CRDM","publisher":{"@id":"https:\/\/master-crdm.parisnanterre.fr\/blacksheep\/#organization"},"potentialAction":[{"@type":"SearchAction","target":{"@type":"EntryPoint","urlTemplate":"https:\/\/master-crdm.parisnanterre.fr\/blacksheep\/?s={search_term_string}"},"query-input":{"@type":"PropertyValueSpecification","valueRequired":true,"valueName":"search_term_string"}}],"inLanguage":"fr-FR"},{"@type":"Organization","@id":"https:\/\/master-crdm.parisnanterre.fr\/blacksheep\/#organization","name":"Black Sheep","url":"https:\/\/master-crdm.parisnanterre.fr\/blacksheep\/","logo":{"@type":"ImageObject","inLanguage":"fr-FR","@id":"https:\/\/master-crdm.parisnanterre.fr\/blacksheep\/#\/schema\/logo\/image\/","url":"https:\/\/master-crdm.parisnanterre.fr\/blacksheep\/wp-content\/uploads\/2024\/01\/LOGO-BLACK-RECTANGLE.png","contentUrl":"https:\/\/master-crdm.parisnanterre.fr\/blacksheep\/wp-content\/uploads\/2024\/01\/LOGO-BLACK-RECTANGLE.png","width":500,"height":330,"caption":"Black Sheep"},"image":{"@id":"https:\/\/master-crdm.parisnanterre.fr\/blacksheep\/#\/schema\/logo\/image\/"}},{"@type":"Person","@id":"https:\/\/master-crdm.parisnanterre.fr\/blacksheep\/#\/schema\/person\/3189ed5e30fe5360b9ddeb376e9a9a7c","name":"admin","image":{"@type":"ImageObject","inLanguage":"fr-FR","@id":"https:\/\/master-crdm.parisnanterre.fr\/blacksheep\/#\/schema\/person\/image\/","url":"https:\/\/secure.gravatar.com\/avatar\/ab8f82dacd8bba1f875d2011ca6a63d98b4ad19e0867b6d090eec117e22bf79d?s=96&d=mm&r=g","contentUrl":"https:\/\/secure.gravatar.com\/avatar\/ab8f82dacd8bba1f875d2011ca6a63d98b4ad19e0867b6d090eec117e22bf79d?s=96&d=mm&r=g","caption":"admin"},"sameAs":["https:\/\/master-crdm.parisnanterre.fr\/blacksheep"],"url":"https:\/\/master-crdm.parisnanterre.fr\/blacksheep\/author\/martasevero\/"}]}},"_links":{"self":[{"href":"https:\/\/master-crdm.parisnanterre.fr\/blacksheep\/wp-json\/wp\/v2\/posts\/151","targetHints":{"allow":["GET"]}}],"collection":[{"href":"https:\/\/master-crdm.parisnanterre.fr\/blacksheep\/wp-json\/wp\/v2\/posts"}],"about":[{"href":"https:\/\/master-crdm.parisnanterre.fr\/blacksheep\/wp-json\/wp\/v2\/types\/post"}],"author":[{"embeddable":true,"href":"https:\/\/master-crdm.parisnanterre.fr\/blacksheep\/wp-json\/wp\/v2\/users\/1"}],"replies":[{"embeddable":true,"href":"https:\/\/master-crdm.parisnanterre.fr\/blacksheep\/wp-json\/wp\/v2\/comments?post=151"}],"version-history":[{"count":7,"href":"https:\/\/master-crdm.parisnanterre.fr\/blacksheep\/wp-json\/wp\/v2\/posts\/151\/revisions"}],"predecessor-version":[{"id":1006,"href":"https:\/\/master-crdm.parisnanterre.fr\/blacksheep\/wp-json\/wp\/v2\/posts\/151\/revisions\/1006"}],"wp:featuredmedia":[{"embeddable":true,"href":"https:\/\/master-crdm.parisnanterre.fr\/blacksheep\/wp-json\/wp\/v2\/media\/1804"}],"wp:attachment":[{"href":"https:\/\/master-crdm.parisnanterre.fr\/blacksheep\/wp-json\/wp\/v2\/media?parent=151"}],"wp:term":[{"taxonomy":"category","embeddable":true,"href":"https:\/\/master-crdm.parisnanterre.fr\/blacksheep\/wp-json\/wp\/v2\/categories?post=151"},{"taxonomy":"post_tag","embeddable":true,"href":"https:\/\/master-crdm.parisnanterre.fr\/blacksheep\/wp-json\/wp\/v2\/tags?post=151"}],"curies":[{"name":"wp","href":"https:\/\/api.w.org\/{rel}","templated":true}]}}