{"id":1163,"date":"2025-01-27T11:07:31","date_gmt":"2025-01-27T10:07:31","guid":{"rendered":"https:\/\/master-crdm.parisnanterre.fr\/blacksheep\/?p=1163"},"modified":"2025-02-10T10:22:15","modified_gmt":"2025-02-10T09:22:15","slug":"rachat-de-lesj-vers-la-mort-du-journalisme","status":"publish","type":"post","link":"https:\/\/master-crdm.parisnanterre.fr\/blacksheep\/rachat-de-lesj-vers-la-mort-du-journalisme\/","title":{"rendered":"Rachat de l\u2019ESJ : vers la mort du journalisme ?"},"content":{"rendered":"\t\t<div data-elementor-type=\"wp-post\" data-elementor-id=\"1163\" class=\"elementor elementor-1163\">\n\t\t\t\t<div class=\"elementor-element elementor-element-33ace5e4 e-flex e-con-boxed e-con e-parent\" data-id=\"33ace5e4\" data-element_type=\"container\" data-e-type=\"container\">\n\t\t\t\t\t<div class=\"e-con-inner\">\n\t\t\t\t<div class=\"elementor-element elementor-element-bf21cdf elementor-widget elementor-widget-text-editor\" data-id=\"bf21cdf\" data-element_type=\"widget\" data-e-type=\"widget\" data-widget_type=\"text-editor.default\">\n\t\t\t\t<div class=\"elementor-widget-container\">\n\t\t\t\t\t\t\t\t\t<p class=\"has-text-align-right\">Par L\u00e9onore Choulet<\/p>\n<p><!-- \/wp:paragraph --><!-- wp:image --><\/p>\n<figure class=\"wp-block-image\"><img decoding=\"async\" src=\"https:\/\/lh7-rt.googleusercontent.com\/docsz\/AD_4nXdCfBf9szfz5bBob_S8lhD9IPaqkwqk4U3gm_U2yKUjeoafdDq1miRRghIDDyk1cF25-y32USz0ofA6M4EqRPDXG2NRzQwXLUVraK0PNobYC_PSHHQeIQ81i8XI0TRgrVMjQAgozw?key=wYPrcsngAd9FKx_tAYWk95IY\" alt=\"\"><p><\/p>\n<figcaption class=\"wp-element-caption\"><strong>\u00a9 CHATGPT &#8211; image d\u2019une machine \u00e0 \u00e9crire<\/strong><\/figcaption>\n<\/figure>\n<p><!-- \/wp:image --><!-- wp:heading --><\/p>\n<h2 class=\"wp-block-heading\"><strong>Chers lecteurs, profitez de ces derniers instants d\u2019objectivit\u00e9.<\/strong><\/h2>\n<p><!-- \/wp:heading --><!-- wp:paragraph --><\/p>\n<p>C\u2019est officiel, le journalisme encourt un grand danger. Consid\u00e9r\u00e9e comme un pilier de la d\u00e9mocratie, cette institution se voit heurt\u00e9e en son c\u0153ur.<\/p>\n<p><!-- \/wp:paragraph --><!-- wp:paragraph --><\/p>\n<p>En novembre 2024, un groupe d\u2019investisseurs conservateurs rach\u00e8te l\u2019Ecole Sup\u00e9rieur de Journalisme (ESJ). Parmi eux figurent quelques noms particuli\u00e8rement influents tels que Vincent Bollor\u00e9 ou Arnault Lagard\u00e8re.<\/p>\n<p><!-- \/wp:paragraph --><!-- wp:paragraph --><\/p>\n<p>Si l\u2019objectivit\u00e9 absolue n\u2019existe pas, le journaliste doit y tendre le plus possible. Certains facteurs ne peuvent \u00eatre ignor\u00e9s : le besoin de produire des informations en conformit\u00e9 avec une r\u00e9daction, la n\u00e9cessit\u00e9 de conserver des sources, quitte \u00e0 m\u00e9nager ces derni\u00e8res\u2026 En 2019, des sociologues comme Erik Neveu tiraient d\u00e9j\u00e0 la sonnette d\u2019alarme sur ces questions. Il \u00e9voquait une \u00ab mauvaise \u00bb fabrique de l\u2019information.<\/p>\n<p><!-- \/wp:paragraph --><!-- wp:paragraph --><\/p>\n<p>Pour les m\u00eames raisons, nombreux s\u2019affolent depuis plusieurs ann\u00e9es face aux ph\u00e9nom\u00e8nes de concentration m\u00e9diatique. Si la d\u00e9mocratie repose sur une bonne information des citoyens qui elle-m\u00eame passe par la pluralit\u00e9 des m\u00e9dias et des sources, comment peut-elle survivre \u00e0 la strat\u00e9gie des oligarques ?<\/p>\n<p><!-- \/wp:paragraph --><!-- wp:paragraph --><\/p>\n<p>Leurs poches d\u00e9bordent d\u2019argent et quelques billets tombent sur les m\u00e9dias qu\u2019ils ach\u00e8tent. Ils b\u00e2tissent des empires et d\u00e9tiennent dans une seule main les divers canaux d\u2019information. La silhouette de Vincent Bollor\u00e9 se d\u00e9coupe derri\u00e8re les enseignes de CNEWS, Canal +, C8, Hachette et CNEWS tandis que celle de Lagard\u00e8re surplombe Europe 1, Paris Match, RFM, Gulli\u2026 Les alliances entre oligarques se multiplient, comme le prouve le rachat en avril 2020 du groupe Lagard\u00e8re par Vincent Bollor\u00e9.&nbsp;<\/p>\n<p><!-- \/wp:paragraph --><!-- wp:paragraph --><\/p>\n<p>Ainsi, les journalistes semblent condamn\u00e9s \u00e0 se retrouver men\u00e9s par la main de fer des grands pontes. L\u2019information d&rsquo;aujourd&rsquo;hui se voit menac\u00e9e. Mais que peut-on esp\u00e9rer pour celle de demain quand la plus ancienne \u00e9cole de journalisme de Paris, la respect\u00e9e ESJ, vient d\u2019\u00eatre rachet\u00e9e par un groupe extr\u00eamement puissant ? \u00c0 quoi ressembleront les futurs journalistes, form\u00e9s par des oligarques dont la seule volont\u00e9 est de r\u00e9pandre un maximum leurs id\u00e9aux en concentrant le plus de m\u00e9dias sous leur main ?<\/p>\n<p><!-- \/wp:paragraph --><!-- wp:paragraph --><\/p>\n<p>Aux Etats-Unis, Donald Trump est \u00e0 nouveau pr\u00e9sident de la R\u00e9publique, accoud\u00e9e par l\u2019oligarque Elon Musk qui assume clairement son accointance avec l\u2019extr\u00eame-droite, allant jusqu\u2019\u00e0 effectuer deux saluts nazis \u00e0 la t\u00e9l\u00e9vision. <a href=\"https:\/\/master-crdm.parisnanterre.fr\/blacksheep\/giorgia-meloni-et-le-postfascisme-italien-un-an-apres-lelection\/\">Partout dans le monde, le fascisme monte<\/a>, confort\u00e9 par les m\u00e9dias et l\u2019angle qu\u2019ils accordent aux sujets qu\u2019ils traitent.<\/p>\n<p><!-- \/wp:paragraph --><!-- wp:paragraph --><\/p>\n<p>Aujourd\u2019hui d\u00e9j\u00e0, l\u2019extr\u00eame droite gagne de l\u2019ampleur. Que dira-t-on demain d\u2019une soci\u00e9t\u00e9 inform\u00e9e par des journalistes \u00e9duqu\u00e9s par cette derni\u00e8re ?<\/p>\n<p><!-- \/wp:paragraph --><\/p>\t\t\t\t\t\t\t\t<\/div>\n\t\t\t\t<\/div>\n\t\t\t\t\t<\/div>\n\t\t\t\t<\/div>\n\t\t\t\t<\/div>\n\t\t","protected":false},"excerpt":{"rendered":"<p>Par L\u00e9onore Choulet \u00a9 CHATGPT &#8211; image d\u2019une machine \u00e0 \u00e9crire Chers lecteurs, profitez de ces derniers instants d\u2019objectivit\u00e9. C\u2019est officiel, le journalisme encourt un grand danger. Consid\u00e9r\u00e9e comme un pilier de la d\u00e9mocratie, cette institution se voit heurt\u00e9e en son c\u0153ur. En novembre 2024, un groupe d\u2019investisseurs conservateurs rach\u00e8te l\u2019Ecole Sup\u00e9rieur de Journalisme (ESJ). [&hellip;]<\/p>\n","protected":false},"author":8,"featured_media":1268,"comment_status":"close","ping_status":"closed","sticky":false,"template":"","format":"standard","meta":{"_FSMCFIC_featured_image_caption":"","_FSMCFIC_featured_image_nocaption":"","_FSMCFIC_featured_image_hide":"","footnotes":""},"categories":[23,20],"tags":[],"class_list":["post-1163","post","type-post","status-publish","format-standard","has-post-thumbnail","hentry","category-edition-2025","category-medias"],"yoast_head":"<!-- This site is optimized with the Yoast SEO plugin v24.2 - https:\/\/yoast.com\/wordpress\/plugins\/seo\/ -->\n<title>Rachat de l\u2019ESJ : vers la mort du journalisme ? - Black Sheep<\/title>\n<meta name=\"robots\" content=\"index, follow, max-snippet:-1, max-image-preview:large, max-video-preview:-1\" \/>\n<link rel=\"canonical\" href=\"https:\/\/master-crdm.parisnanterre.fr\/blacksheep\/rachat-de-lesj-vers-la-mort-du-journalisme\/\" \/>\n<meta property=\"og:locale\" content=\"fr_FR\" \/>\n<meta property=\"og:type\" content=\"article\" \/>\n<meta property=\"og:title\" content=\"Rachat de l\u2019ESJ : vers la mort du journalisme ? - Black Sheep\" \/>\n<meta property=\"og:description\" content=\"Par L\u00e9onore Choulet \u00a9 CHATGPT &#8211; image d\u2019une machine \u00e0 \u00e9crire Chers lecteurs, profitez de ces derniers instants d\u2019objectivit\u00e9. C\u2019est officiel, le journalisme encourt un grand danger. Consid\u00e9r\u00e9e comme un pilier de la d\u00e9mocratie, cette institution se voit heurt\u00e9e en son c\u0153ur. En novembre 2024, un groupe d\u2019investisseurs conservateurs rach\u00e8te l\u2019Ecole Sup\u00e9rieur de Journalisme (ESJ). [&hellip;]\" \/>\n<meta property=\"og:url\" content=\"https:\/\/master-crdm.parisnanterre.fr\/blacksheep\/rachat-de-lesj-vers-la-mort-du-journalisme\/\" \/>\n<meta property=\"og:site_name\" content=\"Black Sheep\" \/>\n<meta property=\"article:published_time\" content=\"2025-01-27T10:07:31+00:00\" \/>\n<meta property=\"article:modified_time\" content=\"2025-02-10T09:22:15+00:00\" \/>\n<meta property=\"og:image\" content=\"https:\/\/master-crdm.parisnanterre.fr\/blacksheep\/wp-content\/uploads\/2025\/01\/pexels-karolina-grabowska-5993623-scaled.jpg\" \/>\n\t<meta property=\"og:image:width\" content=\"2560\" \/>\n\t<meta property=\"og:image:height\" content=\"1707\" \/>\n\t<meta property=\"og:image:type\" content=\"image\/jpeg\" \/>\n<meta name=\"author\" content=\"Ivanha AIT GOUGAN\" \/>\n<meta name=\"twitter:card\" content=\"summary_large_image\" \/>\n<meta name=\"twitter:label1\" content=\"\u00c9crit par\" \/>\n\t<meta name=\"twitter:data1\" content=\"Ivanha AIT GOUGAN\" \/>\n\t<meta name=\"twitter:label2\" content=\"Dur\u00e9e de lecture estim\u00e9e\" \/>\n\t<meta name=\"twitter:data2\" content=\"3 minutes\" \/>\n<script type=\"application\/ld+json\" class=\"yoast-schema-graph\">{\"@context\":\"https:\/\/schema.org\",\"@graph\":[{\"@type\":\"Article\",\"@id\":\"https:\/\/master-crdm.parisnanterre.fr\/blacksheep\/rachat-de-lesj-vers-la-mort-du-journalisme\/#article\",\"isPartOf\":{\"@id\":\"https:\/\/master-crdm.parisnanterre.fr\/blacksheep\/rachat-de-lesj-vers-la-mort-du-journalisme\/\"},\"author\":{\"name\":\"Ivanha AIT GOUGAN\",\"@id\":\"https:\/\/master-crdm.parisnanterre.fr\/blacksheep\/#\/schema\/person\/5fa00def1070a27c834e3eb344009cf1\"},\"headline\":\"Rachat de l\u2019ESJ : vers la mort du journalisme ?\",\"datePublished\":\"2025-01-27T10:07:31+00:00\",\"dateModified\":\"2025-02-10T09:22:15+00:00\",\"mainEntityOfPage\":{\"@id\":\"https:\/\/master-crdm.parisnanterre.fr\/blacksheep\/rachat-de-lesj-vers-la-mort-du-journalisme\/\"},\"wordCount\":485,\"publisher\":{\"@id\":\"https:\/\/master-crdm.parisnanterre.fr\/blacksheep\/#organization\"},\"image\":{\"@id\":\"https:\/\/master-crdm.parisnanterre.fr\/blacksheep\/rachat-de-lesj-vers-la-mort-du-journalisme\/#primaryimage\"},\"thumbnailUrl\":\"https:\/\/master-crdm.parisnanterre.fr\/blacksheep\/wp-content\/uploads\/2025\/01\/pexels-karolina-grabowska-5993623-scaled.jpg\",\"articleSection\":[\"\u00c9dition 2025\",\"M\u00e9dias\"],\"inLanguage\":\"fr-FR\"},{\"@type\":\"WebPage\",\"@id\":\"https:\/\/master-crdm.parisnanterre.fr\/blacksheep\/rachat-de-lesj-vers-la-mort-du-journalisme\/\",\"url\":\"https:\/\/master-crdm.parisnanterre.fr\/blacksheep\/rachat-de-lesj-vers-la-mort-du-journalisme\/\",\"name\":\"Rachat de l\u2019ESJ : vers la mort du journalisme ? - Black Sheep\",\"isPartOf\":{\"@id\":\"https:\/\/master-crdm.parisnanterre.fr\/blacksheep\/#website\"},\"primaryImageOfPage\":{\"@id\":\"https:\/\/master-crdm.parisnanterre.fr\/blacksheep\/rachat-de-lesj-vers-la-mort-du-journalisme\/#primaryimage\"},\"image\":{\"@id\":\"https:\/\/master-crdm.parisnanterre.fr\/blacksheep\/rachat-de-lesj-vers-la-mort-du-journalisme\/#primaryimage\"},\"thumbnailUrl\":\"https:\/\/master-crdm.parisnanterre.fr\/blacksheep\/wp-content\/uploads\/2025\/01\/pexels-karolina-grabowska-5993623-scaled.jpg\",\"datePublished\":\"2025-01-27T10:07:31+00:00\",\"dateModified\":\"2025-02-10T09:22:15+00:00\",\"breadcrumb\":{\"@id\":\"https:\/\/master-crdm.parisnanterre.fr\/blacksheep\/rachat-de-lesj-vers-la-mort-du-journalisme\/#breadcrumb\"},\"inLanguage\":\"fr-FR\",\"potentialAction\":[{\"@type\":\"ReadAction\",\"target\":[\"https:\/\/master-crdm.parisnanterre.fr\/blacksheep\/rachat-de-lesj-vers-la-mort-du-journalisme\/\"]}]},{\"@type\":\"ImageObject\",\"inLanguage\":\"fr-FR\",\"@id\":\"https:\/\/master-crdm.parisnanterre.fr\/blacksheep\/rachat-de-lesj-vers-la-mort-du-journalisme\/#primaryimage\",\"url\":\"https:\/\/master-crdm.parisnanterre.fr\/blacksheep\/wp-content\/uploads\/2025\/01\/pexels-karolina-grabowska-5993623-scaled.jpg\",\"contentUrl\":\"https:\/\/master-crdm.parisnanterre.fr\/blacksheep\/wp-content\/uploads\/2025\/01\/pexels-karolina-grabowska-5993623-scaled.jpg\",\"width\":2560,\"height\":1707,\"caption\":\"\\\"No risk no story\\\" | Pexels\"},{\"@type\":\"BreadcrumbList\",\"@id\":\"https:\/\/master-crdm.parisnanterre.fr\/blacksheep\/rachat-de-lesj-vers-la-mort-du-journalisme\/#breadcrumb\",\"itemListElement\":[{\"@type\":\"ListItem\",\"position\":1,\"name\":\"Home\",\"item\":\"https:\/\/master-crdm.parisnanterre.fr\/blacksheep\/\"},{\"@type\":\"ListItem\",\"position\":2,\"name\":\"Rachat de l\u2019ESJ : vers la mort du journalisme ?\"}]},{\"@type\":\"WebSite\",\"@id\":\"https:\/\/master-crdm.parisnanterre.fr\/blacksheep\/#website\",\"url\":\"https:\/\/master-crdm.parisnanterre.fr\/blacksheep\/\",\"name\":\"Black Sheep\",\"description\":\"Le magazine du master CRDM\",\"publisher\":{\"@id\":\"https:\/\/master-crdm.parisnanterre.fr\/blacksheep\/#organization\"},\"potentialAction\":[{\"@type\":\"SearchAction\",\"target\":{\"@type\":\"EntryPoint\",\"urlTemplate\":\"https:\/\/master-crdm.parisnanterre.fr\/blacksheep\/?s={search_term_string}\"},\"query-input\":{\"@type\":\"PropertyValueSpecification\",\"valueRequired\":true,\"valueName\":\"search_term_string\"}}],\"inLanguage\":\"fr-FR\"},{\"@type\":\"Organization\",\"@id\":\"https:\/\/master-crdm.parisnanterre.fr\/blacksheep\/#organization\",\"name\":\"Black Sheep\",\"url\":\"https:\/\/master-crdm.parisnanterre.fr\/blacksheep\/\",\"logo\":{\"@type\":\"ImageObject\",\"inLanguage\":\"fr-FR\",\"@id\":\"https:\/\/master-crdm.parisnanterre.fr\/blacksheep\/#\/schema\/logo\/image\/\",\"url\":\"https:\/\/master-crdm.parisnanterre.fr\/blacksheep\/wp-content\/uploads\/2024\/01\/LOGO-BLACK-RECTANGLE.png\",\"contentUrl\":\"https:\/\/master-crdm.parisnanterre.fr\/blacksheep\/wp-content\/uploads\/2024\/01\/LOGO-BLACK-RECTANGLE.png\",\"width\":500,\"height\":330,\"caption\":\"Black Sheep\"},\"image\":{\"@id\":\"https:\/\/master-crdm.parisnanterre.fr\/blacksheep\/#\/schema\/logo\/image\/\"}},{\"@type\":\"Person\",\"@id\":\"https:\/\/master-crdm.parisnanterre.fr\/blacksheep\/#\/schema\/person\/5fa00def1070a27c834e3eb344009cf1\",\"name\":\"Ivanha AIT GOUGAN\",\"image\":{\"@type\":\"ImageObject\",\"inLanguage\":\"fr-FR\",\"@id\":\"https:\/\/master-crdm.parisnanterre.fr\/blacksheep\/#\/schema\/person\/image\/\",\"url\":\"https:\/\/secure.gravatar.com\/avatar\/c96d4fa07b65e7958d603acc7d6ea195f5348b7706724aade40260dafc06d10d?s=96&d=mm&r=g\",\"contentUrl\":\"https:\/\/secure.gravatar.com\/avatar\/c96d4fa07b65e7958d603acc7d6ea195f5348b7706724aade40260dafc06d10d?s=96&d=mm&r=g\",\"caption\":\"Ivanha AIT GOUGAN\"},\"url\":\"https:\/\/master-crdm.parisnanterre.fr\/blacksheep\/author\/ivanha\/\"}]}<\/script>\n<!-- \/ Yoast SEO plugin. -->","yoast_head_json":{"title":"Rachat de l\u2019ESJ : vers la mort du journalisme ? - Black Sheep","robots":{"index":"index","follow":"follow","max-snippet":"max-snippet:-1","max-image-preview":"max-image-preview:large","max-video-preview":"max-video-preview:-1"},"canonical":"https:\/\/master-crdm.parisnanterre.fr\/blacksheep\/rachat-de-lesj-vers-la-mort-du-journalisme\/","og_locale":"fr_FR","og_type":"article","og_title":"Rachat de l\u2019ESJ : vers la mort du journalisme ? - Black Sheep","og_description":"Par L\u00e9onore Choulet \u00a9 CHATGPT &#8211; image d\u2019une machine \u00e0 \u00e9crire Chers lecteurs, profitez de ces derniers instants d\u2019objectivit\u00e9. C\u2019est officiel, le journalisme encourt un grand danger. Consid\u00e9r\u00e9e comme un pilier de la d\u00e9mocratie, cette institution se voit heurt\u00e9e en son c\u0153ur. En novembre 2024, un groupe d\u2019investisseurs conservateurs rach\u00e8te l\u2019Ecole Sup\u00e9rieur de Journalisme (ESJ). [&hellip;]","og_url":"https:\/\/master-crdm.parisnanterre.fr\/blacksheep\/rachat-de-lesj-vers-la-mort-du-journalisme\/","og_site_name":"Black Sheep","article_published_time":"2025-01-27T10:07:31+00:00","article_modified_time":"2025-02-10T09:22:15+00:00","og_image":[{"width":2560,"height":1707,"url":"https:\/\/master-crdm.parisnanterre.fr\/blacksheep\/wp-content\/uploads\/2025\/01\/pexels-karolina-grabowska-5993623-scaled.jpg","type":"image\/jpeg"}],"author":"Ivanha AIT GOUGAN","twitter_card":"summary_large_image","twitter_misc":{"\u00c9crit par":"Ivanha AIT GOUGAN","Dur\u00e9e de lecture estim\u00e9e":"3 minutes"},"schema":{"@context":"https:\/\/schema.org","@graph":[{"@type":"Article","@id":"https:\/\/master-crdm.parisnanterre.fr\/blacksheep\/rachat-de-lesj-vers-la-mort-du-journalisme\/#article","isPartOf":{"@id":"https:\/\/master-crdm.parisnanterre.fr\/blacksheep\/rachat-de-lesj-vers-la-mort-du-journalisme\/"},"author":{"name":"Ivanha AIT GOUGAN","@id":"https:\/\/master-crdm.parisnanterre.fr\/blacksheep\/#\/schema\/person\/5fa00def1070a27c834e3eb344009cf1"},"headline":"Rachat de l\u2019ESJ : vers la mort du journalisme ?","datePublished":"2025-01-27T10:07:31+00:00","dateModified":"2025-02-10T09:22:15+00:00","mainEntityOfPage":{"@id":"https:\/\/master-crdm.parisnanterre.fr\/blacksheep\/rachat-de-lesj-vers-la-mort-du-journalisme\/"},"wordCount":485,"publisher":{"@id":"https:\/\/master-crdm.parisnanterre.fr\/blacksheep\/#organization"},"image":{"@id":"https:\/\/master-crdm.parisnanterre.fr\/blacksheep\/rachat-de-lesj-vers-la-mort-du-journalisme\/#primaryimage"},"thumbnailUrl":"https:\/\/master-crdm.parisnanterre.fr\/blacksheep\/wp-content\/uploads\/2025\/01\/pexels-karolina-grabowska-5993623-scaled.jpg","articleSection":["\u00c9dition 2025","M\u00e9dias"],"inLanguage":"fr-FR"},{"@type":"WebPage","@id":"https:\/\/master-crdm.parisnanterre.fr\/blacksheep\/rachat-de-lesj-vers-la-mort-du-journalisme\/","url":"https:\/\/master-crdm.parisnanterre.fr\/blacksheep\/rachat-de-lesj-vers-la-mort-du-journalisme\/","name":"Rachat de l\u2019ESJ : vers la mort du journalisme ? - Black Sheep","isPartOf":{"@id":"https:\/\/master-crdm.parisnanterre.fr\/blacksheep\/#website"},"primaryImageOfPage":{"@id":"https:\/\/master-crdm.parisnanterre.fr\/blacksheep\/rachat-de-lesj-vers-la-mort-du-journalisme\/#primaryimage"},"image":{"@id":"https:\/\/master-crdm.parisnanterre.fr\/blacksheep\/rachat-de-lesj-vers-la-mort-du-journalisme\/#primaryimage"},"thumbnailUrl":"https:\/\/master-crdm.parisnanterre.fr\/blacksheep\/wp-content\/uploads\/2025\/01\/pexels-karolina-grabowska-5993623-scaled.jpg","datePublished":"2025-01-27T10:07:31+00:00","dateModified":"2025-02-10T09:22:15+00:00","breadcrumb":{"@id":"https:\/\/master-crdm.parisnanterre.fr\/blacksheep\/rachat-de-lesj-vers-la-mort-du-journalisme\/#breadcrumb"},"inLanguage":"fr-FR","potentialAction":[{"@type":"ReadAction","target":["https:\/\/master-crdm.parisnanterre.fr\/blacksheep\/rachat-de-lesj-vers-la-mort-du-journalisme\/"]}]},{"@type":"ImageObject","inLanguage":"fr-FR","@id":"https:\/\/master-crdm.parisnanterre.fr\/blacksheep\/rachat-de-lesj-vers-la-mort-du-journalisme\/#primaryimage","url":"https:\/\/master-crdm.parisnanterre.fr\/blacksheep\/wp-content\/uploads\/2025\/01\/pexels-karolina-grabowska-5993623-scaled.jpg","contentUrl":"https:\/\/master-crdm.parisnanterre.fr\/blacksheep\/wp-content\/uploads\/2025\/01\/pexels-karolina-grabowska-5993623-scaled.jpg","width":2560,"height":1707,"caption":"\"No risk no story\" | Pexels"},{"@type":"BreadcrumbList","@id":"https:\/\/master-crdm.parisnanterre.fr\/blacksheep\/rachat-de-lesj-vers-la-mort-du-journalisme\/#breadcrumb","itemListElement":[{"@type":"ListItem","position":1,"name":"Home","item":"https:\/\/master-crdm.parisnanterre.fr\/blacksheep\/"},{"@type":"ListItem","position":2,"name":"Rachat de l\u2019ESJ : vers la mort du journalisme ?"}]},{"@type":"WebSite","@id":"https:\/\/master-crdm.parisnanterre.fr\/blacksheep\/#website","url":"https:\/\/master-crdm.parisnanterre.fr\/blacksheep\/","name":"Black Sheep","description":"Le magazine du master CRDM","publisher":{"@id":"https:\/\/master-crdm.parisnanterre.fr\/blacksheep\/#organization"},"potentialAction":[{"@type":"SearchAction","target":{"@type":"EntryPoint","urlTemplate":"https:\/\/master-crdm.parisnanterre.fr\/blacksheep\/?s={search_term_string}"},"query-input":{"@type":"PropertyValueSpecification","valueRequired":true,"valueName":"search_term_string"}}],"inLanguage":"fr-FR"},{"@type":"Organization","@id":"https:\/\/master-crdm.parisnanterre.fr\/blacksheep\/#organization","name":"Black Sheep","url":"https:\/\/master-crdm.parisnanterre.fr\/blacksheep\/","logo":{"@type":"ImageObject","inLanguage":"fr-FR","@id":"https:\/\/master-crdm.parisnanterre.fr\/blacksheep\/#\/schema\/logo\/image\/","url":"https:\/\/master-crdm.parisnanterre.fr\/blacksheep\/wp-content\/uploads\/2024\/01\/LOGO-BLACK-RECTANGLE.png","contentUrl":"https:\/\/master-crdm.parisnanterre.fr\/blacksheep\/wp-content\/uploads\/2024\/01\/LOGO-BLACK-RECTANGLE.png","width":500,"height":330,"caption":"Black Sheep"},"image":{"@id":"https:\/\/master-crdm.parisnanterre.fr\/blacksheep\/#\/schema\/logo\/image\/"}},{"@type":"Person","@id":"https:\/\/master-crdm.parisnanterre.fr\/blacksheep\/#\/schema\/person\/5fa00def1070a27c834e3eb344009cf1","name":"Ivanha AIT GOUGAN","image":{"@type":"ImageObject","inLanguage":"fr-FR","@id":"https:\/\/master-crdm.parisnanterre.fr\/blacksheep\/#\/schema\/person\/image\/","url":"https:\/\/secure.gravatar.com\/avatar\/c96d4fa07b65e7958d603acc7d6ea195f5348b7706724aade40260dafc06d10d?s=96&d=mm&r=g","contentUrl":"https:\/\/secure.gravatar.com\/avatar\/c96d4fa07b65e7958d603acc7d6ea195f5348b7706724aade40260dafc06d10d?s=96&d=mm&r=g","caption":"Ivanha AIT GOUGAN"},"url":"https:\/\/master-crdm.parisnanterre.fr\/blacksheep\/author\/ivanha\/"}]}},"_links":{"self":[{"href":"https:\/\/master-crdm.parisnanterre.fr\/blacksheep\/wp-json\/wp\/v2\/posts\/1163","targetHints":{"allow":["GET"]}}],"collection":[{"href":"https:\/\/master-crdm.parisnanterre.fr\/blacksheep\/wp-json\/wp\/v2\/posts"}],"about":[{"href":"https:\/\/master-crdm.parisnanterre.fr\/blacksheep\/wp-json\/wp\/v2\/types\/post"}],"author":[{"embeddable":true,"href":"https:\/\/master-crdm.parisnanterre.fr\/blacksheep\/wp-json\/wp\/v2\/users\/8"}],"replies":[{"embeddable":true,"href":"https:\/\/master-crdm.parisnanterre.fr\/blacksheep\/wp-json\/wp\/v2\/comments?post=1163"}],"version-history":[{"count":10,"href":"https:\/\/master-crdm.parisnanterre.fr\/blacksheep\/wp-json\/wp\/v2\/posts\/1163\/revisions"}],"predecessor-version":[{"id":1480,"href":"https:\/\/master-crdm.parisnanterre.fr\/blacksheep\/wp-json\/wp\/v2\/posts\/1163\/revisions\/1480"}],"wp:featuredmedia":[{"embeddable":true,"href":"https:\/\/master-crdm.parisnanterre.fr\/blacksheep\/wp-json\/wp\/v2\/media\/1268"}],"wp:attachment":[{"href":"https:\/\/master-crdm.parisnanterre.fr\/blacksheep\/wp-json\/wp\/v2\/media?parent=1163"}],"wp:term":[{"taxonomy":"category","embeddable":true,"href":"https:\/\/master-crdm.parisnanterre.fr\/blacksheep\/wp-json\/wp\/v2\/categories?post=1163"},{"taxonomy":"post_tag","embeddable":true,"href":"https:\/\/master-crdm.parisnanterre.fr\/blacksheep\/wp-json\/wp\/v2\/tags?post=1163"}],"curies":[{"name":"wp","href":"https:\/\/api.w.org\/{rel}","templated":true}]}}